{"id":101717,"date":"2026-03-12T04:32:12","date_gmt":"2026-03-12T03:32:12","guid":{"rendered":"https:\/\/www.infokuryr.cz\/n\/?p=101717"},"modified":"2026-03-12T04:32:12","modified_gmt":"2026-03-12T03:32:12","slug":"ukrajina-utoci-na-rusky-plynovod-aby-zastavila-dodavky-do-evropy","status":"publish","type":"post","link":"https:\/\/www.infokuryr.cz\/n\/2026\/03\/12\/ukrajina-utoci-na-rusky-plynovod-aby-zastavila-dodavky-do-evropy\/","title":{"rendered":"Ukrajina \u00fato\u010d\u00ed na rusk\u00fd plynovod, aby zastavila dod\u00e1vky do Evropy"},"content":{"rendered":"<div id=\"fb-root\"><\/div>\n<h3>Gazprom hl\u00e1sil \u00fatoky dron\u016f na infrastrukturu plynovodu TurkStream v Krasnodarsk\u00e9m kraji<\/h3>\n<p><span dir=\"auto\">Kyjev \u00famysln\u011b \u00fato\u010d\u00ed na infrastrukturu plynovodu TurkStream ve snaze zastavit dod\u00e1vky evropsk\u00fdm spot\u0159ebitel\u016fm, uvedlo ve st\u0159edu rusk\u00e9 ministerstvo obrany.<\/span><\/p>\n<p><span dir=\"auto\">Toto prohl\u00e1\u0161en\u00ed p\u0159ich\u00e1z\u00ed pot\u00e9, co provozovatel plynovodu Gazprom ve st\u0159edu ozn\u00e1mil, \u017ee kompresorov\u00e1 stanice Rusk\u00e1 v ji\u017en\u00edm Krasnodarsk\u00e9m kraji, kter\u00e1 slou\u017e\u00ed jako v\u00fdchoz\u00ed bod pro dod\u00e1vky plynu p\u0159es TurkStream, byla v noci pod \u00fatokem.<\/span><\/p>\n<p><span dir=\"auto\">Spole\u010dnost uvedla, \u017ee den p\u0159edt\u00edm byly ter\u010dem \u00fatok\u016f tak\u00e9 kompresorov\u00e9 stanice Beregovaja a Kaza\u010dja, a dodala, \u017ee jej\u00ed za\u0159\u00edzen\u00ed v ji\u017en\u00edm Rusku byla v posledn\u00edch dvou t\u00fddnech napadena dvan\u00e1ctkr\u00e1t.<\/span><\/p>\n<p><span dir=\"auto\">Ministerstvo obrany ve st\u0159edu \u00fatoky potvrdilo s t\u00edm, \u017ee\u00a0<\/span><em><span dir=\"auto\">\u201ekyjevsk\u00fd re\u017eim, aby zastavil dod\u00e1vky plynu evropsk\u00fdm spot\u0159ebitel\u016fm, zah\u00e1jil dal\u0161\u00ed \u00fatok s vyu\u017eit\u00edm \u00fato\u010dn\u00fdch bezpilotn\u00edch letoun\u016f na infrastrukturu kompresorov\u00e9 stanice Rusk\u00e1.\u201c<\/span><\/em><\/p>\n<p><span dir=\"auto\">Ministerstvo uvedlo, \u017ee rusk\u00e9 syst\u00e9my protivzdu\u0161n\u00e9 obrany sest\u0159elily ve vzdu\u0161n\u00e9m prostoru soused\u00edc\u00edm se stanic\u00ed \u010dty\u0159i ukrajinsk\u00e9 drony, dal\u0161\u00ed dva zachytily st\u00edhac\u00ed letouny a t\u0159i zni\u010dily mobiln\u00ed palebn\u00e9 t\u00fdmy.<\/span><\/p>\n<p><span dir=\"auto\">TurkStream p\u0159epravuje rusk\u00fd plyn do Turecka p\u0159es \u010cern\u00e9 mo\u0159e, p\u0159i\u010dem\u017e jedna v\u011btev je ur\u010dena pro tureck\u00fd trh a druh\u00e1 z\u00e1sobuje zem\u011b v ji\u017en\u00ed a jihov\u00fdchodn\u00ed Evrop\u011b.<\/span><\/p>\n<p><span dir=\"auto\">Prezident Vladimir Putin minul\u00fd m\u011bs\u00edc prohl\u00e1sil, \u017ee Rusko si je v\u011bdomo pl\u00e1n\u016f na \u00fatok na plynovody TurkStream a Blue Stream, kter\u00e9 proch\u00e1zej\u00ed \u010cern\u00fdm mo\u0159em, a dodal, \u017ee c\u00edlem je ohrozit m\u00edrov\u00fd proces k ukon\u010den\u00ed konfliktu na Ukrajin\u011b.<\/span><\/p>\n<p><span dir=\"auto\">Putin ve\u0159ejn\u011b nep\u0159ipsal \u00fadajn\u00e9 spiknut\u00ed \u017e\u00e1dn\u00e9 konkr\u00e9tn\u00ed stran\u011b a uvedl, \u017ee bude projedn\u00e1no za zav\u0159en\u00fdmi dve\u0159mi s radou Feder\u00e1ln\u00ed bezpe\u010dnostn\u00ed slu\u017eby (FSB).<\/span><\/p>\n<p><span dir=\"auto\">V \u0159\u00edjnu \u0161\u00e9f FSB Alexandr Bortnikov varoval, \u017ee Ukrajina a Spojen\u00e9 kr\u00e1lovstv\u00ed spole\u010dn\u011b p\u0159ipravuj\u00ed \u00fatok na TurkStream.<\/span><\/p>\n<p><span dir=\"auto\">Plynov\u00e1 a ropn\u00e1 infrastruktura v \u010cern\u00e9m mo\u0159i se opakovan\u011b stala ter\u010dem ukrajinsk\u00fdch \u00fatok\u016f v r\u00e1mci konfliktu mezi Ruskem a Ukrajinou. \u00datoky zahrnovaly \u00fatoky dron\u016f s dlouh\u00fdm doletem na r\u016fzn\u00e1 za\u0159\u00edzen\u00ed na pevnin\u011b, jako\u017e i opakovan\u00e9 pokusy zam\u011b\u0159it se na rusk\u00e1 n\u00e1mo\u0159n\u00ed plavidla hl\u00eddkuj\u00edc\u00ed v oblasti ropovod\u016f pomoc\u00ed n\u00e1mo\u0159n\u00edch dron\u016f.<\/span><\/p>\n<p><span dir=\"auto\">Mluv\u010d\u00ed Kremlu Dmitrij Peskov reagoval na \u00fatok s t\u00edm, \u017ee zd\u016fraz\u0148uje\u00a0<\/span><em><span dir=\"auto\">\u201eskute\u010dnou povahu a podstatu kyjevsk\u00e9ho re\u017eimu\u201c a<\/span><\/em><span dir=\"auto\">\u00a0ozna\u010dil \u00fatoky za\u00a0<\/span><em><span dir=\"auto\">\u201eobzvl\u00e1\u0161t\u011b nezodpov\u011bdn\u00e9 na pozad\u00ed glob\u00e1ln\u00ed energetick\u00e9 krize, kter\u00e1 se den ode dne schyluje\u201c.<\/span><\/em><\/p>\n<p><img decoding=\"async\" loading=\"lazy\" class=\"alignnone size-full wp-image-1185\" src=\"http:\/\/www.infokuryr.cz\/n\/wp-content\/uploads\/2021\/04\/kuryr-podpis.png\" alt=\"\" width=\"84\" height=\"24\" \/><\/p>\n<p>&nbsp;<\/p>\n","protected":false},"excerpt":{"rendered":"<p>Gazprom hl\u00e1sil \u00fatoky dron\u016f na infrastrukturu plynovodu TurkStream v Krasnodarsk\u00e9m kraji Kyjev \u00famysln\u011b \u00fato\u010d\u00ed na&#8230;<\/p>\n","protected":false},"author":2,"featured_media":69382,"comment_status":"closed","ping_status":"closed","sticky":false,"template":"","format":"standard","meta":[],"categories":[7],"tags":[215,26,1863],"_links":{"self":[{"href":"https:\/\/www.infokuryr.cz\/n\/wp-json\/wp\/v2\/posts\/101717"}],"collection":[{"href":"https:\/\/www.infokuryr.cz\/n\/wp-json\/wp\/v2\/posts"}],"about":[{"href":"https:\/\/www.infokuryr.cz\/n\/wp-json\/wp\/v2\/types\/post"}],"author":[{"embeddable":true,"href":"https:\/\/www.infokuryr.cz\/n\/wp-json\/wp\/v2\/users\/2"}],"replies":[{"embeddable":true,"href":"https:\/\/www.infokuryr.cz\/n\/wp-json\/wp\/v2\/comments?post=101717"}],"version-history":[{"count":0,"href":"https:\/\/www.infokuryr.cz\/n\/wp-json\/wp\/v2\/posts\/101717\/revisions"}],"wp:featuredmedia":[{"embeddable":true,"href":"https:\/\/www.infokuryr.cz\/n\/wp-json\/wp\/v2\/media\/69382"}],"wp:attachment":[{"href":"https:\/\/www.infokuryr.cz\/n\/wp-json\/wp\/v2\/media?parent=101717"}],"wp:term":[{"taxonomy":"category","embeddable":true,"href":"https:\/\/www.infokuryr.cz\/n\/wp-json\/wp\/v2\/categories?post=101717"},{"taxonomy":"post_tag","embeddable":true,"href":"https:\/\/www.infokuryr.cz\/n\/wp-json\/wp\/v2\/tags?post=101717"}],"curies":[{"name":"wp","href":"https:\/\/api.w.org\/{rel}","templated":true}]}}