{"id":10171,"date":"2022-05-02T03:24:56","date_gmt":"2022-05-02T01:24:56","guid":{"rendered":"http:\/\/www.infokuryr.cz\/n\/?p=10171"},"modified":"2022-05-02T03:24:56","modified_gmt":"2022-05-02T01:24:56","slug":"nedelnik-adama-b-bartose-85-petre-vite-jano-aneb-soukroma-valka-pana-hnupa","status":"publish","type":"post","link":"https:\/\/www.infokuryr.cz\/n\/2022\/05\/02\/nedelnik-adama-b-bartose-85-petre-vite-jano-aneb-soukroma-valka-pana-hnupa\/","title":{"rendered":"NED\u011aLN\u00cdK ADAMA B. BARTO\u0160E (85): PET\u0158E, V\u00cdTE, JANO! ANEB SOUKROM\u00c1 V\u00c1LKA PANA H\u0147UPA"},"content":{"rendered":"<div id=\"fb-root\"><\/div>\n<div class=\"entry-content\">\n<p>P\u011bknou prvom\u00e1jovou ned\u011bli. V\u0161echno to hrozn\u011b let\u00ed \u2013 ned\u00e1vno bylo 1. dubna (apr\u00edl), p\u0159ed chv\u00edl\u00ed jsme prosvi\u0161t\u011bli Velikonocemi, ani\u017e bychom si toho t\u00e9m\u011b\u0159 stihli v\u0161imnout a dnes tu m\u00e1me l\u00e1sky \u010das a sv\u00e1tek pr\u00e1ce. A za t\u00fdden osvobozen\u00ed, ale to se letos nesm\u00ed p\u0159ipom\u00ednat (jenom to plze\u0148sk\u00e9). Tak\u017ee t\u00edmto tempem jsme brzy v pr\u00e1zdnin\u00e1ch. Cht\u011blo by to trochu zpomalit a u\u017e\u00edvat si jaro, dokud je \u2013 a hlavn\u011b teplo, dokud je. Proto\u017ee na podzim nikdo nev\u00ed, co bude.<span id=\"more-13017\"><\/span><\/p>\n<p>Tipoval bych, \u017ee na podzim n\u00e1s \u010dek\u00e1 covid, \u201evylep\u0161en\u00e9\u201c vakc\u00edny a \u00fadajn\u011b \u201epln\u00e9\u201c z\u00e1sobn\u00edky plynu. Vl\u00e1da se tv\u00e1\u0159\u00ed, jako \u017ee je \u201ebest in gas\u201c. Nic pro ni nen\u00ed probl\u00e9m. Rusko vyp\u00edn\u00e1 plyn jedn\u00e9 zemi po druh\u00e9, ale \u010cesk\u00e1 republika sebev\u011bdom\u011b v\u00e1l\u010d\u00ed proti Putinovi a \u201epln\u00ed sv\u00e9 z\u00e1sobn\u00edky\u201c. Zn\u00e1te ten film<em>\u00a0Soukrom\u00e1 v\u00e1lka pana Wilsona<\/em>? Tak\u00e9 jsme v takov\u00e9 soukrom\u00e9 v\u00e1lce, kterou vede jak\u00fdsi pan Fiala proti Rusku. I zde jde o dod\u00e1vky zbran\u00ed, i zde jde o z\u00e1stupnou v\u00e1lku (v osmdes\u00e1t\u00fdch letech, o kter\u00fdch film pojedn\u00e1v\u00e1, to byl Afgh\u00e1nist\u00e1n, dnes Ukrajina), i dnes jde o to \u2013 utahat Sov\u011btsk\u00fd svaz \/ Rusko vlekl\u00fdm konfliktem, za \u010d\u00edm\u017e \u00fa\u010delem Z\u00e1pad vyzbrojuje tehdy Talib\u00e1nce \/ dnes Azov\u00e1ky.<\/p>\n<p>Jen\u017ee to, co Z\u00e1padu tehdy vy\u0161lo, podruh\u00e9 vyj\u00edt nemus\u00ed. Zat\u00edm to toti\u017e nevypad\u00e1 na to, \u017ee by Rusko prohr\u00e1valo, i kdy\u017e se n\u00e1m m\u00e9dia sna\u017e\u00ed stokr\u00e1t denn\u011b natla\u010dit do hlav, \u017ee tomu tak je. A t\u00edm, kdo neust\u00e1le pos\u00edl\u00e1 dal\u0161\u00ed a dal\u0161\u00ed zbran\u011b, kter\u00e9 p\u0159itom miz\u00ed v jak\u00fdchsi \u010dern\u00fdch d\u00edr\u00e1ch nebo je Rusov\u00e9 hned za\u010derstva rozst\u0159\u00edl\u00ed na cimpr-campr-Cemper, je Z\u00e1pad. Sp\u00ed\u0161e to vypad\u00e1, \u017ee to je tentokr\u00e1t Rusko, kdo uzbroj\u00ed \u2013 kdy\u017e ne Z\u00e1pad jako takov\u00fd \u2013 alespo\u0148 n\u011bkter\u00e9 jeho vazalsk\u00e9 st\u00e1ty, \u010dlensk\u00e9 st\u00e1ty NATO. Nap\u0159\u00edklad takov\u00ed Slov\u00e1ci p\u0159i\u0161li \u2013 podle zpr\u00e1v na alternativ\u011b \u2013 o sv\u00e9 S-300 a te\u010f nemaj\u00ed \u017e\u00e1dnou protivzdu\u0161nou obranu, tak\u017ee dokonce u\u017e jednaj\u00ed i s n\u00e1mi, \u017ee je jako my budeme \u00fadajn\u011b chr\u00e1nit. Na\u0161imi \u010dty\u0159mi pronajat\u00fdmi gripeny nebo \u010d\u00edm? Nen\u00ed mi to jasn\u00e9. V\u016fbec je vtipn\u00e9, \u017ee Ameri\u010dan\u00e9 donutili Slov\u00e1ky poslat na Ukrajinu PVO syst\u00e9m rusk\u00e9 v\u00fdroby, kter\u00fd je mnohem kvalitn\u011bj\u0161\u00ed, ne\u017e Patriot. A dostanou za to pr\u00e1v\u011b jen Patriot, \u010dili si p\u011bkn\u011b pohor\u0161\u00ed. Pro\u010d NATO nebojuje sv\u00fdmi, z\u00e1padn\u00edmi, zbran\u011bmi? \u017de by byly m\u00e9n\u011b kvalitn\u00ed? Pro\u010d jim rovnou nepodstr\u010dili Patrioty? Asi v\u011bd\u011bli, \u017ee S-300 je \u00fa\u010dinn\u011bj\u0161\u00ed. Ale pouze, kdy\u017e je v kuse. Ne, kdy\u017e z n\u00ed Rusov\u00e9 ud\u011blaj\u00ed hromady plechu. Ale to jsem odbo\u010dil.<\/p>\n<p>V\u016fbec je zaj\u00edmav\u00e9, jak Z\u00e1padu nevych\u00e1z\u00ed ani jeho propaganda. U\u017e dva m\u011bs\u00edce n\u00e1s mas\u00edruj\u00ed, jac\u00ed jsou Rusov\u00e9 ubo\u017e\u00e1ci, jak prohr\u00e1vaj\u00ed, jak jsou slab\u00ed, jak jim nic nevych\u00e1z\u00ed, jak brzy skon\u010d\u00ed, jak to ned\u00e1vaj\u00ed, jak jsou voj\u00e1ci neschopn\u00ed a demoralizovan\u00ed, Putin bl\u00e1zen a nemocn\u00fd, a p\u0159itom Ukrajina p\u0159ich\u00e1z\u00ed o jedno m\u011bsto za druh\u00fdm. Tak prohr\u00e1vaj\u00ed Rusov\u00e9, nebo v\u00edt\u011bz\u00ed? Stejn\u00e9 je to s ruskou ekonomikou \u2013 dva m\u011bs\u00edce do n\u00e1s perou horem dolem, \u017ee Rusko krachuje, a pokud nekrachuje dnes, \u017ee m\u00e1 zkrachovat z\u00edtra, zkr\u00e1tka ka\u017ed\u00fdm dnem \u010di dokonce ka\u017edou hodinou. Ka\u017ed\u00fd den \u010dteme o tom, \u017ee Rusko je na dn\u011b, zu grunt, hotovo, vymalov\u00e1no, krach, konec, fertig, finito, ja, nat\u00fcrlich \u2013 a p\u0159itom je rubl siln\u011bj\u0161\u00ed ne\u017e p\u0159ed invaz\u00ed na Ukrajinu. Tak jak to tedy je? Pad\u00e1 rusk\u00e1 ekonomika strm\u011b dol\u016f, nebo naopak roste? Kde je tedy pravda? Na ministerstvu pravdy u\u017e nev\u00ed, co d\u011blat, n\u011bjak jim to nevych\u00e1z\u00ed. Ale to jsem tak\u00e9 odbo\u010dil\u2026<\/p>\n<p>Zp\u00e1tky k t\u00e9 soukrom\u00e9 v\u00e1lce. V\u0161ichni jsme toti\u017e ob\u011bt\u00ed nebo sp\u00ed\u0161e rukojm\u00edmi soukrom\u00e9 v\u00e1lky pana Fialy. Jeho velkohub\u00e1 prohl\u00e1\u0161en\u00ed o tom, \u017ee je t\u0159eba zastavit Putina za ka\u017edou cenu a v\u0161echna ta jedn\u00e1n\u00ed v Polsku o \u010demsi, co n\u00e1m vl\u00e1da taj\u00ed, vedou jenom k tomu, \u017ee u n\u00e1s v\u0161e raketov\u011b zdra\u017euje, lid\u00e9 se boj\u00ed m\u00edt vlastn\u00ed n\u00e1zor (neb Velk\u00fd bratr St\u0159\u00ed\u017e se ost\u0159\u00ed\u017e\u00edm zrakem d\u00edv\u00e1, nebo sp\u00ed\u0161e \u0161m\u00edruje), ale hlavn\u011b \u2013 odst\u0159ih\u00e1v\u00e1me se od rusk\u00e9ho plynu, ani\u017e bychom m\u011bli alternativu, co\u017e je bl\u00e1znovstv\u00ed nad bl\u00e1znovstv\u00ed. To v\u0161e v situaci, kdy je zde o n\u011bjak\u00fdch \u010dty\u0159i sta tis\u00edc hladov\u00fdch krk\u016f, kter\u00e9 sem vl\u00e1da natahala, v\u00edc. A co kdy\u017e jich bude k milionu? I ti si budou cht\u00edt v zim\u011b zatopit\u2026 Tak\u017ee opakuji \u2013 a to je z\u00e1kladn\u00ed tez\u00ed m\u00e9ho dne\u0161n\u00edho ned\u011bln\u00edku \u2013 jsme rukojm\u00edm h\u0148upovy vl\u00e1dy, kter\u00e1 se p\u0159itom zbab\u011ble schov\u00e1v\u00e1 za n\u00e1s, podobn\u011b jako se ukrajin\u0161t\u00ed voj\u00e1ci schov\u00e1vaj\u00ed za civilisty. M\u00edsto aby si premi\u00e9r sv\u016fj komplex vy\u0159e\u0161il s\u00e1m a se sv\u00fdm probl\u00e9mem, kter\u00fd s Putinem m\u00e1, neobt\u011b\u017eoval deset milion\u016f ob\u010dan\u016f, zatahuje do sv\u00e9 soukrom\u00e9 v\u00e1lky cel\u00fd n\u00e1rod a mysl\u00ed si, \u017ee Rusko bude br\u00e1t na n\u00e1s, civilisty, ohledy. \u017de si m\u016f\u017ee provokovat Rusko a sp\u00edlat mu, ani\u017e by to \u010desk\u00fd st\u00e1t odnesl. Jak jsem \u0159ekl, \u010dir\u00e9 bl\u00e1znovstv\u00ed. Jestli takov\u00e9 mozky u\u010d\u00ed na Masarykov\u011b univerzit\u011b v Brn\u011b, tak pot\u011b\u0161 ko\u0161t\u011b. Politolog jak \u0159emen. Na p\u0159\u00edkladu Polska a Bulharska vid\u00edme v p\u0159\u00edm\u00e9m p\u0159enosu, \u017ee Rusko ohledy nebere a v\u016fbec se nebude rozpakovat zav\u0159\u00edt kohouty ka\u017ed\u00e9mu, kdo se vm\u011b\u0161uje do jeho z\u00e1le\u017eitost\u00ed.<\/p>\n<p>Aby to bylo je\u0161t\u011b komplikovan\u011bj\u0161\u00ed, od 1. \u010dervence zase p\u0159edsed\u00e1me Rad\u011b EU, co\u017e bude op\u011bt dal\u0161\u00ed voda na ml\u00fdn h\u0148upova ega. Bude se naparovat p\u0159ed celou Evropou, jak to tomu Putinovi nand\u00e1me \u2013 a \u010desk\u00fd postoj \u201ejest\u0159\u00e1ba\u201c bude cht\u00edt vnutit i cel\u00e9 Evrop\u011b. M\u00edsto, aby \u0161el do sebe a \u0159e\u0161il probl\u00e9my na\u0161\u00ed zem\u011b, bude zase \u0159e\u0161it probl\u00e9my sv\u011bta.<\/p>\n<p>Kouzlo necht\u011bn\u00e9ho je to, \u017ee p\u0159i prvn\u00edm p\u0159edsednictv\u00ed (to byl tehdy premi\u00e9rem Topol\u00e1nek), \u0161lo tak\u00e9 o plyn. Pamatujete? Gas a Gaza. Te\u010f je to Gas a Ukraj\u00edna. A i ten plyn se tehdy t\u00fdkal rusko-ukrajinsk\u00fdch spor\u016f. Jen\u017ee v t\u00e9 dob\u011b aspo\u0148 Topol\u00e1nek s Putinem vyjedn\u00e1val jak\u017e tak\u017e na \u00farovni, alespo\u0148 pokud si pamatuji. Dnes ministr vnitra debatuje s mal\u00fdmi d\u011btmi o atent\u00e1tu na Putina. Za to asi rusk\u00fd plyn nedostaneme. A co americk\u00fd? Daj\u00ed n\u00e1m za to Ameri\u010dan\u00e9 slevu na sv\u016fj p\u0159edra\u017een\u00fd plyn, kter\u00fd nakoup\u00ed z Ruska? Za to, jak se chlap\u00e1cky obouv\u00e1me do Putina, zat\u00edmco i Biden se dr\u017e\u00ed p\u0159i zemi a kdy\u017e mu n\u011bco uklouzne (co\u017e se Bidenovi st\u00e1v\u00e1 \u010dasto, jsa t\u011b\u017ece dementn\u00edm), hned to za\u010derstva \u017eehl\u00ed? Premi\u00e9r by m\u011bl m\u00edrnit, proto\u017ee \u017e\u00e1dn\u00fd strom neroste do nebe, ani topol. Nato\u017e fialka\u2026<\/p>\n<p>Nezapom\u00ednejme na to, \u017ee uprost\u0159ed v\u0161\u00ed t\u00e9 \u201esl\u00e1vy\u201c, kterou Topol\u00e1nek na evropsk\u00e9 \u00farovni skl\u00edzel, mu doma mezit\u00edm padla vl\u00e1da, kter\u00e9 byla na popud Hradu vyslovena ned\u016fv\u011bra. A\u017e se zase h\u0148up bude naparovat p\u0159i sv\u00e9m p\u0159edsednictv\u00ed EU, kter\u00e9 bude trvat a\u017e do konce roku, v\u016fbec bych se nedivil, kdyby i jeho vl\u00e1da na podzim byla smetena \u2013 vysloven\u00edm ned\u016fv\u011bry, ale t\u0159eba i lidov\u00fdm hn\u011bvem, a\u017e n\u00e1m nebudou t\u0159i svetry sta\u010dit a pen\u011b\u017eenka bude pr\u00e1zdn\u00e1 stejn\u011b jako n\u00e1dr\u017e automobilu a n\u00e1kupn\u00ed ko\u0161\u00edk. To bude, pane\u010dku, teprv j\u00edzda.<\/p>\n<p>Tak\u017ee i h\u0148up by si m\u011bl u\u017e\u00edvat jara a tepla, dokud je. Proto\u017ee na podzim m\u016f\u017ee b\u00fdt v\u0161e \u00fapln\u011b jinak\u2026<\/p>\n<p>Hynku, Vil\u00e9me, Jarmilo! \u010cest pr\u00e1ci!<\/p>\n<p><em>Adam B. Barto\u0161<\/em><br \/>\n<em>p\u0159edseda N\u00e1rodn\u00ed demokracie<\/em><\/p>\n<p><img decoding=\"async\" loading=\"lazy\" class=\"alignnone size-full wp-image-678\" src=\"http:\/\/www.infokuryr.cz\/n\/wp-content\/uploads\/2021\/04\/narodni_demokracie_logo.jpg\" alt=\"\" width=\"300\" height=\"85\" \/><\/p>\n<p>&nbsp;<\/p>\n<\/div>\n<div class=\"entry-utils group\">\n<p>&nbsp;<\/p>\n<\/div>\n","protected":false},"excerpt":{"rendered":"<p>P\u011bknou prvom\u00e1jovou ned\u011bli. V\u0161echno to hrozn\u011b let\u00ed \u2013 ned\u00e1vno bylo 1. dubna (apr\u00edl), p\u0159ed chv\u00edl\u00ed&#8230;<\/p>\n","protected":false},"author":2,"featured_media":10172,"comment_status":"closed","ping_status":"closed","sticky":false,"template":"","format":"standard","meta":[],"categories":[6],"tags":[367,29,535,122],"_links":{"self":[{"href":"https:\/\/www.infokuryr.cz\/n\/wp-json\/wp\/v2\/posts\/10171"}],"collection":[{"href":"https:\/\/www.infokuryr.cz\/n\/wp-json\/wp\/v2\/posts"}],"about":[{"href":"https:\/\/www.infokuryr.cz\/n\/wp-json\/wp\/v2\/types\/post"}],"author":[{"embeddable":true,"href":"https:\/\/www.infokuryr.cz\/n\/wp-json\/wp\/v2\/users\/2"}],"replies":[{"embeddable":true,"href":"https:\/\/www.infokuryr.cz\/n\/wp-json\/wp\/v2\/comments?post=10171"}],"version-history":[{"count":0,"href":"https:\/\/www.infokuryr.cz\/n\/wp-json\/wp\/v2\/posts\/10171\/revisions"}],"wp:featuredmedia":[{"embeddable":true,"href":"https:\/\/www.infokuryr.cz\/n\/wp-json\/wp\/v2\/media\/10172"}],"wp:attachment":[{"href":"https:\/\/www.infokuryr.cz\/n\/wp-json\/wp\/v2\/media?parent=10171"}],"wp:term":[{"taxonomy":"category","embeddable":true,"href":"https:\/\/www.infokuryr.cz\/n\/wp-json\/wp\/v2\/categories?post=10171"},{"taxonomy":"post_tag","embeddable":true,"href":"https:\/\/www.infokuryr.cz\/n\/wp-json\/wp\/v2\/tags?post=10171"}],"curies":[{"name":"wp","href":"https:\/\/api.w.org\/{rel}","templated":true}]}}