{"id":101698,"date":"2026-03-12T00:44:24","date_gmt":"2026-03-11T23:44:24","guid":{"rendered":"https:\/\/www.infokuryr.cz\/n\/?p=101698"},"modified":"2026-03-11T17:28:37","modified_gmt":"2026-03-11T16:28:37","slug":"trumpovi-poradci-pozaduji-aby-predlozil-plan-na-ukonceni-valky-proti-iranu","status":"publish","type":"post","link":"https:\/\/www.infokuryr.cz\/n\/2026\/03\/12\/trumpovi-poradci-pozaduji-aby-predlozil-plan-na-ukonceni-valky-proti-iranu\/","title":{"rendered":"Trumpovi poradci po\u017eaduj\u00ed, aby p\u0159edlo\u017eil pl\u00e1n na ukon\u010den\u00ed v\u00e1lky proti \u00cdr\u00e1nu"},"content":{"rendered":"<div id=\"fb-root\"><\/div>\n<p><strong><span dir=\"auto\">N\u011bkolik poradc\u016f americk\u00e9ho prezidenta Donalda Trumpa na n\u011bho soukrom\u011b nal\u00e9h\u00e1, \u200b\u200baby ve\u0159ejn\u011b p\u0159edstavil strategii pro ukon\u010den\u00ed masivn\u00ed a nevyprovokovan\u00e9 vojensk\u00e9 agrese, kterou Spojen\u00e9 st\u00e1ty vedou po boku Izraele proti \u00cdr\u00e1nu.<\/span><\/strong><\/p>\n<p><span dir=\"auto\">List The\u00a0<\/span><em><span dir=\"auto\">Wall Street Journal<\/span><\/em><span dir=\"auto\">\u00a0s odvol\u00e1n\u00edm na anonymn\u00ed zdroje bl\u00edzk\u00e9 z\u00e1le\u017eitosti uv\u00e1d\u00ed, \u017ee tito poradci cht\u011bj\u00ed, aby Trump prohl\u00e1sil, \u017ee Washington v t\u00e9to v\u00e1lce proti \u00cdr\u00e1nu dos\u00e1hl velk\u00e9 \u010d\u00e1sti sv\u00fdch c\u00edl\u016f.<\/span><\/p>\n<p><span dir=\"auto\">\u010cl\u00e1nek dod\u00e1v\u00e1, \u017ee n\u011bkte\u0159\u00ed Trumpovi poradci ho tak\u00e9 varovali, \u017ee prodlou\u017een\u00e1 vojensk\u00e1 konfrontace by podkopala jeho podporu. Podle stejn\u00e9ho zdroje tito znepokojen\u00ed poradci obdr\u017eeli telefon\u00e1ty od republik\u00e1n\u016f zd\u011b\u0161en\u00fdch dopadem t\u011bchto nez\u00e1konn\u00fdch \u00fatok\u016f na nadch\u00e1zej\u00edc\u00ed volby v polovin\u011b volebn\u00edho obdob\u00ed.<\/span><\/p>\n<p><span dir=\"auto\">Americk\u00fd den\u00edk d\u00e1le upozor\u0148uje, \u017ee poradci pova\u017eovali za nezbytnou ambici\u00f3zn\u011bj\u0161\u00ed a ofenzivn\u011bj\u0161\u00ed strategii ve\u0159ejn\u00e9 komunikace, aby si v kontextu prudce rostouc\u00edch cen benzinu zajistili podporu ve\u0159ejnosti.<\/span><\/p>\n<p><span dir=\"auto\">Podle pr\u016fzkum\u016f ve\u0159ejn\u00e9ho m\u00edn\u011bn\u00ed je v\u011bt\u0161ina Ameri\u010dan\u016f proti v\u00e1lce proti \u00cdr\u00e1nu; n\u00e1zory se do zna\u010dn\u00e9 m\u00edry rozd\u011blily podle politick\u00fdch lini\u00ed.<\/span><\/p>\n<p><span dir=\"auto\">28. \u00fanora zah\u00e1jily Spojen\u00e9 st\u00e1ty a Izrael agresivn\u00ed v\u00e1lku proti \u00cdr\u00e1nu, b\u011bhem n\u00ed\u017e zabily v\u016fdce isl\u00e1msk\u00e9 revoluce ajatoll\u00e1ha Sejjida Al\u00edho Chamene\u00edho a vysok\u00e9 vojensk\u00e9 velitele jako mu\u010dedn\u00edky, zat\u00edmco prob\u00edhala nep\u0159\u00edm\u00e1 jedn\u00e1n\u00ed mezi Teher\u00e1nem a Washingtonem o \u00edr\u00e1nsk\u00e9m jadern\u00e9m programu.<\/span><\/p>\n<p><span dir=\"auto\">V r\u00e1mci sv\u00e9 legitimn\u00ed reakce \u00edr\u00e1nsk\u00e9 ozbrojen\u00e9 s\u00edly okam\u017eit\u011b zah\u00e1jily raketov\u00e9 a bezpilotn\u00ed \u00fatoky proti americk\u00fdm vojensk\u00fdm z\u00e1jm\u016fm v regionu a izraelsk\u00fdm pozic\u00edm na okupovan\u00fdch \u00fazem\u00edch.<\/span><\/p>\n<p><span dir=\"auto\">Po mu\u010dednick\u00e9 smrti ajatoll\u00e1ha Chamene\u00edho, kter\u00fd vedl \u00cdr\u00e1n 37 let od zmizen\u00ed zakladatele Isl\u00e1msk\u00e9 republiky im\u00e1ma Chomejn\u00edho v roce 1989, zvolilo Shrom\u00e1\u017ed\u011bn\u00ed expert\u016f jeho syna, ajatoll\u00e1ha Sejjida Mojt\u00e1bu Chamene\u00edho, t\u0159et\u00edm v\u016fdcem isl\u00e1msk\u00e9 revoluce.<\/span><\/p>\n<p><span dir=\"auto\">Zdroj:\u00a0<\/span><a title=\"\" href=\"https:\/\/french.presstv.ir\/Detail\/2026\/03\/10\/765197\/Les-conseillers-de-Trump-l%E2%80%99exigent-de-pr%C3%A9senter-un-plan-de-sortie-de-la-guerre-contre-l-Iran\" target=\"_blank\" rel=\"noopener\"><span dir=\"auto\">PressTV<\/span><\/a><\/p>\n<p>&nbsp;<\/p>\n","protected":false},"excerpt":{"rendered":"<p>N\u011bkolik poradc\u016f americk\u00e9ho prezidenta Donalda Trumpa na n\u011bho soukrom\u011b nal\u00e9h\u00e1, \u200b\u200baby ve\u0159ejn\u011b p\u0159edstavil strategii pro&#8230;<\/p>\n","protected":false},"author":2,"featured_media":101699,"comment_status":"closed","ping_status":"closed","sticky":false,"template":"","format":"standard","meta":[],"categories":[7],"tags":[38,4087,452,40],"_links":{"self":[{"href":"https:\/\/www.infokuryr.cz\/n\/wp-json\/wp\/v2\/posts\/101698"}],"collection":[{"href":"https:\/\/www.infokuryr.cz\/n\/wp-json\/wp\/v2\/posts"}],"about":[{"href":"https:\/\/www.infokuryr.cz\/n\/wp-json\/wp\/v2\/types\/post"}],"author":[{"embeddable":true,"href":"https:\/\/www.infokuryr.cz\/n\/wp-json\/wp\/v2\/users\/2"}],"replies":[{"embeddable":true,"href":"https:\/\/www.infokuryr.cz\/n\/wp-json\/wp\/v2\/comments?post=101698"}],"version-history":[{"count":0,"href":"https:\/\/www.infokuryr.cz\/n\/wp-json\/wp\/v2\/posts\/101698\/revisions"}],"wp:featuredmedia":[{"embeddable":true,"href":"https:\/\/www.infokuryr.cz\/n\/wp-json\/wp\/v2\/media\/101699"}],"wp:attachment":[{"href":"https:\/\/www.infokuryr.cz\/n\/wp-json\/wp\/v2\/media?parent=101698"}],"wp:term":[{"taxonomy":"category","embeddable":true,"href":"https:\/\/www.infokuryr.cz\/n\/wp-json\/wp\/v2\/categories?post=101698"},{"taxonomy":"post_tag","embeddable":true,"href":"https:\/\/www.infokuryr.cz\/n\/wp-json\/wp\/v2\/tags?post=101698"}],"curies":[{"name":"wp","href":"https:\/\/api.w.org\/{rel}","templated":true}]}}