{"id":101685,"date":"2026-03-12T00:38:02","date_gmt":"2026-03-11T23:38:02","guid":{"rendered":"https:\/\/www.infokuryr.cz\/n\/?p=101685"},"modified":"2026-03-11T16:41:30","modified_gmt":"2026-03-11T15:41:30","slug":"uderime-na-ne-az-budou-na-zemi-usa-a-izrael-bombarduji-iranske-skoly-a-nemocnice-bez-hloupych-pravidel-boje","status":"publish","type":"post","link":"https:\/\/www.infokuryr.cz\/n\/2026\/03\/12\/uderime-na-ne-az-budou-na-zemi-usa-a-izrael-bombarduji-iranske-skoly-a-nemocnice-bez-hloupych-pravidel-boje\/","title":{"rendered":"\u201eUde\u0159\u00edme na n\u011b, a\u017e budou na zemi\u201c: USA a Izrael bombarduj\u00ed \u00edr\u00e1nsk\u00e9 \u0161koly a nemocnice \u2013 bez \u201ehloup\u00fdch pravidel boje\u201c"},"content":{"rendered":"<div id=\"fb-root\"><\/div>\n<div class=\"elementor-element elementor-element-1fb4c2c elementor-widget elementor-widget-theme-post-content\" data-id=\"1fb4c2c\" data-element_type=\"widget\" data-e-type=\"widget\" data-widget_type=\"theme-post-content.default\">\n<div class=\"elementor-widget-container\">\n<p><strong><span dir=\"auto\">USA a Izrael bombardovaly v \u00cdr\u00e1nu b\u011bhem jednoho t\u00fddne 20 \u0161kol a 13 nemocnic. Ministr obrany Pete Hegzeth se chlubil, \u017ee rozpoutal \u201esmrt a zk\u00e1zu\u201c, aby zp\u016fsobil kolaps, bez \u201ehloup\u00fdch pravidel pro zapojen\u00ed\u201c.<\/span><\/strong><\/p>\n<p><span dir=\"auto\">Spojen\u00e9 st\u00e1ty a Izrael \u00famysln\u011b ni\u010d\u00ed civiln\u00ed oblasti v \u00cdr\u00e1nu brut\u00e1ln\u00edm bombardov\u00e1n\u00edm \u0161kol, nemocnic a obytn\u00fdch oblast\u00ed, a to nejen proto, aby zni\u010dily st\u00e1t, ale tak\u00e9 aby srazily na kolena samotnou \u00edr\u00e1nskou spole\u010dnost.<\/span><\/p>\n<p><span dir=\"auto\">Americk\u00fd ministr obrany\u00a0\u00a0<\/span><a href=\"https:\/\/www.war.gov\/News\/Transcripts\/Transcript\/Article\/4421037\/secretary-of-war-pete-hegseth-and-chairman-of-the-joint-chiefs-of-staff-gen-dan\/\"><u><span dir=\"auto\">Pete Hegseth popsal strategii sp\u00e1len\u00e9 zem\u011b\u00a0<\/span><\/u><\/a><span dir=\"auto\">\u00a0na\u00a0\u00a0<\/span><a href=\"https:\/\/www.youtube.com\/live\/Nh0IqKeAsWQ?si=pFOyuAsxFoE7NgRk&amp;t=192\"><u><span dir=\"auto\">tiskov\u00e9 konferenci v Pentagonu\u00a0<\/span><\/u><\/a><span dir=\"auto\">\u00a04. b\u0159ezna.<\/span><\/p>\n<p><span dir=\"auto\">\u201eTohle nikdy nem\u011bl b\u00fdt f\u00e9rov\u00fd boj a ani nen\u00ed. \u00dato\u010d\u00edme na n\u011b, kdy\u017e jsou na zemi, a p\u0159esn\u011b tak by to m\u011blo b\u00fdt,\u201c chlubil se Hegseth.<\/span><\/p>\n<p><span dir=\"auto\">S hrdost\u00ed dodal, \u017ee USA a Izrael na \u00cdr\u00e1n cel\u00fd den chrlily \u201esmrt a zk\u00e1zu z nebe\u201c.<\/span><\/p>\n<p><span dir=\"auto\">Hegseth poznamenal, \u017ee americk\u00e1 arm\u00e1da v prvn\u00edch \u010dty\u0159ech dnech v\u00e1lky proti \u00cdr\u00e1nu (p\u0159ezd\u00edvan\u00e9 operace Epic Fury) nasadila \u201edvojn\u00e1sobn\u00e9 mno\u017estv\u00ed leteck\u00e9 s\u00edly\u201c ne\u017e b\u011bhem \u201e\u0161okuj\u00edc\u00ed a \u00fa\u017easn\u00e9\u201c invaze do Ir\u00e1ku v roce 2003.<\/span><\/p>\n<p><span dir=\"auto\">Na dal\u0161\u00ed tiskov\u00e9 konferenci 2. b\u0159ezna\u00a0\u00a0<\/span><a href=\"https:\/\/www.war.gov\/News\/Transcripts\/Transcript\/Article\/4418959\/secretary-of-war-pete-hegseth-and-chairman-of-the-joint-chiefs-of-staff-gen-dan\/\"><u><span dir=\"auto\">americk\u00fd ministr v\u00e1lky odsoudil mezin\u00e1rodn\u00ed organizace,\u00a0<\/span><\/u><\/a><span dir=\"auto\">\u00a0jako je Organizace spojen\u00fdch n\u00e1rod\u016f, a prohl\u00e1sil: \u201eBez ohledu na to, co \u0159\u00edkaj\u00ed takzvan\u00e9 mezin\u00e1rodn\u00ed instituce, Amerika rozpout\u00e1 nejsmrteln\u011bj\u0161\u00ed a nejp\u0159esn\u011bj\u0161\u00ed leteckou v\u00e1le\u010dnou kampa\u0148 v historii.\u201c<\/span><\/p>\n<p><span dir=\"auto\">Hegseth se chlubil, \u017ee USA bojuj\u00ed bez \u201ehloup\u00fdch pravidel zapojen\u00ed\u201c. Podle n\u011bj Pentagon \u00famysln\u011b \u00fato\u010d\u00ed na civiln\u00ed oblasti a ignoruje pravidla v\u00e1lky.<\/span><\/p>\n<figure class=\"wp-block-embed is-type-video is-provider-youtube wp-block-embed-youtube wp-embed-aspect-16-9 wp-has-aspect-ratio\">\n<div class=\"wp-block-embed__wrapper\"><iframe loading=\"lazy\" title=\"Pro\u010d USA a Izrael bombarduj\u00ed \u0161koly a nemocnice v \u00cdr\u00e1nu? Cht\u011bj\u00ed spole\u010densk\u00fd kolaps\" src=\"https:\/\/www.youtube.com\/embed\/4dAY9J6aAr0?feature=oembed\" width=\"800\" height=\"450\" frameborder=\"0\" allowfullscreen=\"allowfullscreen\" data-mce-fragment=\"1\"><\/iframe><\/div>\n<\/figure>\n<p><strong><span dir=\"auto\">USA a Izrael bombardovaly v \u00cdr\u00e1nu b\u011bhem jednoho t\u00fddne 20 \u0161kol a 13 nemocnic.<\/span><\/strong><\/p>\n<p><span dir=\"auto\">Podle Sv\u011btov\u00e9 zdravotnick\u00e9 organizace\u00a0 USA a Izrael bombardovaly\u00a0<\/span><a href=\"https:\/\/www.theguardian.com\/global-development\/2026\/mar\/05\/at-least-dozen-hospital-and-health-facilities-in-iran-hit-since-us-israel-attacks-began-who-says\"><u><span dir=\"auto\">b\u011bhem prvn\u00edch p\u011bti dn\u016f v\u00e1lky, kterou Donald Trump a Benjamin Netanjahu zah\u00e1jili 28. \u00fanora,\u00a0<\/span><\/u><\/a><span dir=\"auto\">\u00a0nejm\u00e9n\u011b 13 nemocnic a zdravotnick\u00fdch za\u0159\u00edzen\u00ed v \u00cdr\u00e1nu .<\/span><\/p>\n<p><span dir=\"auto\">Podle UNICEF Washington a Tel Aviv bombardovaly\u00a0\u00a0<\/span><a href=\"https:\/\/press.un.org\/en\/2026\/db260306.doc.htm\"><u><span dir=\"auto\">v prvn\u00edm t\u00fddnu v\u00e1lky nejm\u00e9n\u011b 20 \u00edr\u00e1nsk\u00fdch \u0161kol.<\/span><\/u><\/a><\/p>\n<p><span dir=\"auto\">Zni\u010dili\u00a0\u00a0<\/span><a href=\"https:\/\/x.com\/AJEnglish\/status\/2030306289855660129\"><u><span dir=\"auto\">tak\u00e9 odsolovac\u00ed za\u0159\u00edzen\u00ed\u00a0<\/span><\/u><\/a><span dir=\"auto\">\u00a0, \u010d\u00edm\u017e p\u0159ipravili des\u00edtky \u00edr\u00e1nsk\u00fdch vesnic o vodu.<\/span><\/p>\n<p><span dir=\"auto\">USA a Izrael\u00a0\u00a0<\/span><a href=\"https:\/\/x.com\/AJEnglish\/status\/2030433320933400624\"><u><span dir=\"auto\">zabily v prvn\u00edm t\u00fddnu v\u00edce ne\u017e 1300 \u00cdr\u00e1nc\u016f\u00a0<\/span><\/u><\/a><span dir=\"auto\">\u00a0. 30 % ob\u011bt\u00ed tvo\u0159ily d\u011bti.<\/span><\/p>\n<p><a href=\"https:\/\/edition.cnn.com\/2026\/03\/06\/middleeast\/iran-minab-elementary-school-investigation-us-strike-intl\"><u><span dir=\"auto\">CNN\u00a0<\/span><\/u><\/a><span dir=\"auto\">\u00a0i\u00a0<\/span><a href=\"https:\/\/www.nytimes.com\/2026\/03\/05\/world\/middleeast\/iran-school-us-strikes-naval-base.html\"><u><span dir=\"auto\">\u00a0New York Times\u00a0<\/span><\/u><\/a><span dir=\"auto\">\u00a0nez\u00e1visle na sob\u011b potvrdily, \u017ee americk\u00e1 arm\u00e1da bombardovala z\u00e1kladn\u00ed \u0161kolu ve m\u011bst\u011b Minab v ji\u017en\u00edm \u00cdr\u00e1nu prvn\u00ed den v\u00e1lky.<\/span><\/p>\n<figure class=\"wp-block-image aligncenter\"><img decoding=\"async\" loading=\"lazy\" class=\"aligncenter\" src=\"https:\/\/i0.wp.com\/substackcdn.com\/image\/fetch\/%24s_%211Fiw%21%2Cw_1456%2Cc_limit%2Cf_auto%2Cq_auto%3Agood%2Cfl_progressive%3Asteep\/https%3A%2F%2Fsubstack-post-media.s3.amazonaws.com%2Fpublic%2Fimages%2F902adf96-3e58-4a75-8fa8-c85da2c1bf5f_1158x1202.png?resize=694%2C721&amp;ssl=1\" alt=\"\" width=\"692\" height=\"719\" \/><\/figure>\n<p><span dir=\"auto\">USA\u00a0\u00a0<\/span><a href=\"https:\/\/www.reutersconnect.com\/item\/the-primary-school-targeted-in-the-attacks-bombed-twice-40-minutes-apart-in-iran\/dGFnOnJldXRlcnMuY29tLDIwMjY6bmV3c21sX01UMUFOQURMMDAwWU9PRlVZ\"><u><span dir=\"auto\">bombardovaly \u0161kolu dvakr\u00e1t,\u00a0<\/span><\/u><\/a><span dir=\"auto\">\u00a0s odstupem 40 minut, aby se ujistily, \u017ee nikdo nep\u0159e\u017eije.<\/span><\/p>\n<p><span dir=\"auto\">Americk\u00e1 arm\u00e1da zabila nejm\u00e9n\u011b 168 d\u011bt\u00ed a 14 u\u010ditel\u016f.<\/span><\/p>\n<p><span dir=\"auto\">Ministr obrany Hegseth zve\u0159ejnil\u00a0\u00a0<\/span><a href=\"https:\/\/x.com\/DropSiteNews\/status\/2029241236146491883\"><u><span dir=\"auto\">mapu oblast\u00ed\u00a0<\/span><\/u><\/a><span dir=\"auto\">\u00a0v \u00cdr\u00e1nu bombardovan\u00fdch USA a z\u00e1kladn\u00ed \u0161kola v Minabu se evidentn\u011b nach\u00e1zela v z\u00f3n\u011b \u00fatoku.<\/span><\/p>\n<p><span dir=\"auto\">P\u0159esn\u011b to m\u011bl Hegseth na mysli, kdy\u017e se chlubil, \u017ee americk\u00e9 imp\u00e9rium \u201eje v dob\u011b nouze znovu zas\u00e1hne\u201c a bez \u201ehloup\u00fdch pravidel boje\u201c.<\/span><\/p>\n<p><span dir=\"auto\">Masakr sp\u00e1chan\u00fd USA a Izraelem je tak extr\u00e9mn\u00ed, \u017ee i n\u011bkter\u00e1 pravicov\u00e1 m\u00e9dia na Z\u00e1pad\u011b, jako nap\u0159\u00edklad konzervativn\u00ed britsk\u00fd den\u00edk The Telegraph, musela uznat, \u017ee \u201e\u00a0\u00a0<\/span><a href=\"https:\/\/x.com\/Telegraph\/status\/2029244898541445328\"><u><span dir=\"auto\">Teher\u00e1n je \u201aapokalypsou\u2018 ho\u0159\u00edc\u00edch nemocnic\u00a0<\/span><\/u><\/a><span dir=\"auto\">\u00a0a d\u011bt\u00ed poh\u0159ben\u00fdch pod troskami\u201c, proto\u017ee USA a Izrael \u00famysln\u011b bombarduj\u00ed civiln\u00ed oblasti.<\/span><\/p>\n<figure class=\"wp-block-image aligncenter\"><img decoding=\"async\" loading=\"lazy\" class=\"aligncenter\" src=\"https:\/\/i0.wp.com\/substackcdn.com\/image\/fetch\/%24s_%21ubtl%21%2Cw_1456%2Cc_limit%2Cf_auto%2Cq_auto%3Agood%2Cfl_progressive%3Asteep\/https%3A%2F%2Fsubstack-post-media.s3.amazonaws.com%2Fpublic%2Fimages%2Fd820a948-bdaf-4b9f-b18c-9e1b47d7627b_986x1513.png?resize=710%2C1090&amp;ssl=1\" alt=\"\" width=\"705\" height=\"1082\" \/><\/figure>\n<p><strong><span dir=\"auto\">USA a Izrael cht\u011bj\u00ed zhroucen\u00ed st\u00e1tu a kolaps \u00edr\u00e1nsk\u00e9 spole\u010dnosti.<\/span><\/strong><\/p>\n<p><span dir=\"auto\">Washington a Tel Aviv cht\u011bj\u00ed v \u00cdr\u00e1nu rozpoutat nejen zm\u011bnu re\u017eimu, ale i zni\u010den\u00ed st\u00e1tu a kolaps \u00edr\u00e1nsk\u00e9 spole\u010dnosti.<\/span><\/p>\n<p><span dir=\"auto\">To otev\u0159en\u011b p\u0159iznali n\u011bkte\u0159\u00ed izrael\u0161t\u00ed p\u0159edstavitel\u00e9 ve\u00a0\u00a0<\/span><a href=\"https:\/\/www.ft.com\/content\/dd070ee7-7021-4f90-86ec-690fe6aa34e6\"><u><span dir=\"auto\">zpr\u00e1v\u011b den\u00edku Financial Times\u00a0<\/span><\/u><\/a><span dir=\"auto\">\u00a0.<\/span><\/p>\n<p><span dir=\"auto\">List Financial Times citoval izraelsk\u00e9ho ministra obrany Israela Katze, kter\u00fd prohl\u00e1sil, \u017ee \u201ejak\u00fdkoli v\u016fdce jmenovan\u00fd \u00edr\u00e1nsk\u00fdm teroristick\u00fdm re\u017eimem\u2026 bude jednozna\u010dn\u00fdm c\u00edlem eliminace\u201c.<\/span><\/p>\n<p><span dir=\"auto\">Tel Aviv m\u00e1 v pl\u00e1nu zab\u00edt v\u0161echny \u00edr\u00e1nsk\u00e9 v\u016fdce, aby se zemi ji\u017e nedalo \u0159\u00eddit a ona se prost\u011b propadla do chaosu.<\/span><\/p>\n<p><span dir=\"auto\">Potvrdil to i b\u00fdval\u00fd vysoce postaven\u00fd \u00fa\u0159edn\u00edk izraelsk\u00e9 tajn\u00e9 slu\u017eby.<\/span><\/p>\n<p><span dir=\"auto\">Financial Times d\u011blaly rozhovor s\u00a0\u00a0<\/span><a href=\"https:\/\/www.atlanticcouncil.org\/expert\/danny-citrinowicz\/\"><u><span dir=\"auto\">Dannym Citrinowiczem\u00a0<\/span><\/u><\/a><span dir=\"auto\">\u00a0, kter\u00fd 25 let pracoval pro izraelskou vojenskou zpravodajskou slu\u017ebu (IDI) a byl vedouc\u00edm \u00edr\u00e1nsk\u00e9 sekce v\u00fdzkumn\u00e9ho a analytick\u00e9ho odd\u011blen\u00ed.<\/span><\/p>\n<p><span dir=\"auto\">Citrinowicz \u0159ekl agentu\u0159e FT, \u017ee Izrael usiluje o \u201e\u00fapln\u00e9 zni\u010den\u00ed tohoto re\u017eimu, pil\u00ed\u0159\u016f tohoto re\u017eimu, v\u0161eho, co ho dr\u017e\u00ed pohromad\u011b\u201c.<\/span><\/p>\n<p><span dir=\"auto\">B\u00fdval\u00fd \u0161\u00e9f odd\u011blen\u00ed pro anal\u00fdzu \u00cdr\u00e1nu izraelsk\u00e9 vojensk\u00e9 zpravodajsk\u00e9 slu\u017eby uvedl, \u017ee Tel Aviv vn\u00edm\u00e1 v\u00e1lku takto (zv\u00fdrazn\u011bn\u00ed p\u0159id\u00e1no):<\/span><\/p>\n<p><em><span dir=\"auto\">Pokud se n\u00e1m poda\u0159\u00ed prov\u00e9st p\u0159evrat, skv\u011bl\u00e9. Pokud se n\u00e1m poda\u0159\u00ed dostat lidi do ulic, skv\u011bl\u00e9.\u00a0\u00a0<\/span><strong><span dir=\"auto\">Pokud se n\u00e1m poda\u0159\u00ed rozpoutat ob\u010danskou v\u00e1lku, skv\u011bl\u00e9. Izraeli je budoucnost\u2026 [nebo] stabilita \u00cdr\u00e1nu v\u016fbec jedno.<\/span><\/strong><\/em><\/p>\n<p><span dir=\"auto\">Jin\u00fdmi slovy, USA a Izrael cht\u011bj\u00ed v \u00cdr\u00e1nu zopakovat stejnou vyhlazovac\u00ed v\u00e1lku, jakou vedly v p\u00e1smu Gazy a kterou\u00a0\u00a0<\/span><a href=\"https:\/\/www.ohchr.org\/en\/press-releases\/2025\/09\/israel-has-committed-genocide-gaza-strip-un-commission-finds\"><u><span dir=\"auto\">komise OSN klasifikovala jako genocidu\u00a0<\/span><\/u><\/a><span dir=\"auto\">\u00a0.<\/span><\/p>\n<p><strong><span dir=\"auto\">V\u00e1lka veden\u00e1 USA a Izraelem proti \u00cdr\u00e1nu je do o\u010d\u00ed bij\u00edc\u00edm poru\u0161en\u00edm mezin\u00e1rodn\u00edho pr\u00e1va.<\/span><\/strong><\/p>\n<p><span dir=\"auto\">Je samoz\u0159ejm\u00e9, \u017ee agresivn\u00ed v\u00e1lka veden\u00e1 USA a Izraelem proti \u00cdr\u00e1nu je do o\u010d\u00ed bij\u00edc\u00edm poru\u0161en\u00edm mezin\u00e1rodn\u00edho pr\u00e1va.<\/span><\/p>\n<p><span dir=\"auto\">UNESCO, vzd\u011bl\u00e1vac\u00ed organizace OSN, zd\u016fraznila, \u017ee bombardov\u00e1n\u00ed \u00edr\u00e1nsk\u00fdch \u0161kol USA a Izraelem \u201ep\u0159edstavuje\u00a0\u00a0<\/span><a href=\"https:\/\/news.un.org\/en\/story\/2026\/03\/1167063\"><u><span dir=\"auto\">v\u00e1\u017en\u00e9 poru\u0161en\u00ed\u00a0<\/span><\/u><\/a><span dir=\"auto\">\u00a0ochrany, na kterou maj\u00ed \u0161koly n\u00e1rok podle mezin\u00e1rodn\u00edho humanit\u00e1rn\u00edho pr\u00e1va\u201c.<\/span><\/p>\n<p><span dir=\"auto\">Pr\u00e1vn\u00ed experti jednozna\u010dn\u011b rozhodli, \u017ee\u00a0\u00a0<\/span><a href=\"https:\/\/theconversation.com\/neither-preemptive-nor-legal-us-israeli-strikes-on-iran-have-blown-up-international-law-277173\"><u><span dir=\"auto\">v\u00e1lka mezi USA a Izraelem poru\u0161uje mezin\u00e1rodn\u00ed pr\u00e1vo\u00a0<\/span><\/u><\/a><span dir=\"auto\">\u00a0. Pouk\u00e1zali tak\u00e9 na to, \u017ee Washington \u00fadajn\u011b jednal s Teher\u00e1nem a\u00a0\u00a0<\/span><a href=\"https:\/\/www.cbsnews.com\/news\/us-iran-deal-within-our-reach-oman-mediator-says\/\"><u><span dir=\"auto\">\u00cdr\u00e1n byl p\u0159ipraven u\u010dinit zna\u010dn\u00e9 \u00fastupky pro dosa\u017een\u00ed dohody,\u00a0<\/span><\/u><\/a><span dir=\"auto\">\u00a0kdy\u017e Trump zah\u00e1jil tuto p\u0159ekvapivou agresivn\u00ed v\u00e1lku a sabotoval rozhovory.<\/span><\/p>\n<p><span dir=\"auto\">Presti\u017en\u00ed pr\u00e1vnick\u00e1 fakulta Stanfordsk\u00e9 univerzity zve\u0159ejnila\u00a0\u00a0<\/span><a href=\"https:\/\/law.stanford.edu\/2026\/03\/03\/stanfords-allen-weiner-on-the-constitutional-and-international-law-questions-raised-by-the-iran-attack\/\"><u><span dir=\"auto\">rozhovor s expertem na mezin\u00e1rodn\u00ed pr\u00e1vo\u00a0<\/span><\/u><\/a><span dir=\"auto\">\u00a0profesorem Allenem Weinerem, kter\u00fd uvedl: \u201eZ pohledu mezin\u00e1rodn\u00edho pr\u00e1va jsem toho n\u00e1zoru, \u017ee \u00fatok byl jednozna\u010dn\u011b nez\u00e1konn\u00fd.\u201c<\/span><\/p>\n<p><span dir=\"auto\">Weiner pouk\u00e1zal na to, \u017ee st\u00e1ty maj\u00ed podle mezin\u00e1rodn\u00edho pr\u00e1va pr\u00e1vo na sebeobranu. \u00cdr\u00e1n tohoto pr\u00e1va vyu\u017eil.<\/span><\/p>\n<p><span dir=\"auto\">Americk\u00fd a izraelsk\u00fd re\u017eim tvrdily, \u017ee zah\u00e1jily \u201epreventivn\u00ed\u201c \u00fatoky na \u00cdr\u00e1n, ale Weiner zd\u016fraznil, \u017ee to podle mezin\u00e1rodn\u00edho pr\u00e1va nen\u00ed platn\u00e9.<\/span><\/p>\n<p><span dir=\"auto\">Aby se st\u00e1ty mohly odvolat na sebeobranu, mohou za\u00fato\u010dit pouze tehdy, maj\u00ed-li d\u016fkazy o tom, \u017ee jim \u201e\u00a0\u00a0<\/span><em><span dir=\"auto\">bezprost\u0159edn\u011b hroz\u00ed nebezpe\u010d\u00ed \u00fatoku\u00a0<\/span><\/em><span dir=\"auto\">\u00a0\u201c, argumentoval.<\/span><\/p>\n<p><span dir=\"auto\">V tomto p\u0159\u00edpad\u011b tomu tak nen\u00ed, zd\u016fraznil Weiner. Profesor pr\u00e1vnick\u00e9 fakulty Stanfordsk\u00e9 univerzity vysv\u011btlil:<\/span><\/p>\n<p><em><span dir=\"auto\">P\u0159edpoklad, \u017ee \u00cdr\u00e1n p\u0159edstavuje obecnou bezpe\u010dnostn\u00ed hrozbu pro z\u00e1jmy USA,\u00a0\u00a0<\/span><strong><span dir=\"auto\">nep\u0159edstavuje bezprost\u0159edn\u00ed hrozbu \u00fatoku\u00a0<\/span><\/strong><span dir=\"auto\">\u00a0. Stejn\u011b tak mo\u017enost, \u017ee by \u00cdr\u00e1n v budoucnu mohl z\u00edskat jadern\u00e9 zbran\u011b nebo mezikontinent\u00e1ln\u00ed balistick\u00e9 rakety s doletem na pevninu USA, nep\u0159edstavuje bezprost\u0159edn\u00ed hrozbu \u00fatoku.<\/span><\/em><\/p>\n<p><strong><span dir=\"auto\">Americko-izraelsk\u00e1 v\u00e1lka proti \u00cdr\u00e1nu je zalo\u017eena na l\u017e\u00edch.<\/span><\/strong><\/p>\n<p><span dir=\"auto\">V\u0161echny argumenty, kter\u00fdmi se Trumpova administrativa sna\u017eila ospravedlnit tuto neleg\u00e1ln\u00ed v\u00e1lku, se zhroutily.<\/span><\/p>\n<p><span dir=\"auto\">Pentagon\u00a0\u00a0<\/span><a href=\"https:\/\/edition.cnn.com\/2026\/03\/01\/world\/video\/ebof-jason-crow-trump-iran-attack\"><u><span dir=\"auto\">na neve\u0159ejn\u00e9m sly\u0161en\u00ed\u00a0<\/span><\/u><\/a><span dir=\"auto\">\u00a0p\u0159ed Kongresem p\u0159iznal, \u017ee \u00cdr\u00e1n\u00a0\u00a0<\/span><em><span dir=\"auto\">neza\u00fato\u010d\u00ed\u00a0<\/span><\/em><span dir=\"auto\">\u00a0na USA a Izrael jako prvn\u00ed a \u017ee m\u00e1 pl\u00e1ny na odvetu pouze v sebeobran\u011b.<\/span><\/p>\n<p><span dir=\"auto\">Trumpova administrativa tak\u00e9 tvrdila, \u017ee \u00cdr\u00e1n je na pokraji v\u00fdvoje jadern\u00fdch zbran\u00ed. Ani to nebyla pravda.<\/span><\/p>\n<p><span dir=\"auto\">Gener\u00e1ln\u00ed \u0159editel Mezin\u00e1rodn\u00ed agentury pro atomovou energii (MAAE) Rafael Grossi v rozhovoru pro CNN velmi jasn\u011b prohl\u00e1sil, \u017ee\u00a0\u00a0<\/span><a href=\"https:\/\/x.com\/cnnipr\/status\/2028874880221876316\"><u><span dir=\"auto\">\u00cdr\u00e1n\u00a0\u00a0<\/span><\/u><\/a><em><a href=\"https:\/\/x.com\/cnnipr\/status\/2028874880221876316\"><u><span dir=\"auto\">nen\u00ed<\/span><\/u><\/a><\/em><a href=\"https:\/\/x.com\/cnnipr\/status\/2028874880221876316\"><u><span dir=\"auto\">\u00a0\u00a0na pokraji z\u00edsk\u00e1n\u00ed jadern\u00fdch zbran\u00ed\u00a0<\/span><\/u><\/a><span dir=\"auto\">\u00a0.<\/span><\/p>\n<p><span dir=\"auto\">To byla dal\u0161\u00ed le\u017e \u0161\u00ed\u0159en\u00e1 americkou vl\u00e1dou, aby ospravedlnila neleg\u00e1ln\u00ed v\u00e1lku.<\/span><\/p>\n<figure class=\"wp-block-image aligncenter\"><img decoding=\"async\" class=\"aligncenter\" src=\"https:\/\/i0.wp.com\/substackcdn.com\/image\/fetch\/%24s_%21UcUY%21%2Cw_1456%2Cc_limit%2Cf_auto%2Cq_auto%3Agood%2Cfl_progressive%3Asteep\/https%3A%2F%2Fsubstack-post-media.s3.amazonaws.com%2Fpublic%2Fimages%2F76c0cde5-f735-4346-9edc-3c712b3bf969_1057x312.png?resize=750%2C221&amp;ssl=1\" alt=\"\" \/><\/figure>\n<p><span dir=\"auto\">\u201eByly \u00cdr\u00e1nci jen p\u00e1r dn\u00ed nebo t\u00fddn\u016f od toho, aby sestrojili nebo vlastnili [jadernou] bombu?\u201c zeptala se moder\u00e1torka CNN Becky Anderson Grossi.<\/span><\/p>\n<p><span dir=\"auto\">\u201eNe,\u201c odpov\u011bd\u011bl bez obalu.<\/span><\/p>\n<p><span dir=\"auto\">\u0160\u00e9f MAAE prohl\u00e1sil: \u201eNikdy jsme nem\u011bli \u017e\u00e1dn\u00e9 informace, kter\u00e9 by nazna\u010dovaly, \u017ee by existoval strukturovan\u00fd a systematick\u00fd [\u00edr\u00e1nsk\u00fd] program na v\u00fdrobu jadern\u00fdch zbran\u00ed.\u201c<\/span><\/p>\n<p><em><strong><span dir=\"auto\">Ben Norton<\/span><\/strong><\/em><\/p>\n<\/div>\n<\/div>\n<div class=\"elementor-element elementor-element-8c57238 quelle dc-has-condition dc-condition-empty elementor-widget elementor-widget-heading\" data-id=\"8c57238\" data-element_type=\"widget\" data-e-type=\"widget\" data-widget_type=\"heading.default\">\n<div class=\"elementor-widget-container\">\n<h3 class=\"elementor-heading-title elementor-size-default\"><span style=\"font-size: 10pt;\"><a href=\"https:\/\/www.geopoliticaleconomy.report\/p\/us-israel-bomb-iran-schools-hospitals-collapse?utm_source=post-email-title&amp;publication_id=457596&amp;post_id=190258611&amp;utm_campaign=email-post-title&amp;isFreemail=true&amp;r=flp3u&amp;triedRedirect=true&amp;utm_medium=email\" target=\"_blank\" rel=\"nofollow noopener\"><span dir=\"auto\">Zdroj<\/span><\/a><\/span><\/h3>\n<\/div>\n<\/div>\n","protected":false},"excerpt":{"rendered":"<p>USA a Izrael bombardovaly v \u00cdr\u00e1nu b\u011bhem jednoho t\u00fddne 20 \u0161kol a 13 nemocnic. Ministr&#8230;<\/p>\n","protected":false},"author":2,"featured_media":101686,"comment_status":"closed","ping_status":"closed","sticky":false,"template":"","format":"standard","meta":[],"categories":[7],"tags":[1128,178,38,107,37],"_links":{"self":[{"href":"https:\/\/www.infokuryr.cz\/n\/wp-json\/wp\/v2\/posts\/101685"}],"collection":[{"href":"https:\/\/www.infokuryr.cz\/n\/wp-json\/wp\/v2\/posts"}],"about":[{"href":"https:\/\/www.infokuryr.cz\/n\/wp-json\/wp\/v2\/types\/post"}],"author":[{"embeddable":true,"href":"https:\/\/www.infokuryr.cz\/n\/wp-json\/wp\/v2\/users\/2"}],"replies":[{"embeddable":true,"href":"https:\/\/www.infokuryr.cz\/n\/wp-json\/wp\/v2\/comments?post=101685"}],"version-history":[{"count":0,"href":"https:\/\/www.infokuryr.cz\/n\/wp-json\/wp\/v2\/posts\/101685\/revisions"}],"wp:featuredmedia":[{"embeddable":true,"href":"https:\/\/www.infokuryr.cz\/n\/wp-json\/wp\/v2\/media\/101686"}],"wp:attachment":[{"href":"https:\/\/www.infokuryr.cz\/n\/wp-json\/wp\/v2\/media?parent=101685"}],"wp:term":[{"taxonomy":"category","embeddable":true,"href":"https:\/\/www.infokuryr.cz\/n\/wp-json\/wp\/v2\/categories?post=101685"},{"taxonomy":"post_tag","embeddable":true,"href":"https:\/\/www.infokuryr.cz\/n\/wp-json\/wp\/v2\/tags?post=101685"}],"curies":[{"name":"wp","href":"https:\/\/api.w.org\/{rel}","templated":true}]}}