{"id":101676,"date":"2026-03-12T00:32:06","date_gmt":"2026-03-11T23:32:06","guid":{"rendered":"https:\/\/www.infokuryr.cz\/n\/?p=101676"},"modified":"2026-03-11T16:09:03","modified_gmt":"2026-03-11T15:09:03","slug":"berlinske-mladeznicke-centrum-obvineno-z-kryti-pripadu-hromadnym-znasilnenim-divky-protoze-nechtelo-aby-podezreli-byli-oznaceni-za-typicke-muslimy","status":"publish","type":"post","link":"https:\/\/www.infokuryr.cz\/n\/2026\/03\/12\/berlinske-mladeznicke-centrum-obvineno-z-kryti-pripadu-hromadnym-znasilnenim-divky-protoze-nechtelo-aby-podezreli-byli-oznaceni-za-typicke-muslimy\/","title":{"rendered":"Berl\u00ednsk\u00e9 ml\u00e1de\u017enick\u00e9 centrum obvin\u011bno z kryt\u00ed p\u0159\u00edpadu hromadn\u00fdm zn\u00e1siln\u011bn\u00edm d\u00edvky, proto\u017ee necht\u011blo, aby podez\u0159el\u00ed byli ozna\u010deni za \u201etypick\u00e9 muslimy\u201c"},"content":{"rendered":"<div id=\"fb-root\"><\/div>\n<h3 class=\"s-tagline fw-tagline\"><span dir=\"auto\">\u201eJe skand\u00e1ln\u00ed, \u017ee muslim\u0161t\u00ed pachatel\u00e9 jsou zde zjevn\u011b chr\u00e1n\u011bni, aby se zabr\u00e1nilo jejich stigmatizaci, zat\u00edmco ob\u011b\u0165 je opu\u0161t\u011bna. Tento postoj je naprosto nep\u0159ijateln\u00fd.\u201c<\/span><\/h3>\n<p><span dir=\"auto\">Turecko-kurdsk\u00e1 \u0161kola\u010dka byla \u00fadajn\u011b v zadn\u00ed m\u00edstnosti berl\u00ednsk\u00e9ho ml\u00e1de\u017enick\u00e9ho centra v Gropiusstadtu v Neuk\u00f6llnu osah\u00e1v\u00e1na dev\u00edti chlapci arabsk\u00e9ho p\u016fvodu. Pot\u00e9 vy\u0161lo najevo, \u017ee byla v listopadu zn\u00e1siln\u011bna na zahrad\u011b ml\u00e1de\u017enick\u00e9ho centra. Skand\u00e1l vypukl pot\u00e9, co se objevily zpr\u00e1vy, \u017ee zam\u011bstnanci ml\u00e1de\u017enick\u00e9ho centra nepodali policejn\u00ed ozn\u00e1men\u00ed, \u00fadajn\u011b ze strachu, \u017ee podez\u0159el\u00ed budou ozna\u010deni za \u201etypick\u00e9 muslimy\u201c.<\/span><\/p>\n<p><span dir=\"auto\">Z berl\u00ednsk\u00e9ho ml\u00e1de\u017enick\u00e9ho centra v multikulturn\u00ed \u010dtvrti Neuk\u00f6lln se ji\u017e m\u011bs\u00edce objevovaly znepokojiv\u00e9 zpr\u00e1vy o necht\u011bn\u00fdch objet\u00ed, d\u00edvk\u00e1ch, kter\u00fdm se bez jejich souhlasu dot\u00fdkalo prsou a h\u00fd\u017ed\u00ed, a o tom, jak si je chlapci p\u0159itahovali na kl\u00edn.<\/span><\/p>\n<p><span dir=\"auto\">V\u0161echny tyto incidenty se \u00fadajn\u011b d\u011bly p\u0159ed zraky zam\u011bstnanc\u016f.<\/span><\/p>\n<p><span dir=\"auto\">Pak v lednu do\u0161lo k incidentu, kdy dev\u011bt chlapc\u016f hromadn\u011b osah\u00e1valo turecko-kurdskou ob\u011b\u0165, p\u0159i\u010dem\u017e se ka\u017ed\u00fd z nich st\u0159\u00eddal v obt\u011b\u017eov\u00e1n\u00ed, zat\u00edmco jeden z nich st\u00e1l na str\u00e1\u017ei ve dve\u0159\u00edch. P\u0159estali, a\u017e kdy\u017e dovnit\u0159 ve\u0161el zam\u011bstnanec.<\/span><\/p>\n<p><span dir=\"auto\">O t\u0159i dny pozd\u011bji d\u00edvka p\u0159iznala person\u00e1lu, \u017ee se j\u00ed stalo n\u011bco hor\u0161\u00edho. V listopadu u\u017e byla zn\u00e1siln\u011bna \u2013 ve\u010der na zahrad\u011b ml\u00e1de\u017enick\u00e9ho centra. Pot\u00e9 se hodiny kr\u010dila v rohu. Kdy\u017e se kone\u010dn\u011b pokusila prostor opustit, cel\u00fd prostor byl zam\u010den\u00fd. Musela p\u0159el\u00e9zt plot, aby se dostala ven, a p\u0159i tom si zlomila kotn\u00edk.<\/span><\/p>\n<p><span dir=\"auto\">\u00datok byl tak\u00e9 nato\u010den. Chlapec, zn\u00e1m\u00fd pod p\u0159ezd\u00edvkou Medi (17 let), \u00fadajn\u011b pou\u017eil z\u00e1b\u011bry jako zbra\u0148.<\/span><\/p>\n<p><span dir=\"auto\">\u201eChci t\u011b tu v\u00eddat ka\u017ed\u00e9 pond\u011bl\u00ed, jinak tohle po\u0161lu tv\u00fdm rodi\u010d\u016fm.\u201c Jakmile se o videu dozv\u011bd\u011bli, ostatn\u00ed chlapci ze skupiny se j\u00ed za\u010dali posm\u00edvat: \u201eNech\u00e1v\u00e1\u0161 se o\u0161ukat.\u201c Tak\u00e9 cht\u011bli, aby je d\u00edvka p\u0159edstavila sv\u00e9 \u010dtrn\u00e1ctilet\u00e9 sest\u0159e.<\/span><\/p>\n<h2 id=\"a-coverup-because-the-suspects-were-muslim\" class=\"rb-heading-index-0-159341 wp-block-heading\"><span dir=\"auto\">Kryt\u00ed, proto\u017ee podez\u0159el\u00ed byli muslimov\u00e9?<\/span><\/h2>\n<p><span dir=\"auto\">Nyn\u00ed je ml\u00e1de\u017enick\u00e9 centrum v hled\u00e1\u010dku kv\u016fli sv\u00e9 neuv\u011b\u0159iteln\u00e9 reakci.<\/span><\/p>\n<p><span dir=\"auto\">\u00dadajn\u011b m\u00edsto toho, aby se n\u00e1v\u0161t\u011bvnice obr\u00e1tily na \u00fa\u0159ady, dostaly \u201ebezpe\u010dnostn\u00ed slovo\u201c, kter\u00e9 mohly pou\u017e\u00edt, kdykoli se c\u00edtily ohro\u017eeny. Krom\u011b toho byly dve\u0159e v zadn\u00ed m\u00edstnosti vyta\u017eeny z pant\u016f. Zam\u011bstnanci odm\u00edtli j\u00edt na policii, i kdy\u017e na n\u011b kolegov\u00e9 z jin\u00fdch za\u0159\u00edzen\u00ed vyv\u00edjeli n\u00e1tlak. Vnit\u0159n\u00edm ospravedln\u011bn\u00edm,\u00a0<\/span><a href=\"https:\/\/www.bild.de\/politik\/inland\/skandal-im-jugendzentrum-muslimische-taeter-ungeschoren-senat-greift-ein-69af181b64d1f5a2cd517f4c?offerId=O_EO96B9OD9W646YVW80\"><span dir=\"auto\">podle zdroj\u016f, kter\u00e9 hovo\u0159ily s den\u00edkem Bild<\/span><\/a><span dir=\"auto\">\u00a0, byla snaha udr\u017eet v\u011bci v tajnosti, aby mlad\u00ed lid\u00e9 nebyli okam\u017eit\u011b ozna\u010deni za \u201etypick\u00e9 muslimy\u201c.<\/span><\/p>\n<p><span dir=\"auto\">St\u00e1tn\u00ed tajemn\u00edk pro ml\u00e1de\u017e Falko Liecke z K\u0159es\u0165ansk\u00fdch demokrat\u016f (CDU) (53) reagoval na \u017e\u00e1dost den\u00edku Bild p\u0159\u00edmo\u010da\u0159e.<\/span><\/p>\n<p><span dir=\"auto\">\u201eJe skand\u00e1ln\u00ed, \u017ee muslim\u0161t\u00ed pachatel\u00e9 jsou zde zjevn\u011b chr\u00e1n\u011bni, aby se zabr\u00e1nilo jejich stigmatizaci, zat\u00edmco ob\u011b\u0165 je opu\u0161t\u011bna. Tento postoj je naprosto nep\u0159ijateln\u00fd.\u201c Ozn\u00e1mil, \u017ee prov\u011b\u0159uje, zda byly poru\u0161eny z\u00e1kony na ochranu d\u011bt\u00ed.<\/span><\/p>\n<h2 id=\"parents-had-to-go-to-the-police-after-authorities-failed-to-act\" class=\"rb-heading-index-1-159341 wp-block-heading\"><span dir=\"auto\">Rodi\u010de museli j\u00edt na policii, proto\u017ee \u00fa\u0159ady nezas\u00e1hly<\/span><\/h2>\n<p><span dir=\"auto\">D\u00edvka nakonec vyhledala pomoc mimo za\u0159\u00edzen\u00ed, proto\u017ee se policist\u00e9 odm\u00edtli obr\u00e1tit na policii.<\/span><\/p>\n<p><span dir=\"auto\">S rodi\u010di d\u00edvky hovo\u0159il jeden z jej\u00edch podporovatel\u016f, kte\u0159\u00ed zpr\u00e1vu o tom, co se stalo jejich dce\u0159i, nesli nesm\u00edrn\u011b t\u011b\u017ece. Spolu s policejn\u00edm preventistou se vydali na St\u00e1tn\u00ed \u00fa\u0159ad krimin\u00e1ln\u00ed policie, kde d\u00edvka podala videoz\u00e1znam, aby nemusela ud\u00e1losti opakovan\u011b vypr\u00e1v\u011bt.<\/span><\/p>\n<p><span dir=\"auto\">Policist\u00e9 rychle zas\u00e1hli a zabavili podez\u0159el\u00e9 mobiln\u00ed telefon. Jej\u00ed otec podal form\u00e1ln\u00ed st\u00ed\u017enost na \u00fadajn\u00e9ho n\u00e1siln\u00edka a tak\u00e9 online st\u00ed\u017enosti na odpov\u011bdn\u00e9 osoby v za\u0159\u00edzen\u00ed a \u00fa\u0159edn\u00edky, kte\u0159\u00ed nejednali.<\/span><\/p>\n<p><span dir=\"auto\">Vedouc\u00ed \u00fa\u0159adu pro p\u00e9\u010di o ml\u00e1de\u017e byl informov\u00e1n ji\u017e 29. ledna. Vysv\u011btlen\u00ed veden\u00ed Neuk\u00f6llnu listu Bild, pro\u010d nebylo pod\u00e1no \u017e\u00e1dn\u00e9 ozn\u00e1men\u00ed, zn\u011blo, \u017ee \u201e\u00fa\u0159ad pro p\u00e9\u010di o ml\u00e1de\u017e nepodal ozn\u00e1men\u00ed, proto\u017ee nezn\u00e1 jm\u00e9na ob\u011bti ani pachatele\u201c.<\/span><\/p>\n<p><span dir=\"auto\">Liecke na jejich v\u00fdmluvu reagoval slovy: \u201eTento p\u0159\u00edpad m\u011bl b\u00fdt z politick\u00fdch d\u016fvod\u016f zjevn\u011b zameten pod koberec. Na okresn\u00edm \u00fa\u0159ad\u011b nebyl ani za\u0159azen na program jedn\u00e1n\u00ed, p\u0159esto\u017ee m\u011bl b\u00fdt. Ani \u00fa\u0159ad p\u00e9\u010de o ml\u00e1de\u017e, ani p\u0159\u00edslu\u0161n\u00fd m\u011bstsk\u00fd radn\u00ed nepodali \u017e\u00e1dn\u00e9 ozn\u00e1men\u00ed policii. To je skand\u00e1l a mus\u00ed to m\u00edt n\u00e1sledky.\u201c<\/span><\/p>\n<p><span dir=\"auto\">Starosta Neuk\u00f6llnu Martin Hikel z krajn\u011b levicov\u00e9 Soci\u00e1ln\u00ed demokracie (SPD) uvedl, \u017ee nevid\u00ed d\u016fvod k disciplin\u00e1rn\u00edmu \u0159\u00edzen\u00ed proti \u010dlence ml\u00e1de\u017enick\u00e9 rady Levicov\u00e9 strany, kter\u00e1 m\u00e1 za p\u0159\u00edpad politickou odpov\u011bdnost, a to z d\u016fvodu, \u017ee byla o p\u0159\u00edpadu informov\u00e1na a\u017e 2. b\u0159ezna vlastn\u00edm \u00fa\u0159adem soci\u00e1ln\u00ed p\u00e9\u010de.<\/span><\/p>\n<p><span dir=\"auto\">P\u0159esto uznal z\u00e1va\u017enost situace: \u201eTento \u0161okuj\u00edc\u00ed p\u0159\u00edpad ukazuje, \u017ee struktury a procesy v r\u00e1mci \u00fa\u0159adu pro p\u00e9\u010di o ml\u00e1de\u017e vy\u017eaduj\u00ed sebekritick\u00e9 intern\u00ed p\u0159ezkoum\u00e1n\u00ed. V t\u00e9to souvislosti by bylo vhodn\u00e9 prov\u00e9st pr\u016fzkum na t\u00e9ma sexu\u00e1ln\u00edch \u00fatok\u016f v za\u0159\u00edzen\u00edch pro voln\u00fd \u010das ml\u00e1de\u017ee, aby se vyvinula systematick\u00e1 zlep\u0161en\u00ed. Okresn\u00ed \u00fa\u0159ad to projedn\u00e1.\u201c<\/span><\/p>\n<p><span dir=\"auto\">Podle \u00fadaj\u016f o kriminalit\u011b\u00a0<\/span><a href=\"https:\/\/rmx.news\/article\/germany-nearly-half-of-rapists-in-berlin-last-year-were-foreigners-child-sex-abuse-is-on-rise\/\"><span dir=\"auto\">je t\u00e9m\u011b\u0159 polovina v\u0161ech hromadn\u00fdch zn\u00e1siln\u011bn\u00ed v Berl\u00edn\u011b sp\u00e1ch\u00e1na cizinci<\/span><\/a><span dir=\"auto\">\u00a0. P\u0159edpokl\u00e1d\u00e1 se v\u0161ak, \u017ee i druh\u00e1 polovina zahrnuje vysok\u00fd po\u010det n\u011bmeck\u00fdch ob\u010dan\u016f s migra\u010dn\u00edm p\u016fvodem, a\u010dkoli ofici\u00e1ln\u00ed \u00fadaje nebyly zve\u0159ejn\u011bny.<\/span><\/p>\n<p><img decoding=\"async\" loading=\"lazy\" class=\"alignnone size-full wp-image-1185\" src=\"http:\/\/www.infokuryr.cz\/n\/wp-content\/uploads\/2021\/04\/kuryr-podpis.png\" alt=\"\" width=\"84\" height=\"24\" \/><\/p>\n<p>&nbsp;<\/p>\n","protected":false},"excerpt":{"rendered":"<p>\u201eJe skand\u00e1ln\u00ed, \u017ee muslim\u0161t\u00ed pachatel\u00e9 jsou zde zjevn\u011b chr\u00e1n\u011bni, aby se zabr\u00e1nilo jejich stigmatizaci, zat\u00edmco&#8230;<\/p>\n","protected":false},"author":2,"featured_media":101677,"comment_status":"closed","ping_status":"closed","sticky":false,"template":"","format":"standard","meta":[],"categories":[7],"tags":[233,119,44,366],"_links":{"self":[{"href":"https:\/\/www.infokuryr.cz\/n\/wp-json\/wp\/v2\/posts\/101676"}],"collection":[{"href":"https:\/\/www.infokuryr.cz\/n\/wp-json\/wp\/v2\/posts"}],"about":[{"href":"https:\/\/www.infokuryr.cz\/n\/wp-json\/wp\/v2\/types\/post"}],"author":[{"embeddable":true,"href":"https:\/\/www.infokuryr.cz\/n\/wp-json\/wp\/v2\/users\/2"}],"replies":[{"embeddable":true,"href":"https:\/\/www.infokuryr.cz\/n\/wp-json\/wp\/v2\/comments?post=101676"}],"version-history":[{"count":0,"href":"https:\/\/www.infokuryr.cz\/n\/wp-json\/wp\/v2\/posts\/101676\/revisions"}],"wp:featuredmedia":[{"embeddable":true,"href":"https:\/\/www.infokuryr.cz\/n\/wp-json\/wp\/v2\/media\/101677"}],"wp:attachment":[{"href":"https:\/\/www.infokuryr.cz\/n\/wp-json\/wp\/v2\/media?parent=101676"}],"wp:term":[{"taxonomy":"category","embeddable":true,"href":"https:\/\/www.infokuryr.cz\/n\/wp-json\/wp\/v2\/categories?post=101676"},{"taxonomy":"post_tag","embeddable":true,"href":"https:\/\/www.infokuryr.cz\/n\/wp-json\/wp\/v2\/tags?post=101676"}],"curies":[{"name":"wp","href":"https:\/\/api.w.org\/{rel}","templated":true}]}}