{"id":101659,"date":"2026-03-12T00:22:43","date_gmt":"2026-03-11T23:22:43","guid":{"rendered":"https:\/\/www.infokuryr.cz\/n\/?p=101659"},"modified":"2026-03-11T08:41:56","modified_gmt":"2026-03-11T07:41:56","slug":"daniel-vavra-velike-zoufale-knuuuuuuu","status":"publish","type":"post","link":"https:\/\/www.infokuryr.cz\/n\/2026\/03\/12\/daniel-vavra-velike-zoufale-knuuuuuuu\/","title":{"rendered":"Daniel V\u00e1vra: Velik\u00e9 zoufal\u00e9 k\u0148\u016f\u016f\u016f\u016f\u016f\u016f\u016f"},"content":{"rendered":"<div id=\"fb-root\"><\/div>\n<p><strong>M\u016f\u017eete mi pros\u00edm vysv\u011btlit, pro\u010d by m\u011bl b\u00fdt fakt, \u017ee \u201cneziskovka\u201d bude muset uv\u00e1d\u011bt zdroj sv\u00fdch p\u0159\u00edjm\u016f, \u201cpokusem o\u00a0likvidaci demokracie\u201d, jak tvrd\u00ed \u201cdemokrati\u201d?<\/strong><\/p>\n<p>Proto\u017ee nen\u00ed.<\/p>\n<p>Pouze u zahrani\u010dn\u00edch mocnost\u00ed placen\u00fdch agent\u016f, sna\u017e\u00edc\u00edch se za pen\u00edze z venku ovliv\u0148ovat politiku a z\u00e1kony v zemi, bude jasn\u00e9, co jsou za\u010d a za koho kopou. Pokusem o zni\u010den\u00ed demokracie je pr\u00e1v\u011b obch\u00e1zen\u00ed v\u00fdsledk\u016f voleb t\u00edm, \u017ee ve spoust\u011b v\u011bc\u00ed ne\u0159e\u0161\u00ed probl\u00e9my vl\u00e1da, ale nik\u00fdm nevolen\u00ed a z ciziny placen\u00ed agenti ciz\u00ed moci.<\/p>\n<p>To, \u017ee jim to tak p\u0159\u00ed\u0161ern\u011b vad\u00ed, je d\u016fkaz, \u017ee je to pot\u0159eba jak s\u016fl. V\u00a0Gruzii se kv\u016fli tomu dokonce pokusili svrhnout vl\u00e1du.<\/p>\n<p>Bude je\u0161t\u011b legrace.<\/p>\n<p><em>Daniel V\u00e1vra na sv\u00e9m\u00a0<a href=\"https:\/\/www.facebook.com\/daniel.vavra\">FB<\/a><\/em><\/p>\n<p><img decoding=\"async\" loading=\"lazy\" class=\"alignnone size-full wp-image-22063\" src=\"http:\/\/www.infokuryr.cz\/n\/wp-content\/uploads\/2023\/02\/daniel-vavra.jpg\" alt=\"\" width=\"180\" height=\"180\" srcset=\"https:\/\/www.infokuryr.cz\/n\/wp-content\/uploads\/2023\/02\/daniel-vavra.jpg 180w, https:\/\/www.infokuryr.cz\/n\/wp-content\/uploads\/2023\/02\/daniel-vavra-150x150.jpg 150w\" sizes=\"(max-width: 180px) 100vw, 180px\" \/><\/p>\n<p>&nbsp;<\/p>\n","protected":false},"excerpt":{"rendered":"<p>M\u016f\u017eete mi pros\u00edm vysv\u011btlit, pro\u010d by m\u011bl b\u00fdt fakt, \u017ee \u201cneziskovka\u201d bude muset uv\u00e1d\u011bt zdroj&#8230;<\/p>\n","protected":false},"author":2,"featured_media":101660,"comment_status":"closed","ping_status":"closed","sticky":false,"template":"","format":"standard","meta":[],"categories":[6],"tags":[2462,45,1503,2320,10717],"_links":{"self":[{"href":"https:\/\/www.infokuryr.cz\/n\/wp-json\/wp\/v2\/posts\/101659"}],"collection":[{"href":"https:\/\/www.infokuryr.cz\/n\/wp-json\/wp\/v2\/posts"}],"about":[{"href":"https:\/\/www.infokuryr.cz\/n\/wp-json\/wp\/v2\/types\/post"}],"author":[{"embeddable":true,"href":"https:\/\/www.infokuryr.cz\/n\/wp-json\/wp\/v2\/users\/2"}],"replies":[{"embeddable":true,"href":"https:\/\/www.infokuryr.cz\/n\/wp-json\/wp\/v2\/comments?post=101659"}],"version-history":[{"count":0,"href":"https:\/\/www.infokuryr.cz\/n\/wp-json\/wp\/v2\/posts\/101659\/revisions"}],"wp:featuredmedia":[{"embeddable":true,"href":"https:\/\/www.infokuryr.cz\/n\/wp-json\/wp\/v2\/media\/101660"}],"wp:attachment":[{"href":"https:\/\/www.infokuryr.cz\/n\/wp-json\/wp\/v2\/media?parent=101659"}],"wp:term":[{"taxonomy":"category","embeddable":true,"href":"https:\/\/www.infokuryr.cz\/n\/wp-json\/wp\/v2\/categories?post=101659"},{"taxonomy":"post_tag","embeddable":true,"href":"https:\/\/www.infokuryr.cz\/n\/wp-json\/wp\/v2\/tags?post=101659"}],"curies":[{"name":"wp","href":"https:\/\/api.w.org\/{rel}","templated":true}]}}