{"id":101654,"date":"2026-03-12T00:16:31","date_gmt":"2026-03-11T23:16:31","guid":{"rendered":"https:\/\/www.infokuryr.cz\/n\/?p=101654"},"modified":"2026-03-11T08:24:49","modified_gmt":"2026-03-11T07:24:49","slug":"cech-ngoc-uvizl-ve-vietnamu-a-zada-repatriaci-multikulturni-masirka-jede-na-plny-plyn-i-v-dobe-agrese-proti-iranu","status":"publish","type":"post","link":"https:\/\/www.infokuryr.cz\/n\/2026\/03\/12\/cech-ngoc-uvizl-ve-vietnamu-a-zada-repatriaci-multikulturni-masirka-jede-na-plny-plyn-i-v-dobe-agrese-proti-iranu\/","title":{"rendered":"\u201e\u010cech\u201c Ngoc uv\u00edzl ve Vietnamu a \u017e\u00e1d\u00e1 repatriaci\u2026 Multikulturn\u00ed mas\u00edrka jede na pln\u00fd plyn i v dob\u011b agrese proti Ir\u00e1nu"},"content":{"rendered":"<div id=\"fb-root\"><\/div>\n<p>Multikulturn\u00ed mas\u00edrka se nezastavila ani v dob\u011b izraelsko-americk\u00e9 agrese proti Ir\u00e1nu. D\u00edky \u00fatok\u016fm na Ir\u00e1n do\u0161lo k zastaven\u00ed \u010d\u00e1sti leteck\u00e9 dopravy a v cizin\u011b uv\u00edzly tis\u00edce turist\u016f. Mezi nimi i \u010cech\u016f. Z n\u011bjak\u00e9ho z\u00e1hadn\u00e9ho d\u016fvodu si ale \u201e\u010desk\u00e1\u201c mainstreamov\u00e1 (\u201enez\u00e1visl\u00e1\u201c) m\u00e9dia vyb\u00edraj\u00ed p\u0159i reportov\u00e1n\u00ed o t\u00e9to ud\u00e1losti \u201etypick\u00e9\u201c \u010cechy.<\/p>\n<p>Nap\u0159\u00edklad j<strong>ako \u201etypick\u00fd \u010cech\u201c je prezentov\u00e1n j<a href=\"https:\/\/zpravy.aktualne.cz\/zahranici\/cesta-zpet-vyjde-na-200-tisic-brana-do-asie-je-zavrena-na-vychode-uvizly-tisice-cechu\/r~aaa2914bc6bd7e121d9a81ac3844cb13\/\">ist\u00fd pan Ngoc<\/a>, kter\u00fd vlastn\u00ed v Brn\u011b ve\u010derku a vietnamskou restauraci.<\/strong> Ten \u00fadajn\u011b uv\u00edzl ve Vietnamu, kde byl na dovolen\u00e9 nyn\u00ed b\u011bduje, \u017ee nem\u016f\u017ee zp\u011bt do \u010cech.<\/p>\n<p><strong>Server aktu\u00e1ln\u011b jist\u011b nemohl naj\u00edt n\u011bjak\u00e9ho etnick\u00e9ho \u010cecha, kter\u00fd za\u017e\u00edv\u00e1 n\u011bco podobn\u00e9ho, \u017ee?<\/strong>!<\/p>\n<p><strong>C\u00edlem t\u00e9to multikulturn\u00ed mas\u00edrky je vytvo\u0159it pocit, \u017ee b\u00fdt \u010cech u\u017e neznamen\u00e1 b\u00fdt b\u00edl\u00fd a narodit se \u010desk\u00fdm rodi\u010d\u016fm. \u201e\u010cech\u201c p\u0159ece m\u016f\u017ee b\u00fdt i Vietnamec, \u010dernoch, Arab, P\u00e1kist\u00e1nec atd\u2026 , kter\u00e9mu zrovna je v na\u0161\u00ed kolonii ud\u011blen n\u00e1\u0161 pas<\/strong>.<\/p>\n<p>C\u00edlem t\u00e9hle lump\u00e1rny je likvidace \u010desk\u00e9ho n\u00e1roda a st\u00e1tu.<\/p>\n<p>Bra\u0148me se tomu, dokud je \u010das.<\/p>\n<p><a href=\"https:\/\/ceskavec.com\/2026\/03\/cech-ngoc-uvizl-ve-vietnamu-a-zada-repatriaci-multikulturni-masirka-jede-na-plny-plyn-i-v-dobe-agrese-proti-iranu\">Aron G.<\/a><\/p>\n<p>&nbsp;<\/p>\n","protected":false},"excerpt":{"rendered":"<p>Multikulturn\u00ed mas\u00edrka se nezastavila ani v dob\u011b izraelsko-americk\u00e9 agrese proti Ir\u00e1nu. D\u00edky \u00fatok\u016fm na Ir\u00e1n&#8230;<\/p>\n","protected":false},"author":2,"featured_media":76825,"comment_status":"closed","ping_status":"closed","sticky":false,"template":"","format":"standard","meta":[],"categories":[6],"tags":[1503,158,1051],"_links":{"self":[{"href":"https:\/\/www.infokuryr.cz\/n\/wp-json\/wp\/v2\/posts\/101654"}],"collection":[{"href":"https:\/\/www.infokuryr.cz\/n\/wp-json\/wp\/v2\/posts"}],"about":[{"href":"https:\/\/www.infokuryr.cz\/n\/wp-json\/wp\/v2\/types\/post"}],"author":[{"embeddable":true,"href":"https:\/\/www.infokuryr.cz\/n\/wp-json\/wp\/v2\/users\/2"}],"replies":[{"embeddable":true,"href":"https:\/\/www.infokuryr.cz\/n\/wp-json\/wp\/v2\/comments?post=101654"}],"version-history":[{"count":0,"href":"https:\/\/www.infokuryr.cz\/n\/wp-json\/wp\/v2\/posts\/101654\/revisions"}],"wp:featuredmedia":[{"embeddable":true,"href":"https:\/\/www.infokuryr.cz\/n\/wp-json\/wp\/v2\/media\/76825"}],"wp:attachment":[{"href":"https:\/\/www.infokuryr.cz\/n\/wp-json\/wp\/v2\/media?parent=101654"}],"wp:term":[{"taxonomy":"category","embeddable":true,"href":"https:\/\/www.infokuryr.cz\/n\/wp-json\/wp\/v2\/categories?post=101654"},{"taxonomy":"post_tag","embeddable":true,"href":"https:\/\/www.infokuryr.cz\/n\/wp-json\/wp\/v2\/tags?post=101654"}],"curies":[{"name":"wp","href":"https:\/\/api.w.org\/{rel}","templated":true}]}}