{"id":101652,"date":"2026-03-12T00:13:36","date_gmt":"2026-03-11T23:13:36","guid":{"rendered":"https:\/\/www.infokuryr.cz\/n\/?p=101652"},"modified":"2026-03-11T08:22:53","modified_gmt":"2026-03-11T07:22:53","slug":"jindrich-kulhavy-nic-neni-v-poradku","status":"publish","type":"post","link":"https:\/\/www.infokuryr.cz\/n\/2026\/03\/12\/jindrich-kulhavy-nic-neni-v-poradku\/","title":{"rendered":"Jind\u0159ich Kulhav\u00fd: Nic nen\u00ed v po\u0159\u00e1dku"},"content":{"rendered":"<div id=\"fb-root\"><\/div>\n<p><span class=\"anotation\">V\u00fdsledky voleb v\u00a0n\u011bmeck\u00e9 spolkov\u00e9 republice Badensko-W\u00fcrttenbersko jsou pro mnoh\u00e9 z\u00a0n\u00e1s \u0161okem. V\u00a0dob\u011b, kdy Green Deal a protirusk\u00e9 sankce likviduj\u00ed n\u011bmeck\u00fd pr\u016fmysl a sni\u017euj\u00ed po\u010det pracovn\u00edch m\u00edst, cel\u00e1 zem\u011b se pot\u00fdk\u00e1 s\u00a0n\u00e1sledky migrace, je vyhr\u00e1li Zelen\u00ed t\u011bsn\u011b p\u0159ed CDU (K\u0159es\u0165anskodemokratick\u00e1 unie kancl\u00e9\u0159e Merze). Tedy dva subjekty stoj\u00edc\u00ed za destrukc\u00ed N\u011bmecka.<\/span><\/p>\n<div id=\"pagetext\">\n<p>Zelen\u00ed jsou obdobou na\u0161ich Pir\u00e1t\u016f a pod\u00edl\u00ed se na evropsk\u00e9 zelen\u00e9 politice m\u00edrou nev\u00eddanou. Jejich ideologii lze pova\u017eovat za stejn\u011b nebezpe\u010dnou, jako byla nacistick\u00e1. U\u017e jejich n\u00e1zev nazna\u010duje, kam sm\u011b\u0159uj\u00ed. Progresivismus, podpora LGBT a migrace jsou dal\u0161\u00ed ned\u00edlnou sou\u010d\u00e1st\u00ed strany, kter\u00e1 by m\u011bla b\u00fdt p\u0159i nejhor\u0161\u00edm minoritn\u00edm \u00fatvarem kdesi v kout\u011b politick\u00e9ho spektra, tedy podobn\u011b, jako Pir\u00e1ti u n\u00e1s. P\u0159esto\u017ee ka\u017ed\u00fd rozumn\u00fd \u010dlov\u011bk vn\u00edm\u00e1 tragick\u00e9 dopady jejich agresivn\u00edho p\u0159\u00edstupu k politice, v ji\u017e zm\u00edn\u011bn\u00e9 n\u011bmeck\u00e9 spolkov\u00e9 zemi je pravd\u011bpodobn\u011b p\u0159ebytek masochist\u016f, kter\u00fdm ani sou\u010dasn\u00fd propad n\u011bmeck\u00e9 ekonomiky nesta\u010d\u00ed a s p\u0159ebytkem naivity sv\u00fdmi hlasy zlomili vzty\u010den\u00fd varovn\u00fd prst. Chcete v\u00edce v\u011btrn\u00fdch a sol\u00e1rn\u00edch elektr\u00e1ren, m\u00e9n\u011b Volkswagen\u016f, Mercedes\u016f a BMW, volte Zelen\u00e9 (u n\u00e1s Pir\u00e1ty). Tou\u017e\u00edte po elektromobilech z \u010c\u00edny, zbouran\u00fdch klasick\u00fdch a jadern\u00fdch elektr\u00e1rn\u00e1ch, nezam\u011bstnanosti a dal\u0161\u00edch migrantech, p\u0159est\u011bhujte se do Badensko-W\u00fcrttenberska. A mimochodem, m\u00edstn\u00edm l\u00eddrem Zelen\u00fdch je syn tureck\u00fdch rodi\u010d\u016f Cem \u00d6zdemir. I to o n\u011b\u010dem sv\u011bd\u010d\u00ed. Bude st\u00e1t v \u010dele zemsk\u00e9 vl\u00e1dy. To se v N\u011bmecku stane poprv\u00e9.<\/p>\n<p>Druh\u00e9 t\u011bsn\u00e9 m\u00edsto CDU, kterou vedla dlouh\u00e9 roky Angela Merkelov\u00e1, je stejn\u00fdm d\u016fkazem \u00fachylnosti a nepou\u010ditelnosti n\u011bmeck\u00e9ho n\u00e1roda. My to zvl\u00e1dneme (Wir shaffen das) tvrdila p\u0159i obhajob\u011b migrace a do sv\u00e9ho odchodu z vedouc\u00ed funkce z nastoupen\u00e9ho kurzu neuhnula. Mezit\u00edm stoupnula v N\u011bmecku kriminalita zp\u016fsoben\u00e1 nep\u0159izp\u016fsobivost\u00ed migrant\u016f, mno\u017e\u00ed se i nad\u00e1le ozbrojen\u00e9 \u00fatoky na rodil\u00e9 N\u011bmce, zn\u00e1sil\u0148ov\u00e1n\u00ed je na denn\u00edm po\u0159\u00e1dku, soci\u00e1ln\u00ed politika vzala za sv\u00e9 p\u0159edev\u0161\u00edm v oblasti p\u00e9\u010de o N\u011bmce, ve \u0161kol\u00e1ch u\u017e p\u0159evy\u0161uje po\u010det potomk\u016f migrant\u016f n\u011bmeck\u00e9 \u0161kol\u00e1ky a v\u00fdkonnost n\u011bmeck\u00e9 ekonomiky kles\u00e1 ke dnu. Sou\u010dasn\u00fd p\u0159edseda CDU a kancl\u00e9\u0159 Merz se vyzna\u010duje agresivn\u00edm odm\u00edt\u00e1n\u00edm spolupr\u00e1ce s Ruskem, d\u016fraznou podporou Ukrajiny a militantn\u00edm chov\u00e1n\u00edm. Je\u0161t\u011b ned\u00e1vno vyb\u00edzel k v\u00e1lce s Putinem, k blok\u00e1d\u011b Severn\u00edho mo\u0159e.<\/p>\n<p>Pokud se V\u00e1m zd\u00e1, \u017ee se \u010d\u00e1st N\u011bmc\u016f zbl\u00e1znila, m\u00fdl\u00edte se. Maj\u00ed li toti\u017e na\u0161i z\u00e1padn\u00ed soused\u00e9 n\u011bco tot\u00e1ln\u011b pokazit, dot\u00e1hnou to v\u017edy k dokonalosti. P\u0159esto\u017ee nakonec poka\u017ed\u00e9 dostanou za vyu\u010denou, nic je v jejich ta\u017een\u00ed nezastav\u00ed. Varovn\u00e9 sign\u00e1ly jsou k ni\u010demu, oni to p\u0159eci zvl\u00e1dnou. Smutn\u00e9 na tom je, \u017ee s sebou stahuj\u00ed i n\u00e1s, proto\u017ee na\u0161i proz\u0159eteln\u00ed politici dlouhodob\u011b pracovali na v\u011bt\u0161\u00edm sep\u011bt\u00ed s velk\u00fdm N\u011bmeckem. Mysl\u00edc\u00ed \u010dlov\u011bk by o\u010dek\u00e1val, \u017ee vl\u00e1du p\u0159evezme AfD nebo \u017ee stoupne po\u010det voli\u010d\u016f levicov\u00e9 strany\u00a0 BSW, kterou vedla do sv\u00e9ho odstoupen\u00ed S\u00e1ra Wagneknechtov\u00e1. Nic z toho se nestalo. N\u011bmci si pohl\u00eddali sv\u016fj Green Deal, odm\u00edtli nepatrn\u00fd odklon CDU od podpory t\u00e9to ideologie vznikl\u00fd drsn\u00fdmi d\u016fsledky politiky Ursuly von der Leyen a pravd\u011bpodobn\u011b v d\u016fsledku toho, \u017ee tato spolkov\u00e1 zem\u011b pat\u0159\u00ed k t\u0159em nejbohat\u0161\u00edm oblastem v N\u011bmecku, si mysl\u00ed, \u017ee tomu nad\u00e1le bude stejn\u011b. Pro Merze jde o drsnou por\u00e1\u017eku, pro Zelen\u00e9 o obrovskou vzpruhu. Vzestup AfD (skoro 19% hlas\u016f je velk\u00fd skok) vn\u00edm\u00e1me jako jedin\u00e9 pozitivum, naopak znovuzrozen\u00ed Zelen\u00fdch jako varov\u00e1n\u00ed.<\/p>\n<p>U n\u00e1s do\u0161lo k n\u011b\u010demu, co je stejn\u011b alarmuj\u00edc\u00ed. S v\u00fdjimkou SPD ostatn\u00ed poslanci Sn\u011bmovny neodm\u00edtnuli dal\u0161\u00ed z \u00fachylnost\u00ed jdouc\u00ed z Bruselu. Jedn\u00e1 se o unijn\u00ed cenzurn\u00ed z\u00e1kon DSA\u00a0 omezuj\u00edc\u00ed svobodu slova. Proti samotn\u00e9mu 2.\u010dten\u00ed se vzep\u0159elo 7 poslanc\u016f v\u010detn\u011b Tomio Okamury a Mark\u00e9ty \u0160ichta\u0159ov\u00e9. Na\u0161i poslanci, tedy i v\u011bt\u0161ina vl\u00e1dn\u00ed koalice, tak op\u011bt podlehli tlaku EU a p\u0159idali se k projedn\u00e1v\u00e1n\u00ed n\u011b\u010deho, co n\u00e1m v\u0161em kritik\u016fm eurohujersk\u00e9ho re\u017eimu m\u00e1 zav\u0159\u00edt \u00fasta i mo\u017enost je otev\u0159\u00edt nap\u0159\u00edklad na soci\u00e1ln\u00edch s\u00edt\u00edch. Cenzura je nep\u0159\u00edpustn\u00fdm poru\u0161en\u00edm na\u0161\u00ed \u00dastavy a jedn\u00e1 se o bezprecedentn\u00ed ohnut\u00ed p\u00e1te\u0159e. Mark\u00e9ta \u0160ichta\u0159ov\u00e1 v reakci na tento stav \u201epolo\u017eila\u201c sv\u016fj mand\u00e1t ve Sn\u011bmovn\u011b p\u0159ekvapiv\u011b za Svobodn\u00e9 kon\u010d\u00ed. Mo\u017en\u00e1 je dal\u0161\u00edm d\u016fvodem kritika na jej\u00ed dosavadn\u00ed pr\u00e1ce, zam\u011bstn\u00e1n\u00ed partnera ve Sn\u011bmovn\u011b a z\u00e1m\u011br propagovat vlastn\u00ed aktivitu v obchodu se zlatem, nicm\u00e9n\u011b ochota poslanc\u016f i jen jednat o cenzu\u0159e (kterou nakonec s chv\u00e1l\u00ed) je ostudou, kterou bychom \u010dekali od minul\u00e9 Sn\u011bmovny, nikoliv od st\u00e1vaj\u00edc\u00ed.<\/p>\n<p>\u00cdr\u00e1n dnes t\u00e9m\u011b\u0159 vypou\u0161t\u00edme, pr\u00e1sk\u00e1 to tam na v\u0161echny strany a zpr\u00e1vy jsou velmi protich\u016fdn\u00e9. Jist\u00e9 je, \u017ee Trump podcenil p\u0159ipravenost \u00cdr\u00e1nc\u016f, naopak p\u0159ecenil dokonalost Izraelc\u016f, ochotu arabsk\u00fdch \u0161ejk\u016f nechat si zni\u010dit sv\u016fj r\u00e1j a nepochopil, \u017ee do \u010dela Spojen\u00fdch st\u00e1t\u016f ho nominovalo n\u011bco \u00fapln\u011b jin\u00e9ho ne\u017e napad\u00e1n\u00ed ostatn\u00edch zem\u00ed. D\u016fsledky toho vid\u00edme nejen na burz\u00e1ch, obchodech s ropou \u010di na chov\u00e1n\u00ed Black rocku, ale i p\u0159i ka\u017ed\u00e9m tankov\u00e1n\u00ed a brzy i jin\u00e9m n\u00e1kupu. Tak\u00e9 se nechceme zab\u00fdvat Ukrajinou, o kter\u00e9 Lipavsk\u00fd a Seznam tvrd\u00ed, \u017ee nad Ruskem vyhr\u00e1v\u00e1, zat\u00edmco Rusov\u00e9 \u00fasp\u011b\u0161n\u011b likviduj\u00ed t\u00fdl a vojensk\u00e9 z\u00e1sobovac\u00ed trasy \u010di vel\u00edc\u00ed centra. A byl to Trump, kdo volal do Kremlu Putinovi, ani\u017e by ho zaj\u00edmal blahobyt Zelesk\u00e9ho. Co u\u017e v\u016fbec nebudeme \u0159e\u0161it, je st\u00ednov\u00e1 vl\u00e1da ODS. Oni v\u016fbec nepochopili, \u017ee jsou jako ti N\u011bmci. Po\u0161kodili \u010di zni\u010dili v\u0161e, co mohli, chyb\u00ed jak\u00e1koliv sebereflexe. A dle vzoru CDU a Zelen\u00fdch bude ODS spolupracovat v nejbli\u017e\u0161\u00edch komun\u00e1ln\u00edch volb\u00e1ch v Brn\u011b s Pir\u00e1ty. Brno m\u011blo v\u017edy n\u011bco \u201ejin\u00e9ho\u201c a ODS m\u00e1\u00a0 k pravici d\u00e1le ne\u017e tu\u0161\u00ed.<\/p>\n<p><a href=\"https:\/\/www.inadhled.live\/zajimavosti\/nic-neni-v-poradku\/\">Jind\u0159ich Kulhav\u00fd<\/a><\/p>\n<p><img decoding=\"async\" loading=\"lazy\" class=\"alignnone size-full wp-image-48136\" src=\"http:\/\/www.infokuryr.cz\/n\/wp-content\/uploads\/2024\/02\/kulhavy-jindrich.jpg\" alt=\"\" width=\"219\" height=\"221\" srcset=\"https:\/\/www.infokuryr.cz\/n\/wp-content\/uploads\/2024\/02\/kulhavy-jindrich.jpg 219w, https:\/\/www.infokuryr.cz\/n\/wp-content\/uploads\/2024\/02\/kulhavy-jindrich-150x150.jpg 150w\" sizes=\"(max-width: 219px) 100vw, 219px\" \/><\/p>\n<p>&nbsp;<\/p>\n<\/div>\n","protected":false},"excerpt":{"rendered":"<p>V\u00fdsledky voleb v\u00a0n\u011bmeck\u00e9 spolkov\u00e9 republice Badensko-W\u00fcrttenbersko jsou pro mnoh\u00e9 z\u00a0n\u00e1s \u0161okem. V\u00a0dob\u011b, kdy Green Deal&#8230;<\/p>\n","protected":false},"author":2,"featured_media":101653,"comment_status":"closed","ping_status":"closed","sticky":false,"template":"","format":"standard","meta":[],"categories":[6],"tags":[1503,84,863,103],"_links":{"self":[{"href":"https:\/\/www.infokuryr.cz\/n\/wp-json\/wp\/v2\/posts\/101652"}],"collection":[{"href":"https:\/\/www.infokuryr.cz\/n\/wp-json\/wp\/v2\/posts"}],"about":[{"href":"https:\/\/www.infokuryr.cz\/n\/wp-json\/wp\/v2\/types\/post"}],"author":[{"embeddable":true,"href":"https:\/\/www.infokuryr.cz\/n\/wp-json\/wp\/v2\/users\/2"}],"replies":[{"embeddable":true,"href":"https:\/\/www.infokuryr.cz\/n\/wp-json\/wp\/v2\/comments?post=101652"}],"version-history":[{"count":0,"href":"https:\/\/www.infokuryr.cz\/n\/wp-json\/wp\/v2\/posts\/101652\/revisions"}],"wp:featuredmedia":[{"embeddable":true,"href":"https:\/\/www.infokuryr.cz\/n\/wp-json\/wp\/v2\/media\/101653"}],"wp:attachment":[{"href":"https:\/\/www.infokuryr.cz\/n\/wp-json\/wp\/v2\/media?parent=101652"}],"wp:term":[{"taxonomy":"category","embeddable":true,"href":"https:\/\/www.infokuryr.cz\/n\/wp-json\/wp\/v2\/categories?post=101652"},{"taxonomy":"post_tag","embeddable":true,"href":"https:\/\/www.infokuryr.cz\/n\/wp-json\/wp\/v2\/tags?post=101652"}],"curies":[{"name":"wp","href":"https:\/\/api.w.org\/{rel}","templated":true}]}}