{"id":101637,"date":"2026-03-12T00:18:42","date_gmt":"2026-03-11T23:18:42","guid":{"rendered":"https:\/\/www.infokuryr.cz\/n\/?p=101637"},"modified":"2026-03-11T07:59:56","modified_gmt":"2026-03-11T06:59:56","slug":"rakousko-falesna-iranska-kosmeticka-ktera-ve-vidni-zpackala-zakroky-u-88-pacientu-se-kvuli-valce-s-iranem-vyhnula-soudu","status":"publish","type":"post","link":"https:\/\/www.infokuryr.cz\/n\/2026\/03\/12\/rakousko-falesna-iranska-kosmeticka-ktera-ve-vidni-zpackala-zakroky-u-88-pacientu-se-kvuli-valce-s-iranem-vyhnula-soudu\/","title":{"rendered":"Rakousko: Fale\u0161n\u00e1 \u00edr\u00e1nsk\u00e1 \u201ekosmeti\u010dka\u201c, kter\u00e1 ve V\u00eddni zpackala z\u00e1kroky u 88 pacient\u016f, se kv\u016fli v\u00e1lce s \u00cdr\u00e1nem vyhnula soudu"},"content":{"rendered":"<div id=\"fb-root\"><\/div>\n<h3 class=\"s-tagline fw-tagline\"><span dir=\"auto\">\u00cdr\u00e1nsk\u00e9 \u017eeny \u00fadajn\u011b provedly slo\u017eit\u00e9 z\u00e1kroky a l\u00e9\u010debn\u00e9 postupy, kter\u00e9 des\u00edtky ob\u011bt\u00ed zranily, znetvo\u0159ily a n\u00e1sledn\u011b trp\u011bly bolestmi<\/span><\/h3>\n<p><span dir=\"auto\">P\u011bta\u010dty\u0159icetilet\u00e1 \u017eena, kter\u00e1 \u00fadajn\u011b zpackala kosmetick\u00e9 z\u00e1kroky u nejm\u00e9n\u011b 88 pacient\u016f v\u00edde\u0148sk\u00e9 kosmetick\u00e9 klinice, se nedostav\u00ed p\u0159ed v\u00edde\u0148sk\u00fd zemsk\u00fd soud. Jej\u00ed v\u00fdmluvou je, \u017ee se moment\u00e1ln\u011b nach\u00e1z\u00ed v \u00cdr\u00e1nu a kv\u016fli prob\u00edhaj\u00edc\u00ed v\u00e1lce nem\u016f\u017ee cestovat.<\/span><\/p>\n<p><span dir=\"auto\">P\u0159\u00edpad proti Sanaz M. byl ji\u017e s\u00e1m o sob\u011b pom\u011brn\u011b pozoruhodn\u00fd. \u017dena \u00edr\u00e1nsk\u00e9ho p\u016fvodu je spolu se svou sestrou obvin\u011bna z provozov\u00e1n\u00ed podvodn\u00e9 kosmetick\u00e9 praxe s n\u00e1zvem \u201eWeUtyful\u201c, kter\u00e1 se nach\u00e1z\u00ed jen p\u00e1r krok\u016f od katedr\u00e1ly svat\u00e9ho \u0160t\u011bp\u00e1na v centru V\u00eddn\u011b. Ani jedna z \u017een podle st\u00e1tn\u00edch z\u00e1stupc\u016f nikdy nem\u011bla platnou l\u00e9ka\u0159skou kvalifikaci.<\/span><\/p>\n<p><span dir=\"auto\">Navzdory t\u00e9to realit\u011b ob\u011b \u017eeny \u00fadajn\u011b provedly slo\u017eit\u00e9 operace a l\u00e9\u010debn\u00e9 z\u00e1kroky, kter\u00e9 des\u00edtky ob\u011bt\u00ed zranily, znetvo\u0159ily a trp\u011bly bolestmi.<\/span><\/p>\n<p><span dir=\"auto\">Nicm\u00e9n\u011b ob\u011b \u017eeny se pacient\u016fm i person\u00e1lu sebev\u011bdom\u011b prezentovaly jako vy\u0161kolen\u00e9 l\u00e9ka\u0159ky \u2013 Sanaz M. se p\u0159i ka\u017ed\u00e9 p\u0159\u00edle\u017eitosti vyd\u00e1vala za \u201epan\u00ed Dr. Med.\u201c i p\u0159esto, \u017ee se, jak tvrd\u00ed soud, nikdy ne\u00fa\u010dastnila \u017e\u00e1dn\u00e9ho l\u00e9ka\u0159sk\u00e9ho programu.<\/span><\/p>\n<p><span dir=\"auto\">Nyn\u00ed, kdy\u017e u v\u00edde\u0148sk\u00e9ho zemsk\u00e9ho soudu prob\u00edh\u00e1 soudn\u00ed \u0159\u00edzen\u00ed, ob\u017ealovan\u00e1 vzk\u00e1zala, \u017ee se nem\u016f\u017ee z\u00fa\u010dastnit, a po\u017e\u00e1dala o p\u0159elo\u017een\u00ed term\u00ednu soudn\u00edho jedn\u00e1n\u00ed, \u201eproto\u017ee ob\u017ealovan\u00e1 v sou\u010dasn\u00e9 dob\u011b nem\u016f\u017ee odjet\u201c. \u017dena uvedla, \u017ee se v sou\u010dasn\u00e9 dob\u011b nach\u00e1z\u00ed v \u00cdr\u00e1nu a kv\u016fli v\u00e1lce nem\u016f\u017ee odjet.<\/span><\/p>\n<p><span dir=\"auto\">Toto vysv\u011btlen\u00ed zat\u00edm nevyvolalo mnoho soucitu. Jak vyj\u00e1d\u0159il pr\u00e1vn\u00edk jej\u00edch ob\u011bt\u00ed, Dr. Alfred Boran: \u201ePokud tato \u017eena zjevn\u011b d\u00e1v\u00e1 p\u0159ednost pobytu ve v\u00e1le\u010dn\u00e9 z\u00f3n\u011b ze strachu z procesu ve V\u00eddni, vypov\u00edd\u00e1 to o ob\u017ealovan\u00e9 hodn\u011b.\u201c<\/span><\/p>\n<p><span dir=\"auto\">Sedmadvacetistr\u00e1nkov\u00e1 ob\u017ealoba jasn\u011b ukazuje, pro\u010d m\u016f\u017ee b\u00fdt obvin\u011bn\u00ed z rakousk\u00e9ho soudu jen m\u00e1lo l\u00e1kav\u00e9. Mezi obvin\u011bn\u00edmi, kter\u00e1 jsou v n\u00ed zdokumentov\u00e1na, jsou popisy znetvo\u0159en\u00ed a bolestiv\u00fdch n\u00e1sledk\u016f u des\u00edtek pacient\u016f. Jedna z ob\u011bt\u00ed, pades\u00e1tilet\u00e1 zdravotn\u00ed sestra Sne\u017eana T., se na kliniku podrobila operaci nosu, o kter\u00e9 doufala, \u017ee bude drobnou rhinoplastikou. Z\u00e1krok j\u00ed zanechal trval\u00e9 fyzick\u00e9 a psychick\u00e9 \u00fajmy, se kter\u00fdmi \u017eije dodnes.<\/span><\/p>\n<p><span dir=\"auto\">Mezi dal\u0161\u00ed st\u00ed\u017enosti pacient\u016f uveden\u00e9 v ob\u017ealob\u011b pat\u0159\u00ed \u201etrval\u00e1 zm\u011bna v\u00fdrazu obli\u010deje, poklesl\u00e9 oko, zkamen\u011bl\u00fd obli\u010dej atd.\u201c.<\/span><\/p>\n<p><span dir=\"auto\">Pr\u00e1vn\u00edci Dr. Alfred Boran a Dr. Christian Werner, kte\u0159\u00ed spole\u010dn\u011b zastupuj\u00ed n\u011bkolik z 88 \u00fadajn\u00fdch ob\u011bt\u00ed, si ob\u017ealobu pe\u010dliv\u011b prostudovali. Poznamen\u00e1vaj\u00ed, \u017ee jedn\u00e1n\u00ed obou \u017een odhaluje, \u017ee \u201e\u0161lo o \u00famysln\u00e9 t\u011b\u017ek\u00e9 ubl\u00ed\u017een\u00ed na zdrav\u00ed\u201c.<\/span><\/p>\n<p><span dir=\"auto\">V\u00edde\u0148sk\u00e1 st\u00e1tn\u00ed zastupitelstv\u00ed p\u0159\u00edpad rovn\u011b\u017e pova\u017euje za \u00famysln\u00e9 zneu\u017e\u00edv\u00e1n\u00ed des\u00edtek pacient\u016f. St\u00e1tn\u00ed z\u00e1stupci tvrd\u00ed, \u017ee \u00edr\u00e1nsk\u00e1 ob\u017ealovan\u00e1 v\u011bdom\u011b akceptovala riziko zp\u016fsoben\u00ed v\u00e1\u017en\u00e9 \u00fajmy sv\u00fdm pacient\u016fm, a dosp\u011bli k z\u00e1v\u011bru, \u017ee poskytovan\u00e1 l\u00e9\u010dba se rovnala zjevn\u00e9mu \u0161arlat\u00e1nstv\u00ed \u2013 postup\u016fm, kter\u00e9 nebyly prov\u00e1d\u011bny \u201elege artis\u201c, co\u017e znamen\u00e1, \u017ee byly mimo jak\u00fdkoli uzn\u00e1van\u00fd standard legitimn\u00ed l\u00e9ka\u0159sk\u00e9 praxe.<\/span><\/p>\n<p><span dir=\"auto\">P\u0159\u00edpady cizinc\u016f pracuj\u00edc\u00edch s pad\u011blan\u00fdmi doklady jsou v z\u00e1padn\u00edch zem\u00edch b\u011b\u017en\u00e9, ale v mnoha p\u0159\u00edpadech se tyto podvodn\u00e9 diplomy nikdy neodhal\u00ed. Teprve v\u010dera Remix News informoval o b\u00fdval\u00e9m \u00edr\u00e1nsk\u00e9m \u017eadateli o azyl Taghim B., kter\u00fd je obvin\u011bn ze sexu\u00e1ln\u00edho napaden\u00ed n\u011bkolika d\u011bt\u00ed a dosp\u00edvaj\u00edc\u00edch b\u011bhem terapeutick\u00fdch sezen\u00ed, v\u010detn\u011b dev\u00edtilet\u00e9 d\u00edvky. Vy\u0161et\u0159ov\u00e1n\u00ed odhalilo, \u017ee mu\u017e, kter\u00fd pracoval v n\u011bmeck\u00e9m m\u011bst\u011b Nordhausen, pou\u017eil fale\u0161n\u00fd rusk\u00fd diplom.<\/span><\/p>\n<p><img decoding=\"async\" loading=\"lazy\" class=\"alignnone size-full wp-image-1185\" src=\"http:\/\/www.infokuryr.cz\/n\/wp-content\/uploads\/2021\/04\/kuryr-podpis.png\" alt=\"\" width=\"84\" height=\"24\" \/><\/p>\n<p>&nbsp;<\/p>\n","protected":false},"excerpt":{"rendered":"<p>\u00cdr\u00e1nsk\u00e9 \u017eeny \u00fadajn\u011b provedly slo\u017eit\u00e9 z\u00e1kroky a l\u00e9\u010debn\u00e9 postupy, kter\u00e9 des\u00edtky ob\u011bt\u00ed zranily, znetvo\u0159ily a&#8230;<\/p>\n","protected":false},"author":2,"featured_media":101638,"comment_status":"closed","ping_status":"closed","sticky":false,"template":"","format":"standard","meta":[],"categories":[7],"tags":[10715,1301,120,742],"_links":{"self":[{"href":"https:\/\/www.infokuryr.cz\/n\/wp-json\/wp\/v2\/posts\/101637"}],"collection":[{"href":"https:\/\/www.infokuryr.cz\/n\/wp-json\/wp\/v2\/posts"}],"about":[{"href":"https:\/\/www.infokuryr.cz\/n\/wp-json\/wp\/v2\/types\/post"}],"author":[{"embeddable":true,"href":"https:\/\/www.infokuryr.cz\/n\/wp-json\/wp\/v2\/users\/2"}],"replies":[{"embeddable":true,"href":"https:\/\/www.infokuryr.cz\/n\/wp-json\/wp\/v2\/comments?post=101637"}],"version-history":[{"count":0,"href":"https:\/\/www.infokuryr.cz\/n\/wp-json\/wp\/v2\/posts\/101637\/revisions"}],"wp:featuredmedia":[{"embeddable":true,"href":"https:\/\/www.infokuryr.cz\/n\/wp-json\/wp\/v2\/media\/101638"}],"wp:attachment":[{"href":"https:\/\/www.infokuryr.cz\/n\/wp-json\/wp\/v2\/media?parent=101637"}],"wp:term":[{"taxonomy":"category","embeddable":true,"href":"https:\/\/www.infokuryr.cz\/n\/wp-json\/wp\/v2\/categories?post=101637"},{"taxonomy":"post_tag","embeddable":true,"href":"https:\/\/www.infokuryr.cz\/n\/wp-json\/wp\/v2\/tags?post=101637"}],"curies":[{"name":"wp","href":"https:\/\/api.w.org\/{rel}","templated":true}]}}