{"id":101634,"date":"2026-03-12T00:15:50","date_gmt":"2026-03-11T23:15:50","guid":{"rendered":"https:\/\/www.infokuryr.cz\/n\/?p=101634"},"modified":"2026-03-11T08:25:09","modified_gmt":"2026-03-11T07:25:09","slug":"levicova-svedska-zastankyne-nucene-integrace-odmita-potvrdit-zda-se-osobne-prestehuje-do-predmesti-obyvanych-migranty","status":"publish","type":"post","link":"https:\/\/www.infokuryr.cz\/n\/2026\/03\/12\/levicova-svedska-zastankyne-nucene-integrace-odmita-potvrdit-zda-se-osobne-prestehuje-do-predmesti-obyvanych-migranty\/","title":{"rendered":"Levicov\u00e1 \u0161v\u00e9dsk\u00e1 zast\u00e1nkyn\u011b nucen\u00e9 integrace odm\u00edt\u00e1 potvrdit, zda se osobn\u011b p\u0159est\u011bhuje do p\u0159edm\u011bst\u00ed ob\u00fdvan\u00fdch migranty"},"content":{"rendered":"<div id=\"fb-root\"><\/div>\n<h3 class=\"s-tagline fw-tagline\"><span dir=\"auto\">Soci\u00e1ln\u00ed demokratka Lawen Redar se urazila, kdy\u017e byla nahr\u00e1v\u00e1na na ve\u0159ejn\u00e9m setk\u00e1n\u00ed v Malm\u00f6, a to uprost\u0159ed zpr\u00e1v, \u017ee sama ve \u0160v\u00e9dsku ani ne\u017eije trvale<\/span><\/h3>\n<div class=\"e-ct-outer\">\n<div class=\"entry-content rbct clearfix is-highlight-shares\">\n<p><span dir=\"auto\">\u0160v\u00e9dsk\u00fd levicov\u00fd politik, jeho\u017e strana prosazuje dal\u0161\u00ed prol\u00edn\u00e1n\u00ed m\u00edstn\u00edch obyvatel s komunitami migrant\u016f, aby se zm\u00edrnily obavy z integrace, odm\u00edtl odpov\u011bd\u011bt na ot\u00e1zky k tomuto t\u00e9matu, kdy\u017e byl o v\u00edkendu na sch\u016fzce v Malm\u00f6 vyzv\u00e1n.<\/span><\/p>\n<p><span dir=\"auto\">Lawen Redar, mluv\u010d\u00ed soci\u00e1ln\u00edch demokrat\u016f pro integraci a architekt nov\u00e9 strategie strany pro boj proti segregaci, byl vysl\u00fdch\u00e1n politikem z Malm\u00f6 Nilsem Littorinem, kter\u00fd vede stranu Malm\u00f6 List.<\/span><\/p>\n<p><span dir=\"auto\">Littorin oslovila Redarovou na ve\u0159ejn\u00e9m setk\u00e1n\u00ed, kter\u00e9 po\u0159\u00e1dala ve \u0161v\u00e9dsk\u00e9m m\u011bst\u011b, ale levicov\u00e1 politi\u010dka proti nat\u00e1\u010den\u00ed v\u00fdm\u011bny n\u00e1zor\u016f protestovala a rychle ode\u0161la, odm\u00edtla odpov\u00eddat na jak\u00e9koli ot\u00e1zky.<\/span><\/p>\n<p><span dir=\"auto\">Remix News zve\u0159ejnil anglick\u00fd p\u0159eklad v\u00fdm\u011bny.<\/span><\/p>\n<p><span dir=\"auto\">\u201eTo nen\u00ed v po\u0159\u00e1dku. Nezeptal ses m\u011b p\u0159edem. Ne. Vypni to. Vypni to,\u201c \u0159ekla Redar, kdy\u017e si v\u0161imla, \u017ee Littorin nat\u00e1\u010d\u00ed.<\/span><\/p>\n<p><span dir=\"auto\">Kdy\u017e Littorin odm\u00edtl, Redar mu \u0159ekl: \u201eMus\u00ed\u0161 se m\u011b zeptat, jestli se m\u011b chce\u0161 na n\u011bco zeptat a jestli chci b\u00fdt nat\u00e1\u010den.\u201c<\/span><\/p>\n<p><span dir=\"auto\">Littorin ji zpochybnil kv\u016fli postoji jej\u00ed strany k nucen\u00e9mu us\u00eddlen\u00ed \u0161v\u00e9dsk\u00fdch ob\u010dan\u016f v hust\u011b os\u00eddlen\u00fdch migrantsk\u00fdch p\u0159edm\u011bst\u00edch \u0161v\u00e9dsk\u00fdch m\u011bst. Strana nazna\u010duje, \u017ee takov\u00fd krok je nezbytn\u00fdm radik\u00e1ln\u00edm opat\u0159en\u00edm ke zm\u00edrn\u011bn\u00ed obav z integrace.<\/span><\/p>\n<p><span dir=\"auto\">Redarov\u00e9 se ptali, zda by se osobn\u011b p\u0159est\u011bhovala do jednoho z t\u011bchto p\u0159edm\u011bst\u00ed posti\u017een\u00fdch politick\u00fdmi n\u00e1vrhy jej\u00ed strany, z nich\u017e mnoh\u00e1 jsou nyn\u00ed su\u017eov\u00e1na paraleln\u00edmi spole\u010dnostmi a rostouc\u00edm n\u00e1sil\u00edm gang\u016f.<\/span><\/p>\n<p><span dir=\"auto\">Odm\u00edtla na ot\u00e1zku odpov\u011bd\u011bt, p\u0159esto\u017ee byla jednou z hlavn\u00edch zast\u00e1nky\u0148 t\u00e9to politiky.<\/span><\/p>\n<p><span dir=\"auto\">\u201eBereme to v\u00e1\u017en\u011b s t\u00edm, \u017ee m\u00e1me v \u00famyslu prolomit segregaci a vyu\u017e\u00edt bytovou politiku jako motor v t\u00e9to pr\u00e1ci,\u201c uvedla p\u0159i prezentaci nov\u00e9ho programu strany.<\/span><\/p>\n<p><span dir=\"auto\">N\u00e1vrhy zahrnuj\u00ed zabr\u00e1n\u011bn\u00ed usazov\u00e1n\u00ed nov\u011b p\u0159\u00edchoz\u00edch migrant\u016f v ji\u017e tak probl\u00e9mov\u00fdch okresech, podporu demografick\u00e9 rozmanitosti v obytn\u00fdch oblastech a p\u0159epracov\u00e1n\u00ed bytov\u00e9 v\u00fdstavby tak, aby lid\u00e9 z r\u016fzn\u00fdch socioekonomick\u00fdch prost\u0159ed\u00ed \u017eili spole\u010dn\u011b.<\/span><\/p>\n<p><span dir=\"auto\">Jej\u00ed p\u0159edsedkyn\u011b strany Magdalena Anderssonov\u00e1 podobn\u011b argumentovala, \u017ee \u0160v\u00e9dsko se mus\u00ed vyhnout vzniku etnick\u00fdch enkl\u00e1v a podporovat sm\u00ed\u0161en\u00e9 komunity. \u201eNechceme ve \u0160v\u00e9dsku vid\u011bt \u010d\u00ednskou \u010dtvr\u0165, Somalitown ani Malou It\u00e1lii,\u201c \u0159ekla Anderssonov\u00e1 d\u0159\u00edve. \u201eM\u011bli bychom b\u00fdt schopni \u017e\u00edt sm\u00ed\u0161en\u00e9 a sm\u00ed\u0161en\u00e9 s vyu\u017eit\u00edm zku\u0161enost\u00ed, kter\u00e9 m\u00e1me.\u201c<\/span><\/p>\n<div class=\"wp-block-image\">\n<figure class=\"aligncenter size-full\"><img decoding=\"async\" loading=\"lazy\" class=\"wp-image-159283 aligncenter\" src=\"https:\/\/rmx.news\/wp-content\/uploads\/2026\/03\/Screenshot-2026-03-10-123343.png\" sizes=\"auto, (max-width: 608px) 100vw, 608px\" srcset=\"https:\/\/rmx.news\/wp-content\/uploads\/2026\/03\/Screenshot-2026-03-10-123343.png 608w, https:\/\/rmx.news\/wp-content\/uploads\/2026\/03\/Screenshot-2026-03-10-123343-500x428.png 500w\" alt=\"\" width=\"566\" height=\"484\" \/><\/figure>\n<\/div>\n<p><span dir=\"auto\">Ned\u011bln\u00ed konfrontace upoutala pozornost nejen na samotnou politiku, ale tak\u00e9 na Redarovy vlastn\u00ed \u017eivotn\u00ed podm\u00ednky. V profilov\u00e9m \u010dl\u00e1nku\u00a0<\/span><a href=\"https:\/\/www.abf.se\/nyheter\/fonstret-personligt-mote-med-lawen-redar\"><span dir=\"auto\">publikovan\u00e9m den\u00edkem ABF<\/span><\/a><span dir=\"auto\">\u00a0v kv\u011btnu lo\u0148sk\u00e9ho roku se uv\u00e1d\u00ed, \u017ee Redar \u017eije mezi Stockholmem a Kodan\u00ed, kde s\u00eddl\u00ed jej\u00ed partner, d\u00e1nsk\u00fd novin\u00e1\u0159 Uffe Tang.<\/span><\/p>\n<p><span dir=\"auto\">Kritici poukazuj\u00ed na to, \u017ee a\u010dkoli by tato politika ovlivnila \u0161v\u00e9dsk\u00e9 rodiny \u017eij\u00edc\u00ed v siln\u011b imigrantsk\u00fdch p\u0159edm\u011bst\u00edch, jako je Rinkeby nebo Roseng\u00e5rd, Redarov\u00e1 sama m\u00e1 mo\u017enost uniknout t\u00e9to realit\u011b a tr\u00e1vit \u010das mimo \u0160v\u00e9dsko, kdykoli se j\u00ed zl\u00edb\u00ed, co\u017e je luxus, kter\u00fd si ti, kter\u00fdch se politika dotkne, nemohou dovolit.<\/span><\/p>\n<p><img decoding=\"async\" loading=\"lazy\" class=\"alignnone size-full wp-image-1185\" src=\"http:\/\/www.infokuryr.cz\/n\/wp-content\/uploads\/2021\/04\/kuryr-podpis.png\" alt=\"\" width=\"84\" height=\"24\" \/><\/p>\n<p>&nbsp;<\/p>\n<\/div>\n<\/div>\n","protected":false},"excerpt":{"rendered":"<p>Soci\u00e1ln\u00ed demokratka Lawen Redar se urazila, kdy\u017e byla nahr\u00e1v\u00e1na na ve\u0159ejn\u00e9m setk\u00e1n\u00ed v Malm\u00f6, a&#8230;<\/p>\n","protected":false},"author":2,"featured_media":101635,"comment_status":"closed","ping_status":"closed","sticky":false,"template":"","format":"standard","meta":[],"categories":[7],"tags":[119,1312,10714],"_links":{"self":[{"href":"https:\/\/www.infokuryr.cz\/n\/wp-json\/wp\/v2\/posts\/101634"}],"collection":[{"href":"https:\/\/www.infokuryr.cz\/n\/wp-json\/wp\/v2\/posts"}],"about":[{"href":"https:\/\/www.infokuryr.cz\/n\/wp-json\/wp\/v2\/types\/post"}],"author":[{"embeddable":true,"href":"https:\/\/www.infokuryr.cz\/n\/wp-json\/wp\/v2\/users\/2"}],"replies":[{"embeddable":true,"href":"https:\/\/www.infokuryr.cz\/n\/wp-json\/wp\/v2\/comments?post=101634"}],"version-history":[{"count":0,"href":"https:\/\/www.infokuryr.cz\/n\/wp-json\/wp\/v2\/posts\/101634\/revisions"}],"wp:featuredmedia":[{"embeddable":true,"href":"https:\/\/www.infokuryr.cz\/n\/wp-json\/wp\/v2\/media\/101635"}],"wp:attachment":[{"href":"https:\/\/www.infokuryr.cz\/n\/wp-json\/wp\/v2\/media?parent=101634"}],"wp:term":[{"taxonomy":"category","embeddable":true,"href":"https:\/\/www.infokuryr.cz\/n\/wp-json\/wp\/v2\/categories?post=101634"},{"taxonomy":"post_tag","embeddable":true,"href":"https:\/\/www.infokuryr.cz\/n\/wp-json\/wp\/v2\/tags?post=101634"}],"curies":[{"name":"wp","href":"https:\/\/api.w.org\/{rel}","templated":true}]}}