{"id":101632,"date":"2026-03-12T00:15:41","date_gmt":"2026-03-11T23:15:41","guid":{"rendered":"https:\/\/www.infokuryr.cz\/n\/?p=101632"},"modified":"2026-03-11T07:50:23","modified_gmt":"2026-03-11T06:50:23","slug":"orban-oznamuje-cenove-stropy-pro-benzin-a-naftu-protoze-valka-v-iranu-a-nasledny-prudky-narust-cen-ropy-nejsou-na-dohled","status":"publish","type":"post","link":"https:\/\/www.infokuryr.cz\/n\/2026\/03\/12\/orban-oznamuje-cenove-stropy-pro-benzin-a-naftu-protoze-valka-v-iranu-a-nasledny-prudky-narust-cen-ropy-nejsou-na-dohled\/","title":{"rendered":"Orb\u00e1n oznamuje cenov\u00e9 stropy pro benz\u00edn a naftu, proto\u017ee v\u00e1lka v \u00cdr\u00e1nu a n\u00e1sledn\u00fd prudk\u00fd n\u00e1r\u016fst cen ropy nejsou na dohled"},"content":{"rendered":"<div id=\"fb-root\"><\/div>\n<h3 class=\"s-tagline fw-tagline\"><span dir=\"auto\">Ma\u010farsko se chyst\u00e1 omezit ceny benzinu a nafty vyu\u017eit\u00edm st\u00e1tn\u00edch rezerv<\/span><\/h3>\n<p><span dir=\"auto\">Premi\u00e9r Viktor Orb\u00e1n v pond\u011bl\u00ed odpoledne ozn\u00e1mil, \u017ee vl\u00e1da zavede chr\u00e1n\u011bnou cenu benzinu a nafty kv\u016fli ropn\u00e9 situaci na Bl\u00edzk\u00e9m v\u00fdchod\u011b.<\/span><\/p>\n<p><span dir=\"auto\">V \u017eiv\u00e9m vys\u00edl\u00e1n\u00ed na\u00a0<\/span><a href=\"https:\/\/www.facebook.com\/orbanviktor?ref=embed_video\"><span dir=\"auto\">Facebooku<\/span><\/a><span dir=\"auto\">\u00a0Orb\u00e1n uvedl, \u017ee zased\u00e1n\u00ed vl\u00e1dy rozhodlo o ochran\u011b Ma\u010far\u016f, soukrom\u00fdch osob, zem\u011bd\u011blc\u016f a podnikatel\u016f p\u0159ed vysok\u00fdmi cenami pohonn\u00fdch hmot. Podle premi\u00e9ra vl\u00e1da zavede chr\u00e1n\u011bnou cenu pro benzin i naftu, kterou spot\u0159ebitelsk\u00e9 ceny na \u010derpac\u00edch stanic\u00edch a \u010derpac\u00edch stanic\u00edch nemohou p\u0159ekro\u010dit.<\/span><\/p>\n<p><span dir=\"auto\">\u201eTo znamen\u00e1 595 forint\u016f za benz\u00edn a 615 forint\u016f za naftu,\u201c vysv\u011btlil premi\u00e9r a dodal, \u017ee k udr\u017een\u00ed t\u011bchto cen budou otev\u0159eny st\u00e1tn\u00ed rezervy. \u201eChr\u00e1n\u011bn\u00e1 cena plat\u00ed pouze pro vozidla s ma\u010farsk\u00fdmi pozn\u00e1vac\u00edmi zna\u010dkami a ma\u010farsk\u00fdmi registra\u010dn\u00edmi pr\u016fkazy a plat\u00ed pro soukrom\u00e9 osoby, zem\u011bd\u011blce, dopravce i podnikatele. Opat\u0159en\u00ed vstoup\u00ed v platnost v pond\u011bl\u00ed, tedy dnes o p\u016flnoci,\u201c uvedl Orb\u00e1n.<\/span><\/p>\n<p><span dir=\"auto\">Kv\u016fli prob\u00edhaj\u00edc\u00ed v\u00e1lce v \u00cdr\u00e1nu a uzav\u0159en\u00ed Hormuzsk\u00e9ho pr\u016flivu vzrostla cena ropy Brent za barel do pond\u011bln\u00edho r\u00e1na a\u017e na 120 dolar\u016f. Od t\u00e9 doby v\u0161ak klesla pod 90 dolar\u016f. Aktu\u00e1ln\u011b je na 86 dolarech. Forint mezit\u00edm tak\u00e9 rychle oslabuje v\u016f\u010di dolaru.<\/span><\/p>\n<p><span dir=\"auto\">To povede k tomu, \u017ee se od \u00fater\u00fd velkoobchodn\u00ed cena benzinu zv\u00fd\u0161\u00ed o 10 forint\u016f hrub\u00e9ho a cena nafty o 20 forint\u016f hrub\u00e9ho.<\/span><\/p>\n<p><a href=\"https:\/\/hirado.hu\/cikk\/2026\/03\/09\/orban-viktor-bejelentette-vedett-arat-vezet-be-az-uzemanyagokra-a-kormany\"><span dir=\"auto\">Hirado<\/span><\/a><span dir=\"auto\">\u00a0s odvol\u00e1n\u00edm na data z Holtankoljak.hu\u00a0p\u00ed\u0161e, \u017ee benz\u00edn s oktanov\u00fdm \u010d\u00edslom 95 lze v sou\u010dasn\u00e9 dob\u011b natankovat u stojanu za pr\u016fm\u011brnou cenu 585 forint\u016f za litr, zat\u00edmco motorov\u00e1 nafta stoj\u00ed 629 forint\u016f za litr, tak\u017ee k tomu se m\u016f\u017ee p\u0159ipo\u010d\u00edtat i zdra\u017een\u00ed o 10 a 20 forint\u016f od \u00fater\u00fd.<\/span><\/p>\n<p><span dir=\"auto\">Podle\u00a0<\/span><a href=\"https:\/\/index.hu\/gazdasag\/2026\/03\/09\/orban-viktor-uzemanyag-uzemanyagar-benzin-dizel-bejelentes\/\"><span dir=\"auto\">Indexu<\/span><\/a><span dir=\"auto\">\u00a0spole\u010dnost MOL ji\u017e d\u0159\u00edve zaslala sv\u00fdm partner\u016fm dopis, v n\u011bm\u017e uvedla, \u017ee ropn\u00e1 a plyn\u00e1rensk\u00e1 spole\u010dnost zav\u00e1d\u00ed na sv\u00fdch \u010derpac\u00edch stanic\u00edch \u201emimo\u0159\u00e1dn\u00e9 ceny\u201c s okam\u017eitou platnost\u00ed, podle nich\u017e bude benz\u00edn st\u00e1t 619 forint\u016f za litr a nafta 639 forint\u016f.<\/span><\/p>\n<p><span dir=\"auto\">Dopis rovn\u011b\u017e vyzval provozovatele \u010derpac\u00edch stanic, aby kontrolovali ceny pohonn\u00fdch hmot zobrazen\u00e9 z\u00e1kazn\u00edk\u016fm a odpov\u00eddaj\u00edc\u00edm zp\u016fsobem je aktualizovali.<\/span><\/p>\n<p><span dir=\"auto\">Ministr n\u00e1rodn\u00edho hospod\u00e1\u0159stv\u00ed M\u00e1rton Nagy se v pond\u011bl\u00ed ve\u010der pod\u011blil o dal\u0161\u00ed podrobnosti o vl\u00e1dn\u00edm z\u00e1sahu\u00a0<\/span><a href=\"https:\/\/www.facebook.com\/story.php?story_fbid=122166868388708341&amp;id=61571250250569&amp;mibextid=wwXIfr&amp;rdid=NnSsfFs9ShwZM4WQ#\" target=\"_blank\" rel=\"noreferrer noopener\"><span dir=\"auto\">,<\/span><\/a><span dir=\"auto\">\u00a0kdy\u017e v\u00a0<\/span><a href=\"https:\/\/www.facebook.com\/story.php?story_fbid=122166868388708341&amp;id=61571250250569&amp;mibextid=wwXIfr&amp;rdid=NnSsfFs9ShwZM4WQ#\" target=\"_blank\" rel=\"noreferrer noopener\"><span dir=\"auto\">p\u0159\u00edsp\u011bvku na Facebooku<\/span><\/a><span dir=\"auto\">\u00a0napsal , \u017ee \u201eza \u00fa\u010delem sn\u00ed\u017een\u00ed z\u00e1t\u011b\u017ee a zv\u00fd\u0161en\u00ed bezpe\u010dnosti dod\u00e1vek\u201c bude spot\u0159ebn\u00ed da\u0148 z paliv sn\u00ed\u017eena na minim\u00e1ln\u00ed \u00farove\u0148 EU.<\/span><\/p>\n<p><span dir=\"auto\">To znamen\u00e1 sn\u00ed\u017een\u00ed dan\u011b o 19,25 forintu na litr u benzinu (ze 158,8 forintu\/litr na 139,55 forintu\/litr) a o 20,48 forintu na litr u nafty (ze 148,76 forintu\/litr na 128,28 forintu\/litr). Krom\u011b toho bude zak\u00e1z\u00e1n v\u00fdvoz ropy, benzinu s oktanov\u00fdm \u010d\u00edslem 95 a nafty.<\/span><\/p>\n<p><img decoding=\"async\" loading=\"lazy\" class=\"alignnone size-full wp-image-1185\" src=\"http:\/\/www.infokuryr.cz\/n\/wp-content\/uploads\/2021\/04\/kuryr-podpis.png\" alt=\"\" width=\"84\" height=\"24\" \/><\/p>\n<p>&nbsp;<\/p>\n","protected":false},"excerpt":{"rendered":"<p>Ma\u010farsko se chyst\u00e1 omezit ceny benzinu a nafty vyu\u017eit\u00edm st\u00e1tn\u00edch rezerv Premi\u00e9r Viktor Orb\u00e1n v&#8230;<\/p>\n","protected":false},"author":2,"featured_media":101633,"comment_status":"closed","ping_status":"closed","sticky":false,"template":"","format":"standard","meta":[],"categories":[7],"tags":[1257,1907,78,439],"_links":{"self":[{"href":"https:\/\/www.infokuryr.cz\/n\/wp-json\/wp\/v2\/posts\/101632"}],"collection":[{"href":"https:\/\/www.infokuryr.cz\/n\/wp-json\/wp\/v2\/posts"}],"about":[{"href":"https:\/\/www.infokuryr.cz\/n\/wp-json\/wp\/v2\/types\/post"}],"author":[{"embeddable":true,"href":"https:\/\/www.infokuryr.cz\/n\/wp-json\/wp\/v2\/users\/2"}],"replies":[{"embeddable":true,"href":"https:\/\/www.infokuryr.cz\/n\/wp-json\/wp\/v2\/comments?post=101632"}],"version-history":[{"count":0,"href":"https:\/\/www.infokuryr.cz\/n\/wp-json\/wp\/v2\/posts\/101632\/revisions"}],"wp:featuredmedia":[{"embeddable":true,"href":"https:\/\/www.infokuryr.cz\/n\/wp-json\/wp\/v2\/media\/101633"}],"wp:attachment":[{"href":"https:\/\/www.infokuryr.cz\/n\/wp-json\/wp\/v2\/media?parent=101632"}],"wp:term":[{"taxonomy":"category","embeddable":true,"href":"https:\/\/www.infokuryr.cz\/n\/wp-json\/wp\/v2\/categories?post=101632"},{"taxonomy":"post_tag","embeddable":true,"href":"https:\/\/www.infokuryr.cz\/n\/wp-json\/wp\/v2\/tags?post=101632"}],"curies":[{"name":"wp","href":"https:\/\/api.w.org\/{rel}","templated":true}]}}