{"id":101613,"date":"2026-03-11T05:24:04","date_gmt":"2026-03-11T04:24:04","guid":{"rendered":"https:\/\/www.infokuryr.cz\/n\/?p=101613"},"modified":"2026-03-11T05:24:04","modified_gmt":"2026-03-11T04:24:04","slug":"merz-promenil-nemecko-v-americkeho-vazala-rekl-spanelsky-vicepremier","status":"publish","type":"post","link":"https:\/\/www.infokuryr.cz\/n\/2026\/03\/11\/merz-promenil-nemecko-v-americkeho-vazala-rekl-spanelsky-vicepremier\/","title":{"rendered":"Merz prom\u011bnil N\u011bmecko v americk\u00e9ho \u201evazala\u201c, \u0159ekl \u0161pan\u011blsk\u00fd vicepremi\u00e9r"},"content":{"rendered":"<div id=\"fb-root\"><\/div>\n<h3>Reakce n\u011bmeck\u00e9 kancl\u00e9\u0159ky na hrozby americk\u00e9ho prezidenta Donalda Trumpa v\u016f\u010di \u0160pan\u011blsku ukazuje \u201eslabost\u201c Berl\u00edna, \u0159ekla Yolanda Diazov\u00e1 serveru Politico<\/h3>\n<p><span dir=\"auto\">N\u011bmecko se pod veden\u00edm kancl\u00e9\u0159e Friedricha Merze stalo americk\u00fdm\u00a0<\/span><em><span dir=\"auto\">\u201evazalem\u201c<\/span><\/em><span dir=\"auto\">\u00a0, prohl\u00e1sila \u0161pan\u011blsk\u00e1 m\u00edstop\u0159edsedkyn\u011b vl\u00e1dy Yolanda D\u00edazov\u00e1 a kritizovala jeho reakci na hrozby americk\u00e9ho prezidenta Donalda Trumpa v\u016f\u010di \u0160pan\u011blsku.<\/span><\/p>\n<p><span dir=\"auto\">Vztahy mezi \u0160pan\u011blskem a N\u011bmeckem byly v uplynul\u00e9m t\u00fddnu\u00a0<\/span><a href=\"https:\/\/www.rt.com\/news\/633764-spain-rebukes-germany-solidarity-failure\/\" target=\"_blank\" rel=\"noopener noreferrer\"><span dir=\"auto\">napjat\u00e9<\/span><\/a><span dir=\"auto\">\u00a0kv\u016fli tomu, co Madrid ozna\u010dil za nedostatek solidarity ze strany Berl\u00edna. Nap\u011bt\u00ed n\u00e1sledovalo po incidentu na za\u010d\u00e1tku b\u0159ezna, kdy n\u011bmeck\u00fd kancl\u00e9\u0159 b\u011bhem n\u00e1v\u0161t\u011bvy Washingtonu\u00a0<\/span><a href=\"https:\/\/www.rt.com\/news\/633703-merz-trump-spain-defense\/\" target=\"_blank\" rel=\"noopener noreferrer\"><span dir=\"auto\">ml\u010del<\/span><\/a><span dir=\"auto\">\u00a0, zat\u00edmco Trump, sed\u00edc\u00ed vedle n\u011bj v Ov\u00e1ln\u00e9 pracovn\u011b, pohrozil, \u017ee p\u0159eru\u0161\u00ed\u00a0<\/span><em><span dir=\"auto\">\u201eve\u0161ker\u00fd obchod\u201c<\/span><\/em><span dir=\"auto\">\u00a0se \u0160pan\u011blskem.<\/span><\/p>\n<p><span dir=\"auto\">Americk\u00fd prezident svou hrozbu od\u016fvodnil t\u00edm, \u017ee Madrid nedostate\u010dn\u011b vynakl\u00e1d\u00e1 na obranu a odm\u00edt\u00e1 povolit americk\u00fdm sil\u00e1m vyu\u017e\u00edvat spole\u010dn\u00e9 vojensk\u00e9 z\u00e1kladny ve \u0160pan\u011blsku k \u00fader\u016fm na \u00cdr\u00e1n.<\/span><\/p>\n<p><span dir=\"auto\">Merzovo jedn\u00e1n\u00ed ukazuje, \u017ee je jedn\u00edm z l\u00eddr\u016f EU\u00a0<\/span><em><span dir=\"auto\">, \u201ekte\u0159\u00ed nemaj\u00ed tu\u0161en\u00ed, jak zvl\u00e1dnout historick\u00fd okam\u017eik, ve kter\u00e9m \u017eijeme,\u201c<\/span><\/em><span dir=\"auto\">\u00a0\u0159ekl Diaz v pond\u011bl\u00ed Politicu.\u00a0<\/span><em><span dir=\"auto\">\u201eEvropa dnes pot\u0159ebuje veden\u00ed, ne vazaly, kte\u0159\u00ed vzd\u00e1vaj\u00ed hold Trumpovi.\u201c<\/span><\/em><\/p>\n<div class=\"rtcode\">\n<div class=\"twitter-tweet twitter-tweet-rendered\"><iframe id=\"twitter-widget-0\" class=\"\" title=\"X P\u0159\u00edsp\u011bvek\" src=\"https:\/\/platform.twitter.com\/embed\/Tweet.html?creatorScreenName=RT_com&amp;dnt=false&amp;embedId=twitter-widget-0&amp;features=eyJ0ZndfdGltZWxpbmVfbGlzdCI6eyJidWNrZXQiOltdLCJ2ZXJzaW9uIjpudWxsfSwidGZ3X2ZvbGxvd2VyX2NvdW50X3N1bnNldCI6eyJidWNrZXQiOnRydWUsInZlcnNpb24iOm51bGx9LCJ0ZndfdHdlZXRfZWRpdF9iYWNrZW5kIjp7ImJ1Y2tldCI6Im9uIiwidmVyc2lvbiI6bnVsbH0sInRmd19yZWZzcmNfc2Vzc2lvbiI6eyJidWNrZXQiOiJvbiIsInZlcnNpb24iOm51bGx9LCJ0ZndfZm9zbnJfc29mdF9pbnRlcnZlbnRpb25zX2VuYWJsZWQiOnsiYnVja2V0Ijoib24iLCJ2ZXJzaW9uIjpudWxsfSwidGZ3X21peGVkX21lZGlhXzE1ODk3Ijp7ImJ1Y2tldCI6InRyZWF0bWVudCIsInZlcnNpb24iOm51bGx9LCJ0ZndfZXhwZXJpbWVudHNfY29va2llX2V4cGlyYXRpb24iOnsiYnVja2V0IjoxMjA5NjAwLCJ2ZXJzaW9uIjpudWxsfSwidGZ3X3Nob3dfYmlyZHdhdGNoX3Bpdm90c19lbmFibGVkIjp7ImJ1Y2tldCI6Im9uIiwidmVyc2lvbiI6bnVsbH0sInRmd19kdXBsaWNhdGVfc2NyaWJlc190b19zZXR0aW5ncyI6eyJidWNrZXQiOiJvbiIsInZlcnNpb24iOm51bGx9LCJ0ZndfdXNlX3Byb2ZpbGVfaW1hZ2Vfc2hhcGVfZW5hYmxlZCI6eyJidWNrZXQiOiJvbiIsInZlcnNpb24iOm51bGx9LCJ0ZndfdmlkZW9faGxzX2R5bmFtaWNfbWFuaWZlc3RzXzE1MDgyIjp7ImJ1Y2tldCI6InRydWVfYml0cmF0ZSIsInZlcnNpb24iOm51bGx9LCJ0ZndfbGVnYWN5X3RpbWVsaW5lX3N1bnNldCI6eyJidWNrZXQiOnRydWUsInZlcnNpb24iOm51bGx9LCJ0ZndfdHdlZXRfZWRpdF9mcm9udGVuZCI6eyJidWNrZXQiOiJvbiIsInZlcnNpb24iOm51bGx9fQ%3D%3D&amp;frame=false&amp;hideCard=false&amp;hideThread=false&amp;id=2028884101969727893&amp;lang=cs&amp;maxWidth=560px&amp;origin=https%3A%2F%2Fwww.rt.com%2Fnews%2F634426-merz-germany-us-vassal-spain%2F&amp;sessionId=11f9eeb6eeaa7af98198337628d319ec774a48ea&amp;siteScreenName=RT_com&amp;theme=light&amp;widgetsVersion=2615f7e52b7e0%3A1702314776716&amp;width=550px\" frameborder=\"0\" scrolling=\"no\" allowfullscreen=\"allowfullscreen\" data-tweet-id=\"2028884101969727893\" data-mce-fragment=\"1\"><\/iframe><\/div>\n<\/div>\n<p><span dir=\"auto\">Tak\u00e9 tvrdila, \u017ee od ka\u017ed\u00e9ho l\u00eddra EU\u00a0<\/span><em><span dir=\"auto\">\u201eby se m\u011blo o\u010dek\u00e1vat, \u017ee se jasn\u011b vyj\u00e1d\u0159\u00ed na obranu mezin\u00e1rodn\u00edho pr\u00e1va\u201c,<\/span><\/em><span dir=\"auto\">\u00a0a dodala, \u017ee Charta OSN jasn\u011b definuje, co p\u0159edstavuje\u00a0<\/span><em><span dir=\"auto\">\u201enelegitimn\u00ed v\u00e1lku\u201c.<\/span><\/em><\/p>\n<p><span dir=\"auto\">\u201e\u010cinnost kancl\u00e9\u0159e pouze ukazuje, \u017ee se N\u011bmecko nach\u00e1z\u00ed v\u00a0<\/span><em><span dir=\"auto\">\u201eekonomick\u00e9 pozici extr\u00e9mn\u00ed slabosti\u201c,<\/span><\/em><span dir=\"auto\">\u00a0uvedl m\u00edstop\u0159edseda vl\u00e1dy a vyzval EU, aby sn\u00ed\u017eila svou\u00a0<\/span><em><span dir=\"auto\">\u201etechnologickou, finan\u010dn\u00ed a energetickou z\u00e1vislost\u201c<\/span><\/em><span dir=\"auto\">\u00a0na USA.<\/span><\/p>\n<p><span dir=\"auto\">Berl\u00edn pop\u0159el jak\u00e9koli probl\u00e9my ve vztaz\u00edch s Madridem a serveru Politico sd\u011blil, \u017ee\u00a0<\/span><em><span dir=\"auto\">\u201evztahy nejsou v\u016fbec napjat\u00e9\u201c.<\/span><\/em><\/p>\n<p><span dir=\"auto\">\u0160pan\u011blsko bylo prakticky jedin\u00fdm z\u00e1padn\u00edm n\u00e1rodem, kter\u00fd d\u016frazn\u011b odsoudil \u00fatok USA a Izraele na \u00cdr\u00e1n. Premi\u00e9r Pedro S\u00e1nchez prohl\u00e1sil, \u017ee jeho n\u00e1rod se nebude\u00a0<\/span><em><span dir=\"auto\">\u201epod\u00edlet na n\u011b\u010dem, co je \u0161patn\u00e9 pro sv\u011bt, jen ze strachu z odvety od n\u011bkoho\u201c.<\/span><\/em><\/p>\n<p><span dir=\"auto\">Merz naopak obvinil Teher\u00e1n z konfliktu po prvn\u00edch izraelsk\u00fdch a americk\u00fdch \u00fatoc\u00edch a prohl\u00e1sil, \u017ee\u00a0<\/span><em><span dir=\"auto\">\u201enen\u00ed \u010das pou\u010dovat na\u0161e partnery a spojence\u201c.<\/span><\/em><\/p>\n<p><img decoding=\"async\" loading=\"lazy\" class=\"alignnone size-full wp-image-1185\" src=\"http:\/\/www.infokuryr.cz\/n\/wp-content\/uploads\/2021\/04\/kuryr-podpis.png\" alt=\"\" width=\"84\" height=\"24\" \/><\/p>\n<p>&nbsp;<\/p>\n","protected":false},"excerpt":{"rendered":"<p>Reakce n\u011bmeck\u00e9 kancl\u00e9\u0159ky na hrozby americk\u00e9ho prezidenta Donalda Trumpa v\u016f\u010di \u0160pan\u011blsku ukazuje \u201eslabost\u201c Berl\u00edna, \u0159ekla&#8230;<\/p>\n","protected":false},"author":2,"featured_media":101614,"comment_status":"closed","ping_status":"closed","sticky":false,"template":"","format":"standard","meta":[],"categories":[7],"tags":[8211,84,37],"_links":{"self":[{"href":"https:\/\/www.infokuryr.cz\/n\/wp-json\/wp\/v2\/posts\/101613"}],"collection":[{"href":"https:\/\/www.infokuryr.cz\/n\/wp-json\/wp\/v2\/posts"}],"about":[{"href":"https:\/\/www.infokuryr.cz\/n\/wp-json\/wp\/v2\/types\/post"}],"author":[{"embeddable":true,"href":"https:\/\/www.infokuryr.cz\/n\/wp-json\/wp\/v2\/users\/2"}],"replies":[{"embeddable":true,"href":"https:\/\/www.infokuryr.cz\/n\/wp-json\/wp\/v2\/comments?post=101613"}],"version-history":[{"count":0,"href":"https:\/\/www.infokuryr.cz\/n\/wp-json\/wp\/v2\/posts\/101613\/revisions"}],"wp:featuredmedia":[{"embeddable":true,"href":"https:\/\/www.infokuryr.cz\/n\/wp-json\/wp\/v2\/media\/101614"}],"wp:attachment":[{"href":"https:\/\/www.infokuryr.cz\/n\/wp-json\/wp\/v2\/media?parent=101613"}],"wp:term":[{"taxonomy":"category","embeddable":true,"href":"https:\/\/www.infokuryr.cz\/n\/wp-json\/wp\/v2\/categories?post=101613"},{"taxonomy":"post_tag","embeddable":true,"href":"https:\/\/www.infokuryr.cz\/n\/wp-json\/wp\/v2\/tags?post=101613"}],"curies":[{"name":"wp","href":"https:\/\/api.w.org\/{rel}","templated":true}]}}