{"id":101611,"date":"2026-03-11T05:22:24","date_gmt":"2026-03-11T04:22:24","guid":{"rendered":"https:\/\/www.infokuryr.cz\/n\/?p=101611"},"modified":"2026-03-11T05:22:24","modified_gmt":"2026-03-11T04:22:24","slug":"prulomovy-vyzkum-zjistil-ze-elektrony-ze-zeme-dokazou-bojovat-s-chronickymi-zanety-i-autoimunitnimi-chorobami","status":"publish","type":"post","link":"https:\/\/www.infokuryr.cz\/n\/2026\/03\/11\/prulomovy-vyzkum-zjistil-ze-elektrony-ze-zeme-dokazou-bojovat-s-chronickymi-zanety-i-autoimunitnimi-chorobami\/","title":{"rendered":"Pr\u016flomov\u00fd v\u00fdzkum zjistil, \u017ee elektrony ze zem\u011b dok\u00e1\u017eou bojovat s chronick\u00fdmi z\u00e1n\u011bty i autoimunitn\u00edmi chorobami"},"content":{"rendered":"<div id=\"fb-root\"><\/div>\n<p><strong><span dir=\"auto\">Co kdyby \u0159e\u0161en\u00ed chronick\u00e9ho z\u00e1n\u011btu, \u0161patn\u00e9ho sp\u00e1nku a p\u0159etrv\u00e1vaj\u00edc\u00ed bolesti se nach\u00e1zelo doslova pod va\u0161ima nohama?<\/span><\/strong><\/p>\n<p><span dir=\"auto\">Nov\u00fd v\u00fdzkum \u201euzemn\u011bn\u00ed\u201c nazna\u010duje, \u017ee op\u011btovn\u00e9 propojen\u00ed lidsk\u00e9ho t\u011bla s p\u0159irozen\u00fdm elektrick\u00fdm n\u00e1bojem Zem\u011b p\u0159in\u00e1\u0161\u00ed m\u011b\u0159iteln\u00e9 biologick\u00e9 \u00fa\u010dinky \u2013 od rychlej\u0161\u00edho hojen\u00ed ran a\u017e po sn\u00ed\u017een\u00ed stresu.<\/span><\/p>\n<p><span dir=\"auto\">Toto nen\u00ed jen folkl\u00f3r. V\u00edce ne\u017e tucet recenzovan\u00fdch studi\u00ed zdokumentovalo, co se stane, kdy\u017e se lid\u00e9 p\u0159\u00edmo poko\u017ekou dotknou zem\u011b, a nab\u00edz\u00ed jednoduchou a p\u0159irozenou strategii proti n\u011bkter\u00fdm z nejroz\u0161\u00ed\u0159en\u011bj\u0161\u00edch zdravotn\u00edch probl\u00e9m\u016f modern\u00ed spole\u010dnosti.<\/span><\/p>\n<p><span dir=\"auto\">Po cel\u00e9 generace \u017eili lid\u00e9 v p\u0159\u00edm\u00e9m kontaktu se zem\u00ed prost\u0159ednictv\u00edm ko\u017een\u00e9 obuvi, spali na k\u016f\u017ei a chodili naboso. N\u00e1\u0161 modern\u00ed \u017eivotn\u00ed styl s izolovanou gumovou obuv\u00ed, vyv\u00fd\u0161en\u00fdmi postelemi a v\u00fd\u0161kov\u00fdmi budovami uveden\u00e9 spojen\u00ed p\u0159eru\u0161il.<\/span><\/p>\n<p><span dir=\"auto\">V\u00fdzkumn\u00edci nyn\u00ed nazna\u010duj\u00ed, \u017ee toto odd\u011blen\u00ed vytvo\u0159ilo stav \u201eelektronov\u00e9ho nedostatku\u201c, d\u00edky kter\u00e9mu jsou na\u0161e t\u011bla zraniteln\u00e1 v\u016f\u010di nekontrolovan\u00fdm z\u00e1n\u011bt\u016fm, kter\u00e1 jsou z\u00e1kladem nes\u010detn\u00fdch chronick\u00fdch onemocn\u011bn\u00ed.<\/span><\/p>\n<p><span dir=\"auto\">V\u011bda se op\u00edr\u00e1 o jednoduchou v\u00fdm\u011bnu elektrick\u00e9ho n\u00e1boje. Zem\u011b nese jemn\u00fd z\u00e1porn\u00fd n\u00e1boj, co\u017e je hojn\u00fd zdroj voln\u00fdch elektron\u016f. Kdy\u017e se k\u016f\u017ee dotkne zem\u011b, tyto elektrony vstupuj\u00ed do t\u011bla.<\/span><\/p>\n<p><span dir=\"auto\">V\u00fdzkumn\u00edci teoretizuj\u00ed, \u017ee elektrony vytv\u00e1\u0159ej\u00ed antioxida\u010dn\u00ed mikroprost\u0159ed\u00ed kolem pole opravy poran\u011bn\u00ed, \u010d\u00edm\u017e zpomaluj\u00ed nebo zabra\u0148uj\u00ed reaktivn\u00edm form\u00e1m kysl\u00edku zp\u016fsobovat \u201evedlej\u0161\u00ed po\u0161kozen\u00ed\u201c zdrav\u00e9 tk\u00e1n\u011b.<\/span><\/p>\n<p><span dir=\"auto\">Tento proces p\u0159\u00edmo ovliv\u0148uje z\u00e1n\u011bt \u2013 reakci t\u011bla na poran\u011bn\u00ed nebo \u00faraz. Za norm\u00e1ln\u00edch okolnost\u00ed imunitn\u00ed bu\u0148ky jako neutrofily vytv\u00e1\u0159ej\u00ed \u201ez\u00e1n\u011btlivou barik\u00e1du\u201c, kter\u00e1 br\u00e1n\u00ed po\u0161kozen\u00ed.<\/span><\/p>\n<p><span dir=\"auto\">P\u0159esto\u017ee je tato bari\u00e9ra ochrann\u00e1, m\u016f\u017ee zachytit z\u00e1n\u011bt a vytvo\u0159it chronick\u00e9 \u201edoutnaj\u00edc\u00ed\u201c probl\u00e9my.<\/span><\/p>\n<p><span dir=\"auto\">Zd\u00e1 se, \u017ee uzemn\u011bn\u00ed to m\u011bn\u00ed. L\u00e9ka\u0159sk\u00e9 infra\u010derven\u00e9 zobrazov\u00e1n\u00ed ukazuje, \u017ee uzemn\u011bn\u00ed vede k rychl\u00e9mu vy\u0159e\u0161en\u00ed z\u00e1n\u011btu, p\u0159i\u010dem\u017e term\u00e1ln\u00ed sn\u00edmky dokumentuj\u00ed ochlazen\u00ed hork\u00fdch, zan\u00edcen\u00fdch oblast\u00ed b\u011bhem ji\u017e n\u011bkolika minut nebo dn\u00ed po vystaven\u00ed zemsk\u00fdm elektron\u016fm.<\/span><\/p>\n<h2><span dir=\"auto\">M\u011b\u0159iteln\u00e9 zm\u011bny ve sp\u00e1nku a stresu<\/span><\/h2>\n<p><span dir=\"auto\">Jedna z prvn\u00edch kontrolovan\u00fdch studi\u00ed, publikovan\u00e1 v \u010dasopise\u00a0<\/span><em><span dir=\"auto\">Journal of Alternative and Complementary Medicine<\/span><\/em><span dir=\"auto\">\u00a0, zkoumala uzemn\u011bn\u00ed b\u011bhem sp\u00e1nku.<\/span><\/p>\n<p><span dir=\"auto\">Dvan\u00e1ct subjekt\u016f s bolestmi a probl\u00e9my se sp\u00e1nkem spalo osm t\u00fddn\u016f na uzemn\u011bn\u00fdch placht\u00e1ch. V\u00fdzkumn\u00edci zjistili, \u017ee uzemn\u011bn\u00ed normalizovalo denn\u00ed rytmus kortizolu, kl\u00ed\u010dov\u00fd cyklus stresov\u00e9ho hormonu v t\u011ble.<\/span><\/p>\n<p><span dir=\"auto\">\u00da\u010dastn\u00edci hl\u00e1sili zlep\u0161en\u00ed sp\u00e1nku, men\u0161\u00ed bolesti a sn\u00ed\u017een\u00ed stresu.<\/span><\/p>\n<p><span dir=\"auto\">Tento \u00fa\u010dinek kortizolu je kritick\u00fd. Chronick\u00fd stres m\u016f\u017ee v\u00e9st k rezistenci glukokortikoidn\u00edch receptor\u016f, co\u017e br\u00e1n\u00ed t\u011blu ve spr\u00e1vn\u00e9 regulaci z\u00e1n\u011btu, \u010d\u00edm\u017e se zvy\u0161uje riziko onemocn\u011bn\u00ed.<\/span><\/p>\n<p><span dir=\"auto\">Uzemn\u011bn\u00ed dok\u00e1\u017ee normalizovat kortizol a pomoci prolomit tento nebezpe\u010dn\u00fd cyklus.<\/span><\/p>\n<h2><span dir=\"auto\">Zm\u011bna imunitn\u00ed odpov\u011bdi<\/span><\/h2>\n<p><span dir=\"auto\">Pilotn\u00ed studie o bolesti sval\u016f se zpo\u017ed\u011bn\u00fdm n\u00e1stupem poskytla jasn\u00fd pohled na vliv uzemn\u011bn\u00ed na imunitn\u00ed syst\u00e9m.<\/span><\/p>\n<p><span dir=\"auto\">Po zran\u011bn\u00ed obvykle doch\u00e1z\u00ed k prudk\u00e9mu n\u00e1r\u016fstu po\u010dtu b\u00edl\u00fdch krvinek. U uzemn\u011bn\u00fdch subjekt\u016f se tento po\u010det po zran\u011bn\u00ed neust\u00e1le sni\u017eoval, zat\u00edmco u neuzemn\u011bn\u00fdch kontroln\u00edch subjekt\u016f stoupal.<\/span><\/p>\n<p><span dir=\"auto\">Uzemn\u011bn\u00e9 subjekty m\u011bly tak\u00e9 ni\u017e\u0161\u00ed hladiny cirkuluj\u00edc\u00edch neutrofil\u016f a lymfocyt\u016f.<\/span><\/p>\n<p><span dir=\"auto\">V\u00fdzkumn\u00edci nazna\u010duj\u00ed, \u017ee to nazna\u010duje \u00fa\u010dinn\u011bj\u0161\u00ed a m\u00e9n\u011b destruktivn\u00ed imunitn\u00ed odpov\u011b\u010f. D\u00edky elektron\u016fm dostupn\u00fdm k neutralizaci \u0161kodliv\u00fdch oxidant\u016f se z\u00e1n\u011btliv\u00fd proces rychleji vy\u0159e\u0161\u00ed a vy\u017eaduje m\u00e9n\u011b imunitn\u00edch bun\u011bk.<\/span><\/p>\n<p><span dir=\"auto\">To by vysv\u011btlovalo zdokumentovan\u00e9 sn\u00ed\u017een\u00ed hlavn\u00edch p\u0159\u00edznak\u016f z\u00e1n\u011btu: zarudnut\u00ed, tepla, otoku, bolesti a ztr\u00e1ty funkce. D\u016fsledky se roz\u0161i\u0159uj\u00ed tak\u00e9 na autoimunitn\u00ed onemocn\u011bn\u00ed, kdy imunitn\u00ed syst\u00e9m omylem napad\u00e1 t\u011blo.<\/span><\/p>\n<p><em><span dir=\"auto\">\u201eOpakovan\u00fdm pozorov\u00e1n\u00edm je, \u017ee uzemn\u011bn\u00ed sni\u017euje bolest u pacient\u016f s\u00a0<\/span><a href=\"https:\/\/www.badatel.net\/priznaky-lupusu-13-signalov-ako-vcas-rozpoznat-tuto-hroznu-chorobu\/\"><span dir=\"auto\">lupusem<\/span><\/a><span dir=\"auto\">\u00a0a jin\u00fdmi autoimunitn\u00edmi poruchami,\u201c<\/span><\/em><span dir=\"auto\">\u00a0poznamen\u00e1vaj\u00ed v\u011bdci.<\/span><\/p>\n<p><span dir=\"auto\">Zm\u00edrn\u011bn\u00edm imunitn\u00ed odpov\u011bdi a sn\u00ed\u017een\u00edm syst\u00e9mov\u00e9ho z\u00e1n\u011btu m\u016f\u017ee uzemn\u011bn\u00ed nab\u00eddnout \u00falevu p\u0159i t\u011bchto slo\u017eit\u00fdch onemocn\u011bn\u00edch.<\/span><\/p>\n<h2><span dir=\"auto\">\u0160ir\u0161\u00ed fyziologick\u00e9 \u00fa\u010dinky<\/span><\/h2>\n<p><span dir=\"auto\">V\u00fdhody uzemn\u011bn\u00ed se neomezuj\u00ed jen na z\u00e1n\u011bt. V\u00fdzkum Chevaliera a kol. ukazuje, \u017ee uzemn\u011bn\u00ed sni\u017euje viskozitu krve, co\u017e je hlavn\u00ed faktor kardiovaskul\u00e1rn\u00edch onemocn\u011bn\u00ed.<\/span><\/p>\n<p><span dir=\"auto\">Jin\u00e9 studie poukazuj\u00ed na to, \u017ee uzemn\u011bn\u00ed zlep\u0161uje variabilitu srde\u010dn\u00ed frekvence, kl\u00ed\u010dov\u00fd ukazatel kardiovaskul\u00e1rn\u00edho zdrav\u00ed, a z\u00e1rove\u0148 zvy\u0161uje vagov\u00fd tonus, co\u017e podporuje relaxaci.<\/span><\/p>\n<p><span dir=\"auto\">U p\u0159ed\u010dasn\u011b narozen\u00fdch d\u011bt\u00ed bylo zji\u0161t\u011bno, \u017ee uzemn\u011bn\u00ed zlep\u0161uje vagov\u00fd tonus, co\u017e je d\u016fle\u017eit\u00fd znak v\u00fdvoje autonomn\u00edho nervov\u00e9ho syst\u00e9mu.<\/span><\/p>\n<p><span dir=\"auto\">D\u00e1le pom\u00e1h\u00e1 neutralizovat bioelektrick\u00fd stres ze statick\u00e9 elekt\u0159iny a elektromagnetick\u00fdch pol\u00ed, kter\u00e1 jsou v na\u0161em technologick\u00e9m prost\u0159ed\u00ed neust\u00e1lou z\u00e1t\u011b\u017e\u00ed. P\u0159edstavuje tak n\u00e1vrat k elektrick\u00fdm z\u00e1klad\u016fm, na kter\u00fdch se vyvinula na\u0161e biologie.<\/span><\/p>\n<h2><span dir=\"auto\">Z\u00e1v\u011br<\/span><\/h2>\n<p><span dir=\"auto\">P\u0159esto\u017ee jsou zapot\u0159eb\u00ed rozs\u00e1hlej\u0161\u00ed studie, st\u00e1vaj\u00edc\u00ed v\u00fdzkum vykresluje p\u0159esv\u011bd\u010div\u00fd obraz. Desetilet\u00ed jsme se izolovali od planety a na\u0161e zdrav\u00ed za to mo\u017en\u00e1 plat\u00ed vysokou da\u0148.<\/span><\/p>\n<p><span dir=\"auto\">Jednoduch\u00fd akt ch\u016fze naboso po tr\u00e1v\u011b, p\u00edsku nebo p\u016fd\u011b je v\u00edc ne\u017e jen nostalgick\u00e9 pot\u011b\u0161en\u00ed; mohl by to b\u00fdt z\u00e1kladn\u00ed fyziologick\u00fd reset, dobit\u00ed antioxida\u010dn\u00edho obrann\u00e9ho syst\u00e9mu cel\u00e9ho t\u011bla, o kter\u00e9m jsme ani nev\u011bd\u011bli, \u017ee jej m\u00e1me.<\/span><\/p>\n<p><span dir=\"auto\">Autor: Cassie B., Zdroj:\u00a0<\/span><a href=\"https:\/\/www.naturalnews.com\/2026-03-09-grounding-research-earth-electrons-chronic-inflammation.html\" target=\"_blank\" rel=\"noopener\"><span dir=\"auto\">naturalnews.com<\/span><\/a><\/p>\n<p>&nbsp;<\/p>\n","protected":false},"excerpt":{"rendered":"<p>Co kdyby \u0159e\u0161en\u00ed chronick\u00e9ho z\u00e1n\u011btu, \u0161patn\u00e9ho sp\u00e1nku a p\u0159etrv\u00e1vaj\u00edc\u00ed bolesti se nach\u00e1zelo doslova pod va\u0161ima&#8230;<\/p>\n","protected":false},"author":2,"featured_media":101612,"comment_status":"closed","ping_status":"closed","sticky":false,"template":"","format":"standard","meta":[],"categories":[7],"tags":[285,454,10711,8249,7096],"_links":{"self":[{"href":"https:\/\/www.infokuryr.cz\/n\/wp-json\/wp\/v2\/posts\/101611"}],"collection":[{"href":"https:\/\/www.infokuryr.cz\/n\/wp-json\/wp\/v2\/posts"}],"about":[{"href":"https:\/\/www.infokuryr.cz\/n\/wp-json\/wp\/v2\/types\/post"}],"author":[{"embeddable":true,"href":"https:\/\/www.infokuryr.cz\/n\/wp-json\/wp\/v2\/users\/2"}],"replies":[{"embeddable":true,"href":"https:\/\/www.infokuryr.cz\/n\/wp-json\/wp\/v2\/comments?post=101611"}],"version-history":[{"count":0,"href":"https:\/\/www.infokuryr.cz\/n\/wp-json\/wp\/v2\/posts\/101611\/revisions"}],"wp:featuredmedia":[{"embeddable":true,"href":"https:\/\/www.infokuryr.cz\/n\/wp-json\/wp\/v2\/media\/101612"}],"wp:attachment":[{"href":"https:\/\/www.infokuryr.cz\/n\/wp-json\/wp\/v2\/media?parent=101611"}],"wp:term":[{"taxonomy":"category","embeddable":true,"href":"https:\/\/www.infokuryr.cz\/n\/wp-json\/wp\/v2\/categories?post=101611"},{"taxonomy":"post_tag","embeddable":true,"href":"https:\/\/www.infokuryr.cz\/n\/wp-json\/wp\/v2\/tags?post=101611"}],"curies":[{"name":"wp","href":"https:\/\/api.w.org\/{rel}","templated":true}]}}