{"id":101608,"date":"2026-03-11T05:18:43","date_gmt":"2026-03-11T04:18:43","guid":{"rendered":"https:\/\/www.infokuryr.cz\/n\/?p=101608"},"modified":"2026-03-11T05:18:43","modified_gmt":"2026-03-11T04:18:43","slug":"witkoff-odhaluje-plany-pro-dalsi-kolo-rozhovoru-mezi-ruskem-usa-a-ukrajinou","status":"publish","type":"post","link":"https:\/\/www.infokuryr.cz\/n\/2026\/03\/11\/witkoff-odhaluje-plany-pro-dalsi-kolo-rozhovoru-mezi-ruskem-usa-a-ukrajinou\/","title":{"rendered":"Witkoff odhaluje pl\u00e1ny pro dal\u0161\u00ed kolo rozhovor\u016f mezi Ruskem, USA a Ukrajinou"},"content":{"rendered":"<div id=\"fb-root\"><\/div>\n<h3>Americko-izraelsk\u00fd \u00fatok a odveta \u00cdr\u00e1nu proti americk\u00fdm z\u00e1kladn\u00e1m na Bl\u00edzk\u00e9m v\u00fdchod\u011b naru\u0161ily p\u016fvodn\u00ed \u010dasov\u00fd r\u00e1mec<\/h3>\n<p><span dir=\"auto\">Nov\u00e9 kolo rozhovor\u016f mezi Moskvou, Kyjevem a Washingtonem by se mohlo konat p\u0159\u00ed\u0161t\u00ed t\u00fdden, uvedl zvl\u00e1\u0161tn\u00ed vyslanec americk\u00e9ho prezidenta Donalda Trumpa Steve Witkoff. Setk\u00e1n\u00ed se m\u011blo konat v Ab\u00fa Zab\u00ed za\u010d\u00e1tkem b\u0159ezna, ale bylo odlo\u017eeno pot\u00e9, co USA a Izrael za\u00fato\u010dily na \u00cdr\u00e1n.<\/span><\/p>\n<p><span dir=\"auto\">Rusko a Ukrajina se ji\u017e m\u011bs\u00edce \u00fa\u010dastn\u00ed procesu zprost\u0159edkovan\u00e9ho Spojen\u00fdmi st\u00e1ty, kter\u00fd se \u00fadajn\u011b bl\u00ed\u017e\u00ed do z\u00e1v\u011bre\u010dn\u00e9 f\u00e1ze. Strany se v lednu se\u0161ly v Ab\u00fa Zab\u00ed dvakr\u00e1t v t\u0159\u00edstrann\u00e9m form\u00e1tu a pot\u00e9 v \u00fanoru jednaly v \u017denev\u011b. Americko-izraelsk\u00fd \u00fatok a\u00a0<\/span><a href=\"https:\/\/www.rt.com\/news\/634333-us-israel-iran-war-live-updates\/\" target=\"_blank\" rel=\"noopener noreferrer\"><span dir=\"auto\">odveta \u00cdr\u00e1nu<\/span><\/a><span dir=\"auto\">\u00a0proti americk\u00fdm z\u00e1kladn\u00e1m na Bl\u00edzk\u00e9m v\u00fdchod\u011b v\u0161ak naru\u0161ily dal\u0161\u00ed pl\u00e1novan\u00e9 kolo jedn\u00e1n\u00ed ve Spojen\u00fdch arabsk\u00fdch emir\u00e1tech.<\/span><\/p>\n<p><em><span dir=\"auto\">\u201eMysl\u00edm, \u017ee t\u0159\u00edstrann\u00e1 [jedn\u00e1n\u00ed] budou odlo\u017eena na n\u011bkdy p\u0159\u00ed\u0161t\u00ed t\u00fdden,\u201c<\/span><\/em><span dir=\"auto\">\u00a0\u0159ekl Witkoff v \u00fater\u00fd televizi CNBC.\u00a0<\/span><em><span dir=\"auto\">\u201eM\u00e1me pocit, \u017ee v tomto ohledu z\u016fstaneme pozitivn\u00ed,\u201c<\/span><\/em><span dir=\"auto\">\u00a0\u0159ekl a m\u00edrov\u00fd proces zprost\u0159edkovan\u00fd USA ozna\u010dil za\u00a0<\/span><em><span dir=\"auto\">\u201e\u00fa\u010deln\u00e9 jedn\u00e1n\u00ed\u201c.<\/span><\/em><span dir=\"auto\">\u00a0Neposkytl \u017e\u00e1dn\u00e9 podrobnosti o p\u0159esn\u00e9m datu ani m\u00edst\u011b kon\u00e1n\u00ed.<\/span><\/p>\n<p><span dir=\"auto\">Ukrajinsk\u00fd premi\u00e9r Vladimir Zelenskyj v pond\u011bl\u00ed v po\u0159adu X prohl\u00e1sil, \u017ee sch\u016fzka pl\u00e1novan\u00e1 na tento t\u00fdden byla odlo\u017eena\u00a0<\/span><em><span dir=\"auto\">\u201ena n\u00e1vrh americk\u00e9 strany\u201c,<\/span><\/em><span dir=\"auto\">\u00a0kter\u00e1 se v sou\u010dasn\u00e9 dob\u011b zam\u011b\u0159uje na konflikt s \u00cdr\u00e1nem.<\/span><\/p>\n<p><span dir=\"auto\">Moskva uvedla, \u017ee kontakty v t\u0159\u00edstrann\u00e9m form\u00e1tu\u00a0<\/span><em><span dir=\"auto\">\u201eby m\u011bly pokra\u010dovat\u201c,<\/span><\/em><span dir=\"auto\">\u00a0proto\u017ee v\u0161echny strany\u00a0<\/span><em><span dir=\"auto\">\u201emaj\u00ed z\u00e1jem\u201c<\/span><\/em><span dir=\"auto\">\u00a0na vy\u0159e\u0161en\u00ed konfliktu. Mluv\u010d\u00ed Kremlu Dmitrij Peskov v\u0161ak v \u00fater\u00fd novin\u00e1\u0159\u016fm \u0159ekl, \u017ee Moskva nev\u00ed o \u017e\u00e1dn\u00fdch konkr\u00e9tn\u00edch datech ani m\u00edst\u011b, kde by se mohlo konat dal\u0161\u00ed kolo jedn\u00e1n\u00ed.<\/span><\/p>\n<p><span dir=\"auto\">Rusk\u00fd prezident Vladimir Putin v pond\u011bl\u00ed v telefon\u00e1tu s Trumpem hovo\u0159il jak o konfliktu na Ukrajin\u011b, tak o nep\u0159\u00e1telstv\u00ed mezi USA a \u00cdr\u00e1nem.<\/span><\/p>\n<p><span dir=\"auto\">Kremelsk\u00fd poradce Jurij U\u0161akov popsal rozhovor jako\u00a0<\/span><em><span dir=\"auto\">\u201eobchodn\u00ed, otev\u0159en\u00fd a konstruktivn\u00ed\u201c<\/span><\/em><span dir=\"auto\">\u00a0a dodal, \u017ee oba l\u00edd\u0159i vyj\u00e1d\u0159ili p\u0159ipravenost pokra\u010dovat v pravideln\u00fdch kontaktech. Trump na pond\u011bln\u00ed tiskov\u00e9 konferenci na Florid\u011b uvedl, \u017ee m\u011bl\u00a0<\/span><em><span dir=\"auto\">\u201evelmi dobr\u00fd hovor s prezidentem Putinem\u201c.<\/span><\/em><\/p>\n<p><img decoding=\"async\" loading=\"lazy\" class=\"alignnone size-full wp-image-1185\" src=\"http:\/\/www.infokuryr.cz\/n\/wp-content\/uploads\/2021\/04\/kuryr-podpis.png\" alt=\"\" width=\"84\" height=\"24\" \/><\/p>\n<p>&nbsp;<\/p>\n","protected":false},"excerpt":{"rendered":"<p>Americko-izraelsk\u00fd \u00fatok a odveta \u00cdr\u00e1nu proti americk\u00fdm z\u00e1kladn\u00e1m na Bl\u00edzk\u00e9m v\u00fdchod\u011b naru\u0161ily p\u016fvodn\u00ed \u010dasov\u00fd r\u00e1mec&#8230;<\/p>\n","protected":false},"author":2,"featured_media":101609,"comment_status":"closed","ping_status":"closed","sticky":false,"template":"","format":"standard","meta":[],"categories":[7],"tags":[1505,22,26,37],"_links":{"self":[{"href":"https:\/\/www.infokuryr.cz\/n\/wp-json\/wp\/v2\/posts\/101608"}],"collection":[{"href":"https:\/\/www.infokuryr.cz\/n\/wp-json\/wp\/v2\/posts"}],"about":[{"href":"https:\/\/www.infokuryr.cz\/n\/wp-json\/wp\/v2\/types\/post"}],"author":[{"embeddable":true,"href":"https:\/\/www.infokuryr.cz\/n\/wp-json\/wp\/v2\/users\/2"}],"replies":[{"embeddable":true,"href":"https:\/\/www.infokuryr.cz\/n\/wp-json\/wp\/v2\/comments?post=101608"}],"version-history":[{"count":0,"href":"https:\/\/www.infokuryr.cz\/n\/wp-json\/wp\/v2\/posts\/101608\/revisions"}],"wp:featuredmedia":[{"embeddable":true,"href":"https:\/\/www.infokuryr.cz\/n\/wp-json\/wp\/v2\/media\/101609"}],"wp:attachment":[{"href":"https:\/\/www.infokuryr.cz\/n\/wp-json\/wp\/v2\/media?parent=101608"}],"wp:term":[{"taxonomy":"category","embeddable":true,"href":"https:\/\/www.infokuryr.cz\/n\/wp-json\/wp\/v2\/categories?post=101608"},{"taxonomy":"post_tag","embeddable":true,"href":"https:\/\/www.infokuryr.cz\/n\/wp-json\/wp\/v2\/tags?post=101608"}],"curies":[{"name":"wp","href":"https:\/\/api.w.org\/{rel}","templated":true}]}}