{"id":101603,"date":"2026-03-11T05:00:09","date_gmt":"2026-03-11T04:00:09","guid":{"rendered":"https:\/\/www.infokuryr.cz\/n\/?p=101603"},"modified":"2026-03-11T05:00:09","modified_gmt":"2026-03-11T04:00:09","slug":"odchod-eu-od-jaderne-energie-byla-strategicka-chyba","status":"publish","type":"post","link":"https:\/\/www.infokuryr.cz\/n\/2026\/03\/11\/odchod-eu-od-jaderne-energie-byla-strategicka-chyba\/","title":{"rendered":"Odchod EU od jadern\u00e9 energie byla strategick\u00e1 chyba!"},"content":{"rendered":"<div id=\"fb-root\"><\/div>\n<h4>Odchod EU od jadern\u00e9 energie byla strategick\u00e1 chyba! Peklo zamrzlo a \u0161\u00e9fka Evropsk\u00e9 komise v Pa\u0159\u00ed\u017ei na summitu o jadern\u00e9 energii jela bomby, kdy\u017e ozn\u00e1mila pl\u00e1n komise na podporu v\u00fdroby mal\u00fdch modul\u00e1rn\u00edch reaktor\u016f! N\u011bkdy prost\u011b slunce nesv\u00edt\u00ed a v\u00edtr nefouk\u00e1, tak\u017ee prost\u011b j\u00e1dro pot\u0159ebujeme! Ropn\u00e1 krize v d\u016fsledku v\u00e1lky USA a Izraele s \u00cdr\u00e1nem doslova bo\u0159\u00ed pil\u00ed\u0159e star\u00e9ho sv\u011btov\u00e9ho \u0159\u00e1du!<\/h4>\n<p>V\u00e1lka na Bl\u00edzk\u00e9m v\u00fdchod\u011b si v \u00fater\u00fd p\u0159ipsala dal\u0161\u00ed ob\u011b\u0165. Tentokr\u00e1t je to ob\u011b\u0165, kter\u00e1 u\u017e byla na hadi\u010dk\u00e1ch a na um\u0159en\u00ed, ale teprve a\u017e zablokov\u00e1n\u00ed Hormuzsk\u00e9ho pr\u016flivu definitivn\u011b ukon\u010dilo \u017eivot t\u00e9to ob\u011bti. Ano, je to samoz\u0159ejm\u011b evropsk\u00fd\u00a0<em>Green Deal<\/em>, kter\u00fd definitivn\u011b v \u00fater\u00fd zem\u0159el pot\u00e9, co \u0161\u00e9fka Evropsk\u00e9 komise Ursula von der Leyen na summitu o jadern\u00e9 energii v Pa\u0159\u00ed\u017ei ozna\u010dila odchod EU v 90. letech od jadern\u00e9 energie za strategickou chybu.<\/p>\n<p><strong>A pot\u00e9 to zaklin\u010dovala ozn\u00e1men\u00edm nov\u00e9ho velk\u00e9ho dota\u010dn\u00edho programu EU na podporu v\u00fdroby nov\u00fdch jadern\u00fdch modul\u00e1rn\u00edch reaktor\u016f (SMR).<\/strong>\u00a0Do roku 2030 by m\u011bly b\u00fdt prvn\u00ed men\u0161\u00ed reaktory nasazeny po cel\u00e9 Evropsk\u00e9 unii. Podle Ur\u0161uly se u\u017e Evropa nem\u016f\u017ee spol\u00e9hat na dovoz energi\u00ed z drah\u00fdch (USA) a nestabiln\u00edch (Rusko a Bl\u00edzk\u00fd v\u00fdchod) zdroj\u016f.\u00a0Desetilet\u00ed trvaj\u00edc\u00ed \u00fastup EU od jadern\u00e9 energie byl \u201e<em>strategickou chybou<\/em>\u201c, p\u0159iznala p\u0159edsedkyn\u011b Evropsk\u00e9 komise Ursula von der Leyenov\u00e1 a uvedla, \u017ee blok mus\u00ed nyn\u00ed tento pr\u016fmysl znovu vybudovat.<\/p>\n<p>&nbsp;<\/p>\n<div id=\"rumble_v74qpag\">\n<div id=\"vid_v74qpag\" class=\"rumble_v74qpag-Rumble-cls\" tabindex=\"-1\"><div class='videoWrapper'>\r\n\t            <iframe src='https:\/\/rumble.com\/embed\/pj.v74qpag\/' frameborder='0' allowfullscreen><\/iframe>\r\n\t        <\/div><\/div>\n<\/div>\n<p>&nbsp;<\/p>\n<p>Ve sv\u00e9m projevu na summitu o jadern\u00e9 energii v Pa\u0159\u00ed\u017ei v \u00fater\u00fd von der Leyenov\u00e1 poznamenala, \u017ee pod\u00edl jadern\u00e9 energie na v\u00fdrob\u011b elekt\u0159iny v EU klesl z jedn\u00e9 t\u0159etiny v roce 1990 na pouh\u00fdch 15 % v sou\u010dasnosti.<strong>\u00a0\u201e<em>Zp\u011btn\u011b vid\u00edme, \u017ee bylo strategickou chybou, kdy\u017e se Evropa odvr\u00e1tila od spolehliv\u00e9ho a cenov\u011b dostupn\u00e9ho zdroje energie s n\u00edzk\u00fdmi emisemi<\/em>,\u201c<\/strong>\u00a0prohl\u00e1sila. Von der Leyenov\u00e1 ozn\u00e1mila vytvo\u0159en\u00ed garan\u010dn\u00edho fondu ve v\u00fd\u0161i 200 milion\u016f eur na podporu mal\u00fdch modul\u00e1rn\u00edch reaktor\u016f (SMR) s c\u00edlem jejich provozn\u00edho nasazen\u00ed do roku 2030. \u201e<em>Jadern\u00fd z\u00e1vod je v b\u011bhu<\/em>,\u201c \u0159ekla a tvrdila, \u017ee \u201e<em>Evropa m\u00e1 v\u0161e, co pot\u0159ebuje, aby vedla<\/em>.\u201c<\/p>\n<p>Jej\u00ed pozn\u00e1mky p\u0159ich\u00e1zej\u00ed v dob\u011b, kdy eskaluj\u00edc\u00ed situace na Bl\u00edzk\u00e9m v\u00fdchod\u011b vyvolan\u00e1 neprovokovan\u00fdm \u00fatokem USA a Izraele na \u00cdr\u00e1n zp\u016fsobila prudk\u00fd n\u00e1r\u016fst cen ropy a zemn\u00edho plynu na sv\u011btov\u00fdch trz\u00edch. Sou\u010dasn\u011b se EU nad\u00e1le pot\u00fdk\u00e1 s d\u016fsledky sv\u00e9ho rozhodnut\u00ed p\u0159eru\u0161it energetick\u00e9 vazby s Ruskem v n\u00e1vaznosti na konflikt na Ukrajin\u011b, jako\u017e i se sv\u00fdmi kontroverzn\u00edmi politikami v oblasti zelen\u00e9 energie. Pokud nem\u00e1te \u010das na video naho\u0159e, tak tady je p\u0159epis kl\u00ed\u010dov\u00e9 \u010d\u00e1sti projevu Leyenov\u00e9 v Pa\u0159\u00ed\u017ei:<\/p>\n<h3>Projev \u0161\u00e9fky Evropsk\u00e9 komise na jadern\u00e9m energetick\u00e9m summitu v Pa\u0159\u00ed\u017ei o n\u00e1vratu EU k jadern\u00e9 energii<\/h3>\n<p>Dal\u0161\u00ed vlna inovac\u00ed a produktivity ve v\u0161ech pr\u016fmyslov\u00fdch odv\u011btv\u00edch. A oboj\u00ed vy\u017eaduje dostatek cenov\u011b dostupn\u00e9 elekt\u0159iny. Proto je pr\u016fmyslov\u00e1 konkurenceschopnost st\u00e1le v\u00edce ur\u010dov\u00e1na t\u00edm, kdo dok\u00e1\u017ee nejl\u00e9pe vyr\u00e1b\u011bt, p\u0159epravovat, skladovat a vyu\u017e\u00edvat dostatek cenov\u011b dostupn\u00e9 elekt\u0159iny. Evropa nen\u00ed producentem ropy ani zemn\u00edho plynu. V p\u0159\u00edpad\u011b fosiln\u00edch paliv jsme zcela z\u00e1visl\u00ed na drah\u00fdch a nestabiln\u00edch dovozech. To n\u00e1s stav\u00ed do struktur\u00e1ln\u011b nev\u00fdhodn\u00e9 pozice v\u016f\u010di jin\u00fdm region\u016fm. A sou\u010dasn\u00e1 krize na Bl\u00edzk\u00e9m v\u00fdchod\u011b n\u00e1m jasn\u011b p\u0159ipom\u00edn\u00e1, jakou zranitelnost to zp\u016fsobuje.<\/p>\n<p>M\u00e1me v\u0161ak vlastn\u00ed zdroje energie, jadern\u00e9 a obnoviteln\u00e9. A spole\u010dn\u011b se mohou st\u00e1t spole\u010dn\u00fdmi garanty nez\u00e1vislosti, bezpe\u010dnosti dod\u00e1vek a konkurenceschopnosti, pokud to nyn\u00ed zvl\u00e1dneme. V posledn\u00edm desetilet\u00ed jsme dos\u00e1hli velk\u00e9ho pokroku v oblasti obnoviteln\u00fdch zdroj\u016f energie. Sol\u00e1rn\u00ed a v\u011btrn\u00e1 energie p\u0159edstihly fosiln\u00ed paliva v energetick\u00e9m mixu EU. A na\u0161i evrop\u0161t\u00ed v\u00fdrobci v\u011btrn\u00fdch turb\u00edn jsou glob\u00e1ln\u00edmi l\u00eddry. Vyv\u00e1\u017eej\u00ed do cel\u00e9ho sv\u011bta \u0161pi\u010dkov\u00e9 technologie vyroben\u00e9 v Evrop\u011b. Jadern\u00e1 energie m\u00e1 bohu\u017eel jinou historii. A vy jste popsali pro\u010d.<\/p>\n<p>Zat\u00edmco v roce 1990 poch\u00e1zela t\u0159etina elekt\u0159iny v Evrop\u011b z jadern\u00fdch zdroj\u016f, dnes je to pouze necel\u00fdch 15%.\u00a0<strong>Toto sn\u00ed\u017een\u00ed pod\u00edlu jadern\u00e9 energie bylo z\u00e1m\u011brn\u00e9 a zp\u011btn\u011b lze \u0159\u00edci, \u017ee to byla strategick\u00e1 chyba, kdy\u017e se Evropa odvr\u00e1tila od spolehliv\u00e9ho a cenov\u011b dostupn\u00e9ho zdroje energie s n\u00edzk\u00fdmi emisemi.<\/strong>\u00a0To by se m\u011blo zm\u011bnit ze dvou dobr\u00fdch d\u016fvod\u016f. Za prv\u00e9, proto\u017ee jadern\u00e1 energie a obnoviteln\u00e9 zdroje energie hraj\u00ed kl\u00ed\u010dovou roli. Nejde o to, zda jedno nebo druh\u00e9. Nejv\u011bt\u0161\u00ed s\u00edlu maj\u00ed v kombinaci, proto\u017ee pot\u0159ebujeme nejlep\u0161\u00ed celkov\u00fd energetick\u00fd mix. \u010cist\u00fd, cenov\u011b dostupn\u00fd, odoln\u00fd, evropsk\u00fd. Obnoviteln\u00e9 zdroje energie produkuj\u00ed nejlevn\u011bj\u0161\u00ed elekt\u0159inu, ale jsou nest\u00e1l\u00e9, z\u00e1visl\u00e9 na slunci a v\u011btru. A n\u011bkdy jsou nejlep\u0161\u00ed lokality daleko od center pr\u016fmyslov\u00e9 popt\u00e1vky.<\/p>\n<p>Proto mus\u00edme tak\u00e9 investovat do skladov\u00e1n\u00ed a flexibility popt\u00e1vky a roz\u0161i\u0159ovat na\u0161e s\u00edt\u011b. Jadern\u00e1 energie je spolehliv\u00e1 a poskytuje elekt\u0159inu po cel\u00fd rok a po cel\u00fd den. Nej\u00fa\u010dinn\u011bj\u0161\u00ed syst\u00e9m tedy kombinuje jadernou energii a obnoviteln\u00e9 zdroje a je podpo\u0159en flexibilitou skladov\u00e1n\u00ed a s\u00edt\u011bmi. Druh\u00fdm d\u016fvodem je, \u017ee Evropa byla pr\u016fkopn\u00edkem v jadern\u00e9 technologii a mohla by v n\u00ed op\u011bt zaujmout vedouc\u00ed postaven\u00ed ve sv\u011bt\u011b. Jadern\u00e9 reaktory nov\u00e9 generace by se mohly st\u00e1t evropsk\u00fdm high-tech produktem s vysokou hodnotou pro export. A to n\u00e1s dnes p\u0159iv\u00e1d\u00ed do Pa\u0159\u00ed\u017ee.<\/p>\n<p>V posledn\u00edch letech jsme sv\u011bdky glob\u00e1ln\u00edho o\u017eiven\u00ed jadern\u00e9 energie a Evropa se chce na n\u011bm pod\u00edlet. V lo\u0148sk\u00e9m roce jsme zm\u011bnili pravidla st\u00e1tn\u00ed podpory, abychom roz\u0161\u00ed\u0159ili podporu na jadern\u00e9 \u0161t\u011bpen\u00ed a paliva.\u00a0<strong>Zalo\u017eili jsme prvn\u00ed pr\u016fmyslovou alianci na sv\u011bt\u011b pro mal\u00e9 modul\u00e1rn\u00ed reaktory.<\/strong>\u00a0A navrhujeme investovat v na\u0161em p\u0159\u00ed\u0161t\u00edm rozpo\u010dtu v\u00edce ne\u017e 5 miliard eur do v\u00fdzkumu jadern\u00e9 f\u00faze, zejm\u00e9na prost\u0159ednictv\u00edm projektu ITER. Po letech klesaj\u00edc\u00edch investic v\u0161ak pot\u0159ebujeme v\u00edce, abychom zvr\u00e1tili tento trend. Proto dnes p\u0159edstavujeme novou evropskou strategii pro mal\u00e9 modul\u00e1rn\u00ed reaktory, jako EU Komise.<\/p>\n<p>M\u00e1me velmi jednoduch\u00fd c\u00edl.\u00a0<strong>Chceme, aby tato nov\u00e1 technologie byla v Evrop\u011b funk\u010dn\u00ed do za\u010d\u00e1tku roku 2030, aby mohla hr\u00e1t kl\u00ed\u010dovou roli<\/strong>\u00a0vedle tradi\u010dn\u00edch jadern\u00fdch reaktor\u016f ve flexibiln\u00edm, bezpe\u010dn\u00e9m a efektivn\u00edm energetick\u00e9m syst\u00e9mu. Navrhujeme t\u0159i hlavn\u00ed soubory opat\u0159en\u00ed. Za prv\u00e9 pot\u0159ebujeme jednoduch\u00e1 pravidla, a vy jste hovo\u0159ili o standardizaci. Vytvo\u0159\u00edme regula\u010dn\u00ed sandboxy, aby spole\u010dnosti mohly testovat inovativn\u00ed technologie. A budeme spolupracovat s \u010dlensk\u00fdmi st\u00e1ty, aby byla pravidla sjednocena nap\u0159\u00ed\u010d hranicemi. Logika je velmi jasn\u00e1. Pokud je nasazen\u00ed bezpe\u010dn\u00e9, mus\u00ed b\u00fdt jednoduch\u00e9 nasadit je po cel\u00e9 Evrop\u011b.<\/p>\n<p>Za druh\u00e9, mus\u00edme mobilizovat investice. A dnes mohu ozn\u00e1mit, \u017ee vytvo\u0159\u00edme z\u00e1ruku ve v\u00fd\u0161i 200 milion\u016f eur na podporu investic do inovativn\u00edch jadern\u00fdch technologi\u00ed. A zdroje budou poch\u00e1zet z na\u0161eho syst\u00e9mu obchodov\u00e1n\u00ed s emisemi. Nejen\u017ee sn\u00ed\u017e\u00edme riziko investic do t\u011bchto n\u00edzkouhl\u00edkov\u00fdch technologi\u00ed, ale tak\u00e9 chceme d\u00e1t jasn\u00fd sign\u00e1l ostatn\u00edm investor\u016fm, aby se p\u0159ipojili. Jedn\u00e1 se o jeden konkr\u00e9tn\u00ed krok, kter\u00fd je sou\u010d\u00e1st\u00ed \u0161ir\u0161\u00edho \u00fasil\u00ed o zlep\u0161en\u00ed investi\u010dn\u00edch podm\u00ednek pro evropsk\u00fd jadern\u00fd sektor.<\/p>\n<p>M\u016fj t\u0159et\u00ed bod je, \u017ee se mus\u00ed jednat o spole\u010dn\u00e9 evropsk\u00e9 \u00fasil\u00ed.\u00a0<strong>Obchodn\u00ed model modul\u00e1rn\u00edch reaktor\u016f vy\u017eaduje rozsah, proto je nezbytn\u00e1 spolupr\u00e1ce p\u0159esahuj\u00edc\u00ed evropsk\u00e9 hranice.<\/strong>\u00a0Proto budeme spolupracovat s \u010dlensk\u00fdmi st\u00e1ty na harmonizaci jejich regula\u010dn\u00edch r\u00e1mc\u016f, zrychlen\u00ed schvalovac\u00edch proces\u016f a rozvoji dovednost\u00ed, kter\u00e9 tento sektor pot\u0159ebuje. Spole\u010dnosti z \u010dlensk\u00fdch st\u00e1t\u016f, ale i od d\u016fv\u011bryhodn\u00fdch partner\u016f, by se tak\u00e9 m\u011bly spojit. Mohly by nap\u0159\u00edklad spole\u010dn\u011b investovat do v\u00fdzkumu, testovac\u00edch za\u0159\u00edzen\u00ed a vytv\u00e1\u0159en\u00ed evropsk\u00fdch hodnotov\u00fdch \u0159et\u011bzc\u016f pro jadern\u00e1 paliva. Na\u0161e ambice se v\u0161ak neomezuj\u00ed pouze na SMR. Mus\u00edme tak\u00e9 pos\u00edlit \u0161ir\u0161\u00ed jadern\u00fd ekosyst\u00e9m. A\u0165 u\u017e jde o paliva, technologie, dodavatelsk\u00e9 \u0159et\u011bzce nebo dovednosti, abychom jmenovali alespo\u0148 n\u011bkter\u00e9. Proto tak\u00e9 navrhujeme na\u0161i strategii investic do \u010dist\u00e9 energie.<\/p>\n<p>C\u00edlem je sn\u00ed\u017eit n\u00e1klady na energii, urychlit zav\u00e1d\u011bn\u00ed \u010dist\u00fdch technologi\u00ed a otev\u0159\u00edt v\u00edce p\u0159\u00edle\u017eitost\u00ed k financov\u00e1n\u00ed. D\u00e1my a p\u00e1nov\u00e9, jadern\u00fd z\u00e1vod je zjevn\u011b v pln\u00e9m proudu. V\u00edme v\u0161ak, \u017ee Evropa m\u00e1 v\u0161e, co pot\u0159ebuje, aby se ujala veden\u00ed. M\u00e1me p\u016fl milionu vysoce kvalifikovan\u00fdch pracovn\u00edk\u016f v jadern\u00e9m odv\u011btv\u00ed, co\u017e je mnohem v\u00edce ne\u017e ve Spojen\u00fdch st\u00e1tech a \u010c\u00edn\u011b. Ve skute\u010dnosti jsme sv\u011btov\u00fdmi l\u00eddry v oblasti inovac\u00ed modul\u00e1rn\u00edch reaktor\u016f. A nyn\u00ed m\u00e1me ambici postupovat rychle a ve velk\u00e9m m\u011b\u0159\u00edtku, aby se Evropa stala glob\u00e1ln\u00edm centrem jadern\u00e9 energie nov\u00e9 generace.<\/p>\n<p>Mnohokr\u00e1t d\u011bkuji a dlouh\u00fd \u017eivot v\u00e1m v\u0161em.<\/p>\n<p>\u2013<em>Leyenov\u00e1<\/em>\u2013<\/p>\n<h3>Jadern\u00e1 energie je po 36 letech znovu kl\u00ed\u010dem k z\u00e1chran\u011b energetick\u00e9 stability Evropy<\/h3>\n<p>Tady v N\u011bmecku, kter\u00e9 v roce 2023 uzav\u0159elo sv\u00e9 posledn\u00ed t\u0159i jadern\u00e9 elektr\u00e1rny, kancl\u00e9\u0159 Friedrich Merz podobn\u011b odsoudil postupn\u00e9 odstaven\u00ed jadern\u00fdch elektr\u00e1ren jako \u201e<em>z\u00e1va\u017enou strategickou chybu<\/em>\u201c a v lednu poznamenal, \u017ee Berl\u00edn nyn\u00ed \u010del\u00ed \u201e<em>nejdra\u017e\u0161\u00ed energetick\u00e9 transformaci na cel\u00e9m sv\u011bt\u011b<\/em>\u201c.<\/p>\n<p><strong>Ned\u00e1vn\u00e1 anal\u00fdza JPMorgan zjistila, \u017ee ceny pr\u016fmyslov\u00e9 elekt\u0159iny v N\u011bmecku jsou nyn\u00ed trojn\u00e1sobn\u00e9 oproti cen\u00e1m v USA a \u010c\u00edn\u011b.<\/strong>\u00a0Zpr\u00e1va spole\u010dnosti Deloitte vypracovan\u00e1 na zak\u00e1zku evropsk\u00e9ho chemick\u00e9ho pr\u016fmyslu rovn\u011b\u017e zjistila, \u017ee 83% ukazatel\u016f konkurenceschopnosti EU stagnuje nebo se zhor\u0161uje, p\u0159i\u010dem\u017e pouze v chemick\u00e9m odv\u011btv\u00ed do\u0161lo v d\u016fsledku uzav\u0159en\u00ed tov\u00e1ren ke ztr\u00e1t\u011b 20 000 pracovn\u00edch m\u00edst.<\/p>\n<div class=\"twitter-tweet twitter-tweet-rendered\"><a href=\"https:\/\/x.com\/ruswar\/status\/2030961486244528156?ref_src=twsrc%5Etfw%7Ctwcamp%5Etweetembed%7Ctwterm%5E2030961486244528156%7Ctwgr%5E7c2bb95d810b5909929faea20b672266076d88e6%7Ctwcon%5Es1_&amp;ref_url=https%3A%2F%2Faeronet.news%2Fodchod-eu-od-jaderne-energie-byla-strategicka-chyba-peklo-zamrzlo-a-sefka-evropske-komise-v-parizi-na-summitu-o-jaderne-energii-jela-bomby%2F\"><img decoding=\"async\" loading=\"lazy\" class=\"wp-image-101605 aligncenter\" src=\"http:\/\/www.infokuryr.cz\/n\/wp-content\/uploads\/2026\/03\/x1-7-211x300.jpg\" alt=\"\" width=\"386\" height=\"549\" srcset=\"https:\/\/www.infokuryr.cz\/n\/wp-content\/uploads\/2026\/03\/x1-7-211x300.jpg 211w, https:\/\/www.infokuryr.cz\/n\/wp-content\/uploads\/2026\/03\/x1-7.jpg 593w\" sizes=\"(max-width: 386px) 100vw, 386px\" \/><\/a><\/div>\n<p>Energetick\u00e1 politika EU byla opakovan\u011b ter\u010dem kritiky jak uvnit\u0159, tak vn\u011b bloku. B\u00fdval\u00fd polsk\u00fd premi\u00e9r Mateusz Morawiecki ozna\u010dil bruselsk\u00e9 klimatick\u00e9 c\u00edle pro rok 2040 za \u201e<em>sebevra\u017edu evropsk\u00e9 ekonomiky<\/em>\u201c, zat\u00edmco ma\u010farsk\u00fd ministr zahrani\u010d\u00ed Peter Szijjarto varoval, \u017ee pokud blok nezru\u0161\u00ed sankce na ruskou energii, \u201e<em>zasad\u00ed to evropsk\u00e9 ekonomice extr\u00e9mn\u011b silnou r\u00e1nu<\/em>\u201c. Z\u00e1stupce Kremlu Kirill Dmitriev minul\u00fd t\u00fdden poznamenal, \u017ee \u201e<em>energetick\u00fd tlak Z\u00e1padu na Rusko selhal a m\u00e1 opa\u010dn\u00fd \u00fa\u010dinek<\/em>\u201c, a dodal, \u017ee \u201e<em>zem\u011b, kter\u00e9 se s Ruskem spojily v oblasti energetiky, u\u010dinily moudr\u00e9 strategick\u00e9 rozhodnut\u00ed<\/em>\u201c.<\/p>\n<h3>Evropsk\u00fd Green Deal je v d\u016fsledku reality na Ukrajin\u011b, v Rusku, v USA a na Bl\u00edzk\u00e9m v\u00fdchod\u011b mrtev<\/h3>\n<p>V\u00e1lka na Bl\u00edzk\u00e9m v\u00fdchod\u011b zkr\u00e1tka bour\u00e1 Evropu a posiluje Rusko a ruskou ropu pod kontrolou Chabadu. Americk\u00fd prezident a k\u00e1dr Chabadu proto ihned vol\u00e1 do Kremlu a \u017e\u00e1d\u00e1 o ropnou pomoc na stabilizaci cen ropy ve sv\u011bt\u011b, samoz\u0159ejm\u011b za p\u0159\u00edslu\u0161nou pr\u00e9mii pro chasidsk\u00e9 majitele rusk\u00e9 ropy.<\/p>\n<p><strong>A v t\u00e9to situaci si prost\u011b Lond\u00fdn a jeho k\u00e1drov\u010diky v \u010dele s Ur\u0161ulou prost\u011b uv\u011bdomuj\u00ed, \u017ee bez rusk\u00e9 ropy to \u0161lo v EU t\u011b\u017eko, a te\u010f i bez arabsk\u00e9 to v podstat\u011b nep\u016fjde v\u016fbec.<\/strong>\u00a0Proto nez\u016fstalo na stole nic jin\u00e9ho, ne\u017e si posypat popel na hlavu, prohl\u00e1sit odchod EU od j\u00e1dra za strategickou chybu, a prov\u00e9st to, co um\u00ed Brusel nejl\u00e9pe, tedy p\u0159erozd\u011blit dotace EU pro firmy, aby honem rychle vyrobily modul\u00e1rn\u00ed reaktory.<\/p>\n<div class=\"twitter-tweet twitter-tweet-rendered\"><a href=\"https:\/\/x.com\/business\/status\/2031370712041062702?ref_src=twsrc%5Etfw%7Ctwcamp%5Etweetembed%7Ctwterm%5E2031370712041062702%7Ctwgr%5E7c2bb95d810b5909929faea20b672266076d88e6%7Ctwcon%5Es1_&amp;ref_url=https%3A%2F%2Faeronet.news%2Fodchod-eu-od-jaderne-energie-byla-strategicka-chyba-peklo-zamrzlo-a-sefka-evropske-komise-v-parizi-na-summitu-o-jaderne-energii-jela-bomby%2F\"><img decoding=\"async\" loading=\"lazy\" class=\"wp-image-101606 aligncenter\" src=\"http:\/\/www.infokuryr.cz\/n\/wp-content\/uploads\/2026\/03\/x2-9-251x300.jpg\" alt=\"\" width=\"519\" height=\"620\" srcset=\"https:\/\/www.infokuryr.cz\/n\/wp-content\/uploads\/2026\/03\/x2-9-251x300.jpg 251w, https:\/\/www.infokuryr.cz\/n\/wp-content\/uploads\/2026\/03\/x2-9.jpg 594w\" sizes=\"(max-width: 519px) 100vw, 519px\" \/><\/a><\/div>\n<p>Strana Zelen\u00fdch asi dostane infarkt, ale zkr\u00e1tka je jasn\u00e9, \u017ee v\u00e1lka s \u00cdr\u00e1nem u\u017e m\u00e1 sv\u00e9ho prvn\u00edho pora\u017een\u00e9ho, a to je Green Deal agenda, kter\u00e1 byla \u017eivena v cel\u00e9 EU od po\u010d\u00e1tku 90. let a nejv\u011bt\u0161\u00edm nep\u0159\u00edtelem bylo j\u00e1dro. Ub\u011bhlo 36 let a EU Komise chce rozmis\u0165ovat po cel\u00e9 EU modul\u00e1rn\u00ed SMR reaktory, kter\u00e9 se vejdou do oby\u010dejn\u00e9 v\u00fdrobn\u00ed haly nebo v\u011bt\u0161\u00edho skladu.<\/p>\n<p>Ur\u0161ula ov\u0161em ne\u0159ekla, odkud se bude br\u00e1t pro tak velk\u00fd po\u010det SMR jadern\u00e9 palivo, kdy\u017e nejv\u011bt\u0161\u00edm producentem je zase a op\u011bt Rusko a rusk\u00e9 firmy Rosatom a TVEL pod kontrolou Chabadu, kter\u00e9 kontroluj\u00ed necelou polovinu sv\u011btov\u00e9 produkce jadern\u00fdch paliv. Nav\u00edc \u00fa\u010dinnost mal\u00fdch SMR bude mnohem ni\u017e\u0161\u00ed v pom\u011bru \u00fadr\u017eby a zabezpe\u010den\u00ed k zisku a k v\u00fdkonu.<\/p>\n<h3>Modul\u00e1rn\u00ed reaktory jako rychl\u00e1 n\u00e1plast na zbouran\u00e9 velkokapacitn\u00ed jadern\u00e9 elektr\u00e1rny v EU od \u017eeny, kter\u00e1 v roce 2011 sama hlasovala pro zav\u0159en\u00ed v\u0161ech n\u011bmeck\u00fdch jaderek<\/h3>\n<p>Asi je to snaha nevypadat trapn\u011b a nedostat se pod palbu kritiky a posm\u011bchu, kdy lid\u00e9 za\u010dnou k\u0159i\u010det, \u017ee pro\u010d jste tedy ty jadern\u00e9 elektr\u00e1rny nechali zbourat a strhnout? Pro\u010d jste je jenom nezakonzervovali? Na tyto ot\u00e1zky by toti\u017e zazn\u011bla odpov\u011b\u010f, \u017ee to tak na\u0159\u00eddila Evropsk\u00e1 komise na popud n\u011bmeck\u00fdch vl\u00e1d a n\u011bmeck\u00e9 strany Zelen\u00fdch.<\/p>\n<p>A v neposledn\u00ed \u0159ad\u011b na popud zelen\u00fdch fundamentalist\u016f v \u0159ad\u00e1ch Evropsk\u00e9 lidov\u00e9 strany, kter\u00e9 \u0161\u00e9fuje pr\u00e1v\u011b \u0161\u00e9fa Evropsk\u00e9 komise Ursula von der Leyen. Kruh by se uzav\u0159el, a to hlavn\u011b nad mnoha politiky jako hladina nad utopencem,\u00a0<strong>proto\u017ee to byla pr\u00e1v\u011b Ursula, kter\u00e1 v roce 2011 v Bundestagu hlasovala pro zav\u0159en\u00ed v\u0161ech n\u011bmeck\u00fdch jadern\u00fdch elektr\u00e1ren, co\u017e dodnes dosv\u011bd\u010duje a p\u0159ipom\u00edn\u00e1 hlasovac\u00ed svodka [<a href=\"https:\/\/href.li\/?https:\/\/www.bundestag.de\/webarchiv\/textarchiv\/2011\/abstimmung-250082\" target=\"_blank\" rel=\"nofollow noopener\">1<\/a>] z Bundestagu.\u00a0<\/strong>Prost\u011b ub\u011bhlo 15 let a v\u0161echno je jinak.<\/p>\n<figure id=\"attachment_66365\" class=\"wp-caption aligncenter\" style=\"width: 702px;\"><a href=\"https:\/\/aeronet.news\/wp-content\/uploads\/SMR_Reactor.jpg\"><img decoding=\"async\" loading=\"lazy\" class=\"wp-image-66365 \" src=\"https:\/\/aeronet.news\/wp-content\/uploads\/SMR_Reactor-1024x611.jpg\" sizes=\"(max-width: 700px) 100vw, 700px\" srcset=\"https:\/\/aeronet.news\/wp-content\/uploads\/SMR_Reactor-1024x611.jpg 1024w, https:\/\/aeronet.news\/wp-content\/uploads\/SMR_Reactor-300x179.jpg 300w, https:\/\/aeronet.news\/wp-content\/uploads\/SMR_Reactor-768x458.jpg 768w, https:\/\/aeronet.news\/wp-content\/uploads\/SMR_Reactor-700x418.jpg 700w, https:\/\/aeronet.news\/wp-content\/uploads\/SMR_Reactor-598x357.jpg 598w, https:\/\/aeronet.news\/wp-content\/uploads\/SMR_Reactor-809x483.jpg 809w, https:\/\/aeronet.news\/wp-content\/uploads\/SMR_Reactor.jpg 1280w\" alt=\"\" width=\"702\" height=\"419\" \/><\/a><figcaption class=\"wp-caption-text\">Pilotn\u00ed uk\u00e1zka n\u011bkolika SMR reaktor\u016f tvo\u0159\u00edc\u00edch malou lok\u00e1ln\u00ed jadernou elektr\u00e1rnu<\/figcaption><\/figure>\n<p>Tak\u017ee aby to nevypadalo trapn\u011b, kdyby se stav\u011bly znovu ty sam\u00e9 jadern\u00e9 elektr\u00e1rny, kter\u00e9 byly zbour\u00e1ny, tak se p\u0159i\u0161lo s n\u00e1padem nov\u00fdch SMR reaktor\u016f. Men\u0161\u00edch, utilit\u00e1rn\u00edch, vhodn\u00fdch pro mal\u00e9 obce ji\u017e od 800 a\u017e 1500 obyvatel. Na ka\u017ed\u00e9m okraji obce bude za 10 a\u017e 15 let sam\u00e1 mal\u00e1 SMR jaderka.<\/p>\n<p>A na ka\u017ed\u00e9 bude p\u0159i\u0161pendlen\u00e1 modr\u00e1 tabulka s n\u00e1pisem, \u017ee d\u00edlo bylo zbudov\u00e1no s podporu Evropsk\u00e9 unie a z pen\u011bz evropsk\u00fdch da\u0148ov\u00fdch\u00a0<em>soustrastn\u00edk\u016f<\/em>. Idiocie m\u00e1 mnoho podob, ale kdyby n\u011bkdo cht\u011bl ztv\u00e1rnit idiocii bruselsk\u00fdch apar\u00e1t\u010d\u00edk\u016f a jejich veleto\u010d\u016f, tak se ob\u00e1v\u00e1m, \u017ee fantazie by mu nesta\u010dila. Realita toti\u017e brut\u00e1ln\u011b a dalece p\u0159esahuje v\u0161echny fantazie, kam a\u017e m\u016f\u017ee zaj\u00edt evropsk\u00fd byrokratick\u00fd apar\u00e1t.<\/p>\n<p><a href=\"https:\/\/aeronet.news\/odchod-eu-od-jaderne-energie-byla-strategicka-chyba-peklo-zamrzlo-a-sefka-evropske-komise-v-parizi-na-summitu-o-jaderne-energii-jela-bomby\/\">-VK-<\/a><\/p>\n<p>&nbsp;<\/p>\n","protected":false},"excerpt":{"rendered":"<p>Odchod EU od jadern\u00e9 energie byla strategick\u00e1 chyba! Peklo zamrzlo a \u0161\u00e9fka Evropsk\u00e9 komise v&#8230;<\/p>\n","protected":false},"author":2,"featured_media":101604,"comment_status":"closed","ping_status":"closed","sticky":false,"template":"","format":"standard","meta":[],"categories":[6],"tags":[1042,41,183,3251],"_links":{"self":[{"href":"https:\/\/www.infokuryr.cz\/n\/wp-json\/wp\/v2\/posts\/101603"}],"collection":[{"href":"https:\/\/www.infokuryr.cz\/n\/wp-json\/wp\/v2\/posts"}],"about":[{"href":"https:\/\/www.infokuryr.cz\/n\/wp-json\/wp\/v2\/types\/post"}],"author":[{"embeddable":true,"href":"https:\/\/www.infokuryr.cz\/n\/wp-json\/wp\/v2\/users\/2"}],"replies":[{"embeddable":true,"href":"https:\/\/www.infokuryr.cz\/n\/wp-json\/wp\/v2\/comments?post=101603"}],"version-history":[{"count":0,"href":"https:\/\/www.infokuryr.cz\/n\/wp-json\/wp\/v2\/posts\/101603\/revisions"}],"wp:featuredmedia":[{"embeddable":true,"href":"https:\/\/www.infokuryr.cz\/n\/wp-json\/wp\/v2\/media\/101604"}],"wp:attachment":[{"href":"https:\/\/www.infokuryr.cz\/n\/wp-json\/wp\/v2\/media?parent=101603"}],"wp:term":[{"taxonomy":"category","embeddable":true,"href":"https:\/\/www.infokuryr.cz\/n\/wp-json\/wp\/v2\/categories?post=101603"},{"taxonomy":"post_tag","embeddable":true,"href":"https:\/\/www.infokuryr.cz\/n\/wp-json\/wp\/v2\/tags?post=101603"}],"curies":[{"name":"wp","href":"https:\/\/api.w.org\/{rel}","templated":true}]}}