{"id":1016,"date":"2021-04-21T09:54:02","date_gmt":"2021-04-21T07:54:02","guid":{"rendered":"http:\/\/www.infokuryr.cz\/n\/?p=1016"},"modified":"2021-04-21T10:03:46","modified_gmt":"2021-04-21T08:03:46","slug":"rusko-pozaduje-odchod-1-milionu-ilegalnich-imigrantu","status":"publish","type":"post","link":"https:\/\/www.infokuryr.cz\/n\/2021\/04\/21\/rusko-pozaduje-odchod-1-milionu-ilegalnich-imigrantu\/","title":{"rendered":"Rusko po\u017eaduje odchod 1 milionu ileg\u00e1ln\u00edch imigrant\u016f"},"content":{"rendered":"<div id=\"fb-root\"><\/div>\n<p>N\u00e1m\u011bstek rusk\u00e9ho ministra vnitra Alexander Gorovoy\u00a0<a href=\"https:\/\/www.aa.com.tr\/en\/world\/russia-demands-1m-illegal-migrants-to-leave-country\/2211717\">po\u017e\u00e1dal<\/a>\u00a0zem\u011b b\u00fdval\u00e9ho SSSR<strong>, aby spolupracovaly na odsunu sv\u00fdch ob\u010dan\u016f pob\u00fdvaj\u00edc\u00edch ileg\u00e1ln\u011b na \u00fazem\u00ed Ruska. Jedn\u00e1 se zhruba o 1 milion osob. Maj\u00ed lh\u016fto do 15. \u010dervna 2021, kdy mohou opustit rusk\u00e9 \u00fazem\u00ed bez potrest\u00e1n\u00ed.<\/strong><\/p>\n<p>Rusko je jednou z m\u00e1la zem\u00ed v Evrop\u011b, kter\u00e1 aktivn\u011b pot\u00edr\u00e1 ileg\u00e1ln\u00ed imigraci. Dal\u0161\u00ed jsou je\u0161t\u011b Polsko a Ma\u010farsko. N<strong>aopak ostatn\u00ed zem\u011b Evropy a p\u0159edev\u0161\u00edm pak EU ileg\u00e1ln\u00ed imigraci aktivn\u011b podporuj\u00ed s c\u00edlem nahradit p\u016fvodn\u00ed b\u00edl\u00e9 obyvatelstvo imigranty.<\/strong>\u00a0V\u00fdjimkou nen\u00ed ani \u010cR, kdy nyn\u00ed \u017eije podle odhad\u016f asi 120 000 Vietnamc\u016f, skoro 100 000 \u010dernoch\u016f a Arab\u016f a jejich po\u010dty prudce rostou.<\/p>\n<p><a href=\"https:\/\/ceskavec.com\/2021\/04\/rusko-pozaduje-odchod-1-milionu-ilegalnich-imigrantu\">KPI<\/a><\/p>\n<p>&nbsp;<\/p>\n","protected":false},"excerpt":{"rendered":"<p>N\u00e1m\u011bstek rusk\u00e9ho ministra vnitra Alexander Gorovoy\u00a0po\u017e\u00e1dal\u00a0zem\u011b b\u00fdval\u00e9ho SSSR, aby spolupracovaly na odsunu sv\u00fdch ob\u010dan\u016f pob\u00fdvaj\u00edc\u00edch&#8230;<\/p>\n","protected":false},"author":2,"featured_media":1017,"comment_status":"closed","ping_status":"closed","sticky":false,"template":"","format":"standard","meta":[],"categories":[7],"tags":[41,119,22],"_links":{"self":[{"href":"https:\/\/www.infokuryr.cz\/n\/wp-json\/wp\/v2\/posts\/1016"}],"collection":[{"href":"https:\/\/www.infokuryr.cz\/n\/wp-json\/wp\/v2\/posts"}],"about":[{"href":"https:\/\/www.infokuryr.cz\/n\/wp-json\/wp\/v2\/types\/post"}],"author":[{"embeddable":true,"href":"https:\/\/www.infokuryr.cz\/n\/wp-json\/wp\/v2\/users\/2"}],"replies":[{"embeddable":true,"href":"https:\/\/www.infokuryr.cz\/n\/wp-json\/wp\/v2\/comments?post=1016"}],"version-history":[{"count":0,"href":"https:\/\/www.infokuryr.cz\/n\/wp-json\/wp\/v2\/posts\/1016\/revisions"}],"wp:featuredmedia":[{"embeddable":true,"href":"https:\/\/www.infokuryr.cz\/n\/wp-json\/wp\/v2\/media\/1017"}],"wp:attachment":[{"href":"https:\/\/www.infokuryr.cz\/n\/wp-json\/wp\/v2\/media?parent=1016"}],"wp:term":[{"taxonomy":"category","embeddable":true,"href":"https:\/\/www.infokuryr.cz\/n\/wp-json\/wp\/v2\/categories?post=1016"},{"taxonomy":"post_tag","embeddable":true,"href":"https:\/\/www.infokuryr.cz\/n\/wp-json\/wp\/v2\/tags?post=1016"}],"curies":[{"name":"wp","href":"https:\/\/api.w.org\/{rel}","templated":true}]}}