{"id":101597,"date":"2026-03-11T04:43:19","date_gmt":"2026-03-11T03:43:19","guid":{"rendered":"https:\/\/www.infokuryr.cz\/n\/?p=101597"},"modified":"2026-03-11T04:43:19","modified_gmt":"2026-03-11T03:43:19","slug":"dojemne-sceny-o-ukrajinskych-lekarich-plni-mainstremova-media-pripomina-to-syrske-lekare-a-vedce","status":"publish","type":"post","link":"https:\/\/www.infokuryr.cz\/n\/2026\/03\/11\/dojemne-sceny-o-ukrajinskych-lekarich-plni-mainstremova-media-pripomina-to-syrske-lekare-a-vedce\/","title":{"rendered":"Dojemn\u00e9 sc\u00e9ny o ukrajinsk\u00fdch l\u00e9ka\u0159\u00edch pln\u00ed mainstremov\u00e1 m\u00e9dia. P\u0159ipom\u00edn\u00e1 to \u201esyrsk\u00e9\u201c l\u00e9ka\u0159e a v\u011bdce\u2026"},"content":{"rendered":"<div id=\"fb-root\"><\/div>\n<h3 class=\"entry-title\">C\u00edlem je na\u0159edit homogenn\u00ed \u010deskou populaci. V zemi u\u017e \u017eije 1,2 milionu cizinc\u016f\u2026<\/h3>\n<p><strong>S debatou o n\u00e1vratu Ukrajinsk\u00fdch v\u00e1le\u010dn\u00fdch (ekonomick\u00fdch) imigrant\u016f do jejich zem\u011b se v \u201emainstemov\u00fdch m\u00e9di\u00edch \u201c rozjela kampa\u0148 o nenahraditeln\u00fdch ukrajinsk\u00fdch l\u00e9ka\u0159\u00edc<\/strong>h. Jsou to dojemn\u00e9 \u010dl\u00e1nky, jak se nemohou vr\u00e1tit a \u010desk\u00e9 zdravotnictv\u00ed\u00a0<a href=\"https:\/\/www.irozhlas.cz\/zpravy-domov\/bomby-z-charkova-vyhnaly-i-lekarku-hannu-druhy-domov-nasla-ve-zline-kde-pracuje_2602250812_ntu\">bez nich zkolabuje<\/a>. Obzvl\u00e1\u0161t\u011b\u00a0<a href=\"https:\/\/www.irozhlas.cz\/zpravy-domov\/nemusim-pracovat-od-rana-do-noci-docentka-z-ukrajiny-byla-v-cesku-uklizecka-dnes_2602241240_vsn\">trapn\u00e1 jsou<\/a>\u00a0\u201eve\u0159ejnopr\u00e1vn\u00ed\u201c m\u00e9dia.\u00a0<strong>Kvalitou texty p\u0159ipom\u00ednaj\u00ed multikulturn\u00ed mas\u00edrku z N\u011bmecka, kde se tak\u00e9 psalo o \u201esyrsk\u00fdch l\u00e9ka\u0159\u00edch a v\u011bdc\u00edch\u201c, aby se uk\u00e1zalo, \u017ee to byla jen velk\u00e1 le\u017e<\/strong>.<\/p>\n<p><strong>Redakto\u0159i \u017eij\u00edc\u00ed z \u010desk\u00fdch koncesion\u00e1\u0159sk\u00fdch poplatk\u016f, l\u00ed\u010d\u00ed nap\u0159\u00edklad jistou psycholo\u017eku, kterou v\u0161ichni pr\u00fd pot\u0159ebuj\u00ed, aby se uk\u00e1zalo, \u017ee pracuje pouze pro Ukrajince\u2026 plat\u00ed j\u00ed ale \u010ce\u0161i<\/strong> apod.<\/p>\n<p>Realita je prost\u00e1,\u00a0<strong>od roku 2022 se v \u010desk\u00e9m ofici\u00e1ln\u00edm zdravotnictv\u00ed objevilo asi 700 ukrajinsk\u00fdch l\u00e9ka\u0159\u016f a 700 sester. Na bedra \u010desk\u00e9ho pl\u00e1tce ale p\u0159ibylo asi 700 000 Ukrajinc\u016f, tak\u017ee \u010desk\u00fd zdravotn\u00ed syst\u00e9m je od t\u00e9 doby velmi p\u0159et\u00ed\u017een. Bl\u00e1boly, jak p\u0159in\u00e1\u0161ej\u00ed do \u010desk\u00e9ho soci\u00e1ln\u00edho syst\u00e9mu v\u00edc, ne\u017e z n\u011bj \u010derpaj\u00ed, p\u0159ipom\u00ednaj\u00ed ty v\u00fd\u0161e uveden\u00e9 l\u017ei<\/strong>\u00a0o \u201esyrsk\u00fdch l\u00e9ka\u0159\u00edch a v\u011bdc\u00edch\u201c.<\/p>\n<p>Pochopiteln\u011b jin\u00e1 v\u011bc jsou Ukrajinci, kte\u0159\u00ed p\u0159i\u0161li do \u010desk\u00e9ho zdravotnictv\u00ed p\u0159ed rokem 2022. Ti ale ode\u0161li z Ukrajiny, proto\u017ee se tam nedalo \u017e\u00edt. Ti se skute\u010dn\u011b do syst\u00e9mu aktivn\u011b zapojili a jsou pro \u010desk\u00e9 pacienty p\u0159\u00ednosem. Stejn\u011b tak tu p\u016fsob\u00ed i \u0159ada rusk\u00fdch zdravotn\u00edk\u016f.<\/p>\n<p>Jen p\u0159ipomenu, \u017ee<strong>\u00a0pl\u00e1n na na\u0159ed\u011bn\u00ed \u010desk\u00e9 populace nikam nezmizel. V zemi je ofici\u00e1ln\u011b 1,2 mil cizinc\u016f, tedy 12% z cel\u00e9 populace. Zdaleka nejde o relativn\u011b bezprobl\u00e9mov\u00e9 Rusy, Slov\u00e1ky a Ukrajince. Je zde 120 tis\u00edc Vietnamc\u016f, kte\u0159\u00ed p\u016fsob\u00ed skoro v\u00fdlu\u010dn\u011b v \u0161ed\u00e9 a \u010dern\u00e9 ekonomice (hlavn\u011b v\u00fdroba a prodej drog a pa\u0161ov\u00e1n\u00ed lid\u00ed), u\u017e v\u00edce ne\u017e 100 000 muslim\u016f a \u010dernoch\u016f, des\u00edtky tis\u00edc \u010c\u00ed\u0148an\u016f\u2026.<\/strong><\/p>\n<p><a href=\"https:\/\/ceskavec.com\/2026\/03\/dojemne-sceny-o-ukrajinskych-lekarich-plni-mainstremova-media-pripomina-to-syrske-lekare-a-vedce-cilem-je-naredit-homogenni-ceskou-populaci-v-zemi-uz-zije-12-milionu-cizincu\">dr, prometheus<\/a><\/p>\n<p>&nbsp;<\/p>\n","protected":false},"excerpt":{"rendered":"<p>C\u00edlem je na\u0159edit homogenn\u00ed \u010deskou populaci. V zemi u\u017e \u017eije 1,2 milionu cizinc\u016f\u2026 S debatou&#8230;<\/p>\n","protected":false},"author":2,"featured_media":5949,"comment_status":"closed","ping_status":"closed","sticky":false,"template":"","format":"standard","meta":[],"categories":[6],"tags":[1503,677,1635],"_links":{"self":[{"href":"https:\/\/www.infokuryr.cz\/n\/wp-json\/wp\/v2\/posts\/101597"}],"collection":[{"href":"https:\/\/www.infokuryr.cz\/n\/wp-json\/wp\/v2\/posts"}],"about":[{"href":"https:\/\/www.infokuryr.cz\/n\/wp-json\/wp\/v2\/types\/post"}],"author":[{"embeddable":true,"href":"https:\/\/www.infokuryr.cz\/n\/wp-json\/wp\/v2\/users\/2"}],"replies":[{"embeddable":true,"href":"https:\/\/www.infokuryr.cz\/n\/wp-json\/wp\/v2\/comments?post=101597"}],"version-history":[{"count":0,"href":"https:\/\/www.infokuryr.cz\/n\/wp-json\/wp\/v2\/posts\/101597\/revisions"}],"wp:featuredmedia":[{"embeddable":true,"href":"https:\/\/www.infokuryr.cz\/n\/wp-json\/wp\/v2\/media\/5949"}],"wp:attachment":[{"href":"https:\/\/www.infokuryr.cz\/n\/wp-json\/wp\/v2\/media?parent=101597"}],"wp:term":[{"taxonomy":"category","embeddable":true,"href":"https:\/\/www.infokuryr.cz\/n\/wp-json\/wp\/v2\/categories?post=101597"},{"taxonomy":"post_tag","embeddable":true,"href":"https:\/\/www.infokuryr.cz\/n\/wp-json\/wp\/v2\/tags?post=101597"}],"curies":[{"name":"wp","href":"https:\/\/api.w.org\/{rel}","templated":true}]}}