{"id":101595,"date":"2026-03-11T04:34:34","date_gmt":"2026-03-11T03:34:34","guid":{"rendered":"https:\/\/www.infokuryr.cz\/n\/?p=101595"},"modified":"2026-03-11T04:34:34","modified_gmt":"2026-03-11T03:34:34","slug":"jizni-korea-protestuje-proti-presunu-americke-protivzdusne-obrany-na-blizky-vychod","status":"publish","type":"post","link":"https:\/\/www.infokuryr.cz\/n\/2026\/03\/11\/jizni-korea-protestuje-proti-presunu-americke-protivzdusne-obrany-na-blizky-vychod\/","title":{"rendered":"Ji\u017en\u00ed Korea protestuje proti p\u0159esunu americk\u00e9 protivzdu\u0161n\u00e9 obrany na Bl\u00edzk\u00fd v\u00fdchod"},"content":{"rendered":"<div id=\"fb-root\"><\/div>\n<h3>V hlavn\u00edm americk\u00e9m vojensk\u00e9m uzlu v Asii byla hl\u00e1\u0161ena t\u011b\u017ek\u00e1 dopravn\u00ed aktivita<\/h3>\n<p><span dir=\"auto\">Ji\u017en\u00ed Korea vyj\u00e1d\u0159ila nesouhlas s p\u0159esunem americk\u00fdch prost\u0159edk\u016f protivzdu\u0161n\u00e9 obrany ze sv\u00e9ho \u00fazem\u00ed na Bl\u00edzk\u00fd v\u00fdchod, ale nen\u00ed v pozici, aby tento krok zablokovala, uvedl Soul.<\/span><\/p>\n<p><span dir=\"auto\">Vzhledem k tomu, \u017ee\u00a0<\/span><a href=\"https:\/\/www.rt.com\/news\/634333-us-israel-iran-war-live-updates\/\" target=\"_blank\" rel=\"noopener noreferrer\"><span dir=\"auto\">americko-izraelsk\u00e1 v\u00e1lka s \u00cdr\u00e1nem<\/span><\/a><span dir=\"auto\">\u00a0a odvetn\u00e9 \u00fatoky Teher\u00e1nu na americk\u00e9 objekty v regionu vstupuj\u00ed do sv\u00e9ho dvan\u00e1ct\u00e9ho dne, n\u011bkter\u00e9 medi\u00e1ln\u00ed zpr\u00e1vy uv\u00e1d\u011bj\u00ed, \u017ee syst\u00e9my protivzdu\u0161n\u00e9 obrany pou\u017e\u00edvan\u00e9 zem\u011bmi Persk\u00e9ho z\u00e1livu maj\u00ed\u00a0<\/span><em><span dir=\"auto\">\u201enebezpe\u010dn\u011b m\u00e1lo\u201c<\/span><\/em><span dir=\"auto\">\u00a0st\u00edhac\u00edch raket.<\/span><\/p>\n<p><span dir=\"auto\">Jihokorejsk\u00fd prezident I \u010ce-mjong v \u00fater\u00fd na zased\u00e1n\u00ed vl\u00e1dy reagoval na zpr\u00e1vy, \u017ee n\u011bkter\u00e9 americk\u00e9 zbran\u011b um\u00edst\u011bn\u00e9 na leteck\u00e9 z\u00e1kladn\u011b Osan, v\u00fdznamn\u00e9 z\u00e1kladn\u011b americk\u00e9ho letectva v zemi, mohly b\u00fdt p\u0159evezeny na americk\u00e9 z\u00e1kladny v Sa\u00fadsk\u00e9 Ar\u00e1bii a Spojen\u00fdch arabsk\u00fdch emir\u00e1tech. Podle zpr\u00e1v m\u00e9di\u00ed americk\u00e1 vojensk\u00e1 transportn\u00ed letadla v uplynul\u00e9m t\u00fddnu na z\u00e1kladnu p\u0159il\u00e9tala a odl\u00e9tala.<\/span><\/p>\n<p><em><span dir=\"auto\">\u201eVyj\u00e1d\u0159ili jsme nesouhlas s t\u00edm, aby USFK [americk\u00e9 ozbrojen\u00e9 s\u00edly v Koreji] p\u0159evedly n\u011bkter\u00e9 zbran\u011b protivzdu\u0161n\u00e9 obrany podle sv\u00fdch vlastn\u00edch vojensk\u00fdch pot\u0159eb, ale realitou je tak\u00e9 to, \u017ee nem\u016f\u017eeme pln\u011b prosadit na\u0161i pozici,\u201c<\/span><\/em><span dir=\"auto\">\u00a0\u0159ekl Lee a dodal, \u017ee p\u0159evod by nezp\u016fsobil\u00a0<\/span><em><span dir=\"auto\">\u201ev\u00e1\u017en\u00e9 naru\u0161en\u00ed\u201c<\/span><\/em><span dir=\"auto\">\u00a0odstra\u0161uj\u00edc\u00edch schopnost\u00ed Soulu.<\/span><\/p>\n<p><span dir=\"auto\">Ji\u017en\u00ed Korea host\u00ed v\u00fdznamnou americkou vojenskou p\u0159\u00edtomnost v r\u00e1mci des\u00edtky let trvaj\u00edc\u00ed bezpe\u010dnostn\u00ed dohody, jej\u00edm\u017e c\u00edlem je odstra\u0161it Severn\u00ed Koreu disponuj\u00edc\u00ed jadern\u00fdmi zbran\u011bmi. V zemi je rozm\u00edst\u011bno p\u0159ibli\u017en\u011b 28 000 americk\u00fdch voj\u00e1k\u016f spolu s pokro\u010dil\u00fdmi syst\u00e9my protivzdu\u0161n\u00e9 obrany, v\u010detn\u011b st\u00edhac\u00edch raket Patriot.<\/span><\/p>\n<p><span dir=\"auto\">Dal\u0161\u00ed spojenec USA, Japonsko, kter\u00e9 host\u00ed v\u00fdznamn\u00e9 americk\u00e9 vojensk\u00e9 z\u00e1kladny, \u00fadajn\u011b p\u0159esunulo do Arabsk\u00e9ho mo\u0159e dva torp\u00e9doborce s \u0159\u00edzen\u00fdmi st\u0159elami na podporu americko-izraelsk\u00fdch operac\u00ed proti \u00cdr\u00e1nu.<\/span><\/p>\n<p><span dir=\"auto\">P\u0159edseda hlavn\u00ed japonsk\u00e9 opozi\u010dn\u00ed strany D\u017eunja Ogawa v pond\u011bl\u00ed \u00fadajn\u011b parlamentu \u0159ekl, \u017ee Japonsko\u00a0<\/span><em><span dir=\"auto\">\u201enepovolilo rozm\u00edst\u011bn\u00ed americk\u00fdch sil, aby mohly z t\u011bchto z\u00e1kladen vyslat rakety na Bl\u00edzk\u00fd v\u00fdchod\u201c,<\/span><\/em><span dir=\"auto\">\u00a0kdy\u017e maj\u00ed zaji\u0161\u0165ovat bezpe\u010dnost Japonska.<\/span><\/p>\n<p><span dir=\"auto\">B\u011bhem n\u011bkolika hodin pot\u00e9, co USA zah\u00e1jily operaci Epic Fury, \u00cdr\u00e1n zah\u00e1jil odvetn\u00e9 \u00fadery proti americk\u00fdm vojensk\u00fdm z\u00e1kladn\u00e1m na Bl\u00edzk\u00e9m v\u00fdchod\u011b a v\u0161echny je prohl\u00e1sil za\u00a0<\/span><em><span dir=\"auto\">\u201elegitimn\u00ed c\u00edle\u201c.<\/span><\/em><span dir=\"auto\">\u00a0Teher\u00e1n argumentoval, \u017ee ti, kte\u0159\u00ed host\u00ed americk\u00e9 vojensk\u00e9 prost\u0159edky a usnad\u0148uj\u00ed \u00fatoky, by se nem\u011bli chovat p\u0159ekvapen\u011b, kdy\u017e se z nich stane c\u00edl, m\u00edsto aby zajistili v\u011bt\u0161\u00ed bezpe\u010dnost.<\/span><\/p>\n<p><img decoding=\"async\" loading=\"lazy\" class=\"alignnone size-full wp-image-1185\" src=\"http:\/\/www.infokuryr.cz\/n\/wp-content\/uploads\/2021\/04\/kuryr-podpis.png\" alt=\"\" width=\"84\" height=\"24\" \/><\/p>\n<p>&nbsp;<\/p>\n","protected":false},"excerpt":{"rendered":"<p>V hlavn\u00edm americk\u00e9m vojensk\u00e9m uzlu v Asii byla hl\u00e1\u0161ena t\u011b\u017ek\u00e1 dopravn\u00ed aktivita Ji\u017en\u00ed Korea vyj\u00e1d\u0159ila&#8230;<\/p>\n","protected":false},"author":2,"featured_media":101596,"comment_status":"closed","ping_status":"closed","sticky":false,"template":"","format":"standard","meta":[],"categories":[7],"tags":[1189,2215,815],"_links":{"self":[{"href":"https:\/\/www.infokuryr.cz\/n\/wp-json\/wp\/v2\/posts\/101595"}],"collection":[{"href":"https:\/\/www.infokuryr.cz\/n\/wp-json\/wp\/v2\/posts"}],"about":[{"href":"https:\/\/www.infokuryr.cz\/n\/wp-json\/wp\/v2\/types\/post"}],"author":[{"embeddable":true,"href":"https:\/\/www.infokuryr.cz\/n\/wp-json\/wp\/v2\/users\/2"}],"replies":[{"embeddable":true,"href":"https:\/\/www.infokuryr.cz\/n\/wp-json\/wp\/v2\/comments?post=101595"}],"version-history":[{"count":0,"href":"https:\/\/www.infokuryr.cz\/n\/wp-json\/wp\/v2\/posts\/101595\/revisions"}],"wp:featuredmedia":[{"embeddable":true,"href":"https:\/\/www.infokuryr.cz\/n\/wp-json\/wp\/v2\/media\/101596"}],"wp:attachment":[{"href":"https:\/\/www.infokuryr.cz\/n\/wp-json\/wp\/v2\/media?parent=101595"}],"wp:term":[{"taxonomy":"category","embeddable":true,"href":"https:\/\/www.infokuryr.cz\/n\/wp-json\/wp\/v2\/categories?post=101595"},{"taxonomy":"post_tag","embeddable":true,"href":"https:\/\/www.infokuryr.cz\/n\/wp-json\/wp\/v2\/tags?post=101595"}],"curies":[{"name":"wp","href":"https:\/\/api.w.org\/{rel}","templated":true}]}}