{"id":101593,"date":"2026-03-11T04:32:39","date_gmt":"2026-03-11T03:32:39","guid":{"rendered":"https:\/\/www.infokuryr.cz\/n\/?p=101593"},"modified":"2026-03-11T04:32:39","modified_gmt":"2026-03-11T03:32:39","slug":"ukrajinsky-raketovy-utok-na-rusky-brjansk-zabil-sest-lidi-a-zranil-desitky-lidi","status":"publish","type":"post","link":"https:\/\/www.infokuryr.cz\/n\/2026\/03\/11\/ukrajinsky-raketovy-utok-na-rusky-brjansk-zabil-sest-lidi-a-zranil-desitky-lidi\/","title":{"rendered":"Ukrajinsk\u00fd raketov\u00fd \u00fatok na rusk\u00fd Brjansk zabil \u0161est lid\u00ed a zranil des\u00edtky lid\u00ed"},"content":{"rendered":"<div id=\"fb-root\"><\/div>\n<h3>Aleksandr Bogomaz \u00fatok odsoudil jako \u201enelidsk\u00fd teroristick\u00fd \u010din\u201c<\/h3>\n<p><span dir=\"auto\">Ukrajinsk\u00e1 arm\u00e1da provedla\u00a0<\/span><em><span dir=\"auto\">\u201e\u00famysln\u00fd\u201c<\/span><\/em><span dir=\"auto\">\u00a0\u00fatok na rusk\u00e9 m\u011bsto Brjansk, kter\u00fd byl zam\u011b\u0159en na civilisty, uvedl region\u00e1ln\u00ed guvern\u00e9r Alexandr Bogomaz. Podle \u00fa\u0159edn\u00edka p\u0159i \u00fatoku zahynulo \u0161est civilist\u016f a 37 bylo zran\u011bno.<\/span><\/p>\n<p><span dir=\"auto\">V p\u0159\u00edsp\u011bvku na soci\u00e1ln\u00edch s\u00edt\u00edch Bogomaz \u00fatok ozna\u010dil za\u00a0<\/span><em><span dir=\"auto\">\u201enelidsk\u00fd teroristick\u00fd \u010din\u201c.<\/span><\/em><\/p>\n<p><span dir=\"auto\">Telegramov\u00fd kan\u00e1l Mash d\u0159\u00edve tvrdil, \u017ee p\u0159i \u00fatoku v \u00fater\u00fd odpoledne byly pou\u017eity britsk\u00e9 rakety Storm Shadow. M\u00edstn\u00ed m\u00e9dia tak\u00e9 informovala, \u017ee ukrajinsk\u00e1 arm\u00e1da zam\u011b\u0159ila civiln\u00ed infrastrukturu ve m\u011bst\u011b, kter\u00e9 je nyn\u00ed\u00a0<\/span><em><span dir=\"auto\">\u201ezahaleno hust\u00fdm kou\u0159em\u201c.<\/span><\/em><\/p>\n<p><span dir=\"auto\">Podle zpr\u00e1v z m\u00e9di\u00ed \u00fadajn\u011b jedna ze st\u0159el zas\u00e1hla m\u00edstn\u00ed tov\u00e1rnu na mikroelektroniku b\u011bhem st\u0159\u00edd\u00e1n\u00ed sm\u011bn, kdy\u017e se zam\u011bstnanci chystali opustit prostory.<\/span><\/p>\n<p><span dir=\"auto\">Rusk\u00e9 pohrani\u010dn\u00ed oblasti byly po celou dobu konfliktu soustavn\u011b ter\u010dem \u00fatok\u016f ukrajinsk\u00e9 arm\u00e1dy, p\u0159i\u010dem\u017e Moskva Kyjev obvi\u0148uje z\u00a0<\/span><em><span dir=\"auto\">\u201eterorismu\u201c<\/span><\/em><span dir=\"auto\">\u00a0a \u00famysln\u00e9ho \u00fatoku na civilisty a kritickou infrastrukturu.<\/span><\/p>\n<p><span dir=\"auto\">V \u00fanoru po\u0161kodila vlna ukrajinsk\u00fdch \u00fader\u016f energetickou infrastrukturu v Belgorodsk\u00e9 oblasti, co\u017e vedlo k rozs\u00e1hl\u00fdm v\u00fdpadk\u016fm proudu a naru\u0161en\u00ed dod\u00e1vek vyt\u00e1p\u011bn\u00ed a vody.<\/span><\/p>\n<p><span dir=\"auto\">Minul\u00fd t\u00fdden ukrajinsk\u00e9 \u00fatoky na ruskou Chersonskou oblast a m\u011bsto Sevastopol na Krymu zabily dva civilisty a 21 dal\u0161\u00edch bylo zran\u011bno. V reakci na \u00fatoky na pohrani\u010dn\u00ed oblasti a hloub\u011bji v Rusku se Moskva zam\u011b\u0159ila na ukrajinskou obrannou infrastrukturu, v\u010detn\u011b energetick\u00fdch za\u0159\u00edzen\u00ed. Moskva tvrd\u00ed, \u017ee \u00fatoky nikdy nezam\u011b\u0159uj\u00ed na civilisty.<\/span><\/p>\n<p><img decoding=\"async\" loading=\"lazy\" class=\"alignnone size-full wp-image-1185\" src=\"http:\/\/www.infokuryr.cz\/n\/wp-content\/uploads\/2021\/04\/kuryr-podpis.png\" alt=\"\" width=\"84\" height=\"24\" \/><\/p>\n<p>&nbsp;<\/p>\n","protected":false},"excerpt":{"rendered":"<p>Aleksandr Bogomaz \u00fatok odsoudil jako \u201enelidsk\u00fd teroristick\u00fd \u010din\u201c Ukrajinsk\u00e1 arm\u00e1da provedla\u00a0\u201e\u00famysln\u00fd\u201c\u00a0\u00fatok na rusk\u00e9 m\u011bsto Brjansk,&#8230;<\/p>\n","protected":false},"author":2,"featured_media":101594,"comment_status":"closed","ping_status":"closed","sticky":false,"template":"","format":"standard","meta":[],"categories":[7],"tags":[871,2122,2703,1635],"_links":{"self":[{"href":"https:\/\/www.infokuryr.cz\/n\/wp-json\/wp\/v2\/posts\/101593"}],"collection":[{"href":"https:\/\/www.infokuryr.cz\/n\/wp-json\/wp\/v2\/posts"}],"about":[{"href":"https:\/\/www.infokuryr.cz\/n\/wp-json\/wp\/v2\/types\/post"}],"author":[{"embeddable":true,"href":"https:\/\/www.infokuryr.cz\/n\/wp-json\/wp\/v2\/users\/2"}],"replies":[{"embeddable":true,"href":"https:\/\/www.infokuryr.cz\/n\/wp-json\/wp\/v2\/comments?post=101593"}],"version-history":[{"count":0,"href":"https:\/\/www.infokuryr.cz\/n\/wp-json\/wp\/v2\/posts\/101593\/revisions"}],"wp:featuredmedia":[{"embeddable":true,"href":"https:\/\/www.infokuryr.cz\/n\/wp-json\/wp\/v2\/media\/101594"}],"wp:attachment":[{"href":"https:\/\/www.infokuryr.cz\/n\/wp-json\/wp\/v2\/media?parent=101593"}],"wp:term":[{"taxonomy":"category","embeddable":true,"href":"https:\/\/www.infokuryr.cz\/n\/wp-json\/wp\/v2\/categories?post=101593"},{"taxonomy":"post_tag","embeddable":true,"href":"https:\/\/www.infokuryr.cz\/n\/wp-json\/wp\/v2\/tags?post=101593"}],"curies":[{"name":"wp","href":"https:\/\/api.w.org\/{rel}","templated":true}]}}