{"id":101591,"date":"2026-03-11T04:29:53","date_gmt":"2026-03-11T03:29:53","guid":{"rendered":"https:\/\/www.infokuryr.cz\/n\/?p=101591"},"modified":"2026-03-11T04:29:53","modified_gmt":"2026-03-11T03:29:53","slug":"kdyz-pletove-mleko-nestaci-vyzkousejte-tyto-potraviny-pro-hydrataci-pokozky-zevnitr","status":"publish","type":"post","link":"https:\/\/www.infokuryr.cz\/n\/2026\/03\/11\/kdyz-pletove-mleko-nestaci-vyzkousejte-tyto-potraviny-pro-hydrataci-pokozky-zevnitr\/","title":{"rendered":"Kdy\u017e ple\u0165ov\u00e9 ml\u00e9ko nesta\u010d\u00ed: Vyzkou\u0161ejte tyto potraviny pro hydrataci poko\u017eky zevnit\u0159"},"content":{"rendered":"<div id=\"fb-root\"><\/div>\n<p><strong><span dir=\"auto\">B\u011bhem zimy a chladn\u011bj\u0161\u00edho po\u010das\u00ed, kdy v domech kles\u00e1 vlhkost vzduchu, co\u017e z\u00e1rove\u0148 zp\u016fsobuje rychlej\u0161\u00ed vysych\u00e1n\u00ed poko\u017eky, miliony lid\u00ed sahaj\u00ed po hust\u0161\u00edch kr\u00e9mech a bohat\u0161\u00edch ple\u0165ov\u00fdch ml\u00e9k\u00e1ch, aby bojovaly se sez\u00f3nn\u00ed kletbou such\u00e9 a \u0161upinat\u00e9 poko\u017eky.<\/span><\/strong><\/p>\n<p><span dir=\"auto\">Pro mnoh\u00e9 je v\u0161ak \u00faleva, kterou tato kosmetick\u00e1 \u0159e\u0161en\u00ed poskytuj\u00ed, jen frustruj\u00edc\u00ed do\u010dasn\u00e1. Nov\u00e9 poznatky v oblasti v\u00fd\u017eivy nazna\u010duj\u00ed, \u017ee odpov\u011b\u010f nemus\u00ed b\u00fdt v l\u00e9k\u00e1rni\u010dce \u010di kosmetick\u00e9 ta\u0161ce, ale ve va\u0161\u00ed kuchyni.<\/span><\/p>\n<p><span dir=\"auto\">Podle rostouc\u00edho po\u010dtu v\u00fdzkum\u016f je chronicky such\u00e1 poko\u017eka \u010dasto p\u0159\u00edznakem vnit\u0159n\u00ed nerovnov\u00e1hy \u2013 dehydratace, nedostatku \u017eivin a stresu. To d\u011bl\u00e1 z dietn\u00ed strategie kl\u00ed\u010dovou, ale \u010dasto p\u0159ehl\u00ed\u017eenou sou\u010d\u00e1st zdrav\u00ed o poko\u017eku.<\/span><\/p>\n<p><span dir=\"auto\">Tato zm\u011bna paradigmatu p\u0159esouv\u00e1 pozornost z oby\u010dejn\u00e9ho nat\u00edr\u00e1n\u00ed poko\u017eky na jej\u00ed z\u00e1sadn\u00ed v\u00fd\u017eivu zevnit\u0159, co\u017e z\u00e1rove\u0148 nab\u00edz\u00ed udr\u017eiteln\u011bj\u0161\u00ed cestu.<\/span><\/p>\n<h2><span dir=\"auto\">Skryt\u00ed vin\u00edci chronicky such\u00e9 poko\u017eky<\/span><\/h2>\n<p><span dir=\"auto\">P\u0159esto\u017ee studen\u00fd a such\u00fd vzduch je nepopirateln\u011b dr\u00e1\u017ediv\u00fd, dermatologick\u00fd v\u00fdzkum poukazuje na n\u011bkolik syst\u00e9mov\u00fdch faktor\u016f, kter\u00e9 ohro\u017euj\u00ed schopnost poko\u017eky udr\u017eovat vlhkost.<\/span><\/p>\n<p><span dir=\"auto\">Chronick\u00e1 dehydratace je hlavn\u00edm vin\u00edkem. Kdy\u017e t\u011blu chyb\u00ed dostatek vody, poko\u017eka se st\u00e1v\u00e1 m\u00e9n\u011b elastickou a n\u00e1chyln\u011bj\u0161\u00ed k po\u0161kozen\u00ed. Stejn\u011b kritick\u00fd je nedostatek zdrav\u00fdch tuk\u016f, zejm\u00e9na omega-3 mastn\u00fdch kyselin, kter\u00e9 jsou nezbytn\u00e9 pro regulaci p\u0159irozen\u00e9 produkce ko\u017en\u00edho mazu a udr\u017eov\u00e1n\u00ed lipidov\u00e9 bari\u00e9ry.<\/span><\/p>\n<p><span dir=\"auto\">Krom\u011b toho poko\u017eka funguje jako okam\u017eit\u00fd vn\u00edma\u010d stresu, p\u0159i\u010dem\u017e stresov\u00e9 hormony p\u0159\u00edmo spou\u0161t\u00ed suchost a z\u00e1n\u011bt.<\/span><\/p>\n<p><span dir=\"auto\">Nakonec nedostatek kl\u00ed\u010dov\u00fdch vitam\u00edn\u016f a miner\u00e1l\u016f m\u016f\u017ee rychle sn\u00ed\u017eit pru\u017enost poko\u017eky, tak\u017ee lok\u00e1ln\u00ed o\u0161et\u0159en\u00ed \u0159e\u0161\u00ed pouze povrch hlub\u0161\u00edho probl\u00e9mu.<\/span><\/p>\n<h2><span dir=\"auto\">Nutri\u010dn\u00ed architektura: Budov\u00e1n\u00ed odoln\u00e9 hydrata\u010dn\u00ed bari\u00e9ry<\/span><\/h2>\n<p><span dir=\"auto\">Vrozen\u00fd syst\u00e9m hydratace poko\u017eky je z\u00e1zrakem biologick\u00e9ho in\u017een\u00fdrstv\u00ed, kter\u00fd pro optim\u00e1ln\u00ed fungov\u00e1n\u00ed spol\u00e9h\u00e1 na st\u00e1l\u00fd p\u0159\u00edsun specifick\u00fdch \u017eivin.<\/span><\/p>\n<p><span dir=\"auto\">Strategie vnit\u0159n\u00ed hydratace je postavena na n\u011bkolika kl\u00ed\u010dov\u00fdch pil\u00ed\u0159\u00edch.<\/span><\/p>\n<p><span dir=\"auto\">Prvn\u00edm jsou\u00a0<\/span><strong><span dir=\"auto\">zdrav\u00e9 tuky a omega-3 mastn\u00e9 kyseliny<\/span><\/strong><span dir=\"auto\">\u00a0nach\u00e1zej\u00edc\u00ed se v potravin\u00e1ch, jako jsou voln\u011b \u017eij\u00edc\u00ed losos, sardinky a vla\u0161sk\u00e9 o\u0159echy, kter\u00e9 posiluj\u00ed lipidovou vrstvu poko\u017eky a pom\u00e1haj\u00ed j\u00ed udr\u017eovat hydrataci.<\/span><\/p>\n<p><span dir=\"auto\">Dal\u0161\u00edm pil\u00ed\u0159em jsou antioxidanty a vitam\u00edny, kter\u00e9 hraj\u00ed obrannou roli \u2013\u00a0<\/span><strong><span dir=\"auto\">vitam\u00edn C<\/span><\/strong><span dir=\"auto\">\u00a0z ovoce a zeleniny je kl\u00ed\u010dov\u00fd pro produkci kolagenu, kter\u00fd zlep\u0161uje elasticitu poko\u017eky, zat\u00edmco\u00a0<\/span><strong><span dir=\"auto\">vitam\u00edn E<\/span><\/strong><span dir=\"auto\">\u00a0a\u00a0<\/span><strong><span dir=\"auto\">selen<\/span><\/strong><span dir=\"auto\">\u00a0z o\u0159ech\u016f a semen chr\u00e1n\u00ed ko\u017en\u00ed bu\u0148ky p\u0159ed oxida\u010dn\u00edm po\u0161kozen\u00edm, kter\u00e9 vede k jej\u00edmu vysych\u00e1n\u00ed.<\/span><\/p>\n<p><span dir=\"auto\">Miner\u00e1ly jako\u00a0<\/span><strong><span dir=\"auto\">zinek<\/span><\/strong><span dir=\"auto\">\u00a0a\u00a0<\/span><strong><span dir=\"auto\">m\u011b\u010f<\/span><\/strong><span dir=\"auto\">\u00a0, kter\u00e9 se hojn\u011b nach\u00e1zej\u00ed v \u00fast\u0159ic\u00edch a m\u011bkk\u00fd\u0161\u00edch, podporuj\u00ed tvorbu kolagenu a celkovou obnovu poko\u017eky.<\/span><\/p>\n<p><span dir=\"auto\">Nakonec slou\u010deniny jako\u00a0<\/span><strong><span dir=\"auto\">karotenoidy<\/span><\/strong><span dir=\"auto\"> ve sladk\u00fdch brambor\u00e1ch, mrkvi a listov\u00e9 zelenin\u011b fyzicky posiluj\u00ed vn\u011bj\u0161\u00ed bari\u00e9ru poko\u017eky a pom\u00e1haj\u00ed j\u00ed l\u00e9pe odol\u00e1vat environment\u00e1ln\u00edm \u00fatok\u016fm.<\/span><\/p>\n<h2><span dir=\"auto\">V\u00fd\u017eivn\u00e9 potraviny pro vnit\u0159n\u00ed hydrataci<\/span><\/h2>\n<p><span dir=\"auto\">Za\u010dlen\u011bn\u00ed specifick\u00fdch potravin bohat\u00fdch na \u017eiviny se m\u016f\u017ee p\u0159\u00edmo projevit ve zlep\u0161en\u00ed hydratace poko\u017eky. Strava zam\u011b\u0159en\u00e1 na vnit\u0159n\u00ed hydrataci by m\u011bla pravideln\u011b zahrnovat:<\/span><\/p>\n<p><span dir=\"auto\">1.\u00a0<\/span><a href=\"https:\/\/www.badatel.net\/najlepsie-a-najhorsie-ryby-na-jedenie-navod-na-maximalizaciu-prinosov-a-minimalizaciu-toxinov\/\"><span dir=\"auto\">Mastn\u00e9 ryby<\/span><\/a><span dir=\"auto\">\u00a0jako losos, kter\u00e9 poskytuj\u00ed omega-3 mastn\u00e9 kyseliny na podporu ochrann\u00e9 bari\u00e9ry poko\u017eky.<\/span><\/p>\n<p><span dir=\"auto\">2. Avok\u00e1do dod\u00e1v\u00e1 kombinaci hydrata\u010dn\u00edch zdrav\u00fdch tuk\u016f a vitam\u00edn\u016f C a E, kter\u00e9 jsou pro poko\u017eku d\u016fle\u017eit\u00e9.<\/span><\/p>\n<p><span dir=\"auto\">3. Kostn\u00ed v\u00fdvar, p\u0159irozen\u00fd zdroj prekurzor\u016f kolagenu, kter\u00fd zvy\u0161uje elasticitu a hydrataci poko\u017eky.<\/span><\/p>\n<p><span dir=\"auto\">4. Sladk\u00e9 brambory, mrkev a tmav\u00e1 listov\u00e1 zelenina, bohat\u00e9 na karotenoidy, kter\u00e9 posiluj\u00ed obrann\u00fd syst\u00e9m poko\u017eky.<\/span><\/p>\n<p><span dir=\"auto\">5. O\u0159echy a semena, kter\u00e9 nab\u00edzej\u00ed kombinaci vitam\u00ednu E, selenu a esenci\u00e1ln\u00edch mastn\u00fdch kyselin.<\/span><\/p>\n<h2><span dir=\"auto\">Od tradice kosmetick\u00fdch kr\u00e9m\u016f k nutri\u010dn\u00ed v\u011bd\u011b<\/span><\/h2>\n<p><span dir=\"auto\">Snaha o hydratovanou a mladistvou ple\u0165 je odv\u011bk\u00e1. Historick\u00e9 kosmetick\u00e9 ritu\u00e1ly siln\u011b spol\u00e9haly na lok\u00e1ln\u00ed aplikace \u2013 od Kleopat\u0159in\u00fdch ml\u00e9\u010dn\u00fdch l\u00e1zn\u00ed a\u017e po pou\u017e\u00edv\u00e1n\u00ed rostlinn\u00fdch olej\u016f v nes\u010detn\u00fdch kultur\u00e1ch.<\/span><\/p>\n<p><span dir=\"auto\">Zat\u00edmco tyto praktiky respektovaly pot\u0159ebu zm\u011bk\u010dovadel poko\u017eky, modern\u00ed nutri\u010dn\u00ed v\u011bda roz\u0161\u00ed\u0159ila ch\u00e1p\u00e1n\u00ed poko\u017eky jako dynamick\u00e9ho org\u00e1nu hluboce vy\u017eivovan\u00e9ho krevn\u00edm ob\u011bhem.<\/span><\/p>\n<p><span dir=\"auto\">Tento posun odr\u00e1\u017e\u00ed \u0161ir\u0161\u00ed pohyb v oblasti wellness ve 20. a 21. stolet\u00ed, kter\u00fd se zam\u011b\u0159uje na zm\u00edrn\u011bn\u00ed symptom\u016f a sou\u010dasn\u011b \u0159e\u0161\u00ed z\u00e1kladn\u00ed p\u0159\u00ed\u010diny.<\/span><\/p>\n<p><span dir=\"auto\">Ch\u00e1p\u00e1n\u00ed zdrav\u00ed poko\u017eky jako aspektu celkov\u00e9 v\u00fd\u017eivy je v souladu s holistick\u00fdm, preventivn\u00edm p\u0159\u00edstupem ke zdrav\u00ed, kdy je strava pova\u017eov\u00e1na za z\u00e1klad pro nejv\u011bt\u0161\u00ed org\u00e1n t\u011bla.<\/span><\/p>\n<h2><span dir=\"auto\">Z\u00e1kladn\u00ed p\u0159\u00edstup k trval\u00e9mu zdrav\u00ed poko\u017eky<\/span><\/h2>\n<p><span dir=\"auto\">Snaha o konzistentn\u011b hydratovanou ple\u0165 odhaluje z\u00e1kladn\u00ed pravdu: hydratace je \u00fasil\u00ed na dvou front\u00e1ch.<\/span><\/p>\n<p><span dir=\"auto\">Zat\u00edmco lok\u00e1ln\u00ed produkty poskytuj\u00ed pot\u0159ebnou p\u00e9\u010di a ochranu na povrchov\u00e9 \u00farovni, nemohou kompenzovat nedostatek surovin pot\u0159ebn\u00fdch pro budov\u00e1n\u00ed a udr\u017eov\u00e1n\u00ed zdrav\u00e9 pleti.<\/span><\/p>\n<p><span dir=\"auto\">Nej\u00fa\u010dinn\u011bj\u0161\u00ed zp\u016fsob je takov\u00fd, kter\u00fd spojuje inteligentn\u00ed vn\u011bj\u0161\u00ed p\u00e9\u010di se strategickou vnit\u0159n\u00ed v\u00fd\u017eivou. Up\u0159ednost\u0148ov\u00e1n\u00edm hydratace a konzumac\u00ed potravin bohat\u00fdch na esenci\u00e1ln\u00ed tuky, antioxidanty a \u017eiviny podporuj\u00edc\u00ed kolagen mohou jednotlivci podporovat p\u0159irozenou biologii sv\u00e9 pleti zven\u010d\u00ed i zevnit\u0159.<\/span><\/p>\n<p><span dir=\"auto\">Tento p\u0159\u00edstup nab\u00edz\u00ed v\u00edce ne\u017e jen do\u010dasn\u00e9 \u0159e\u0161en\u00ed; buduje z\u00e1klad pro odolnou a pru\u017enou ple\u0165 schopnou odol\u00e1vat sez\u00f3nn\u00edm zm\u011bn\u00e1m a stres\u016fm modern\u00edho \u017eivota.<\/span><\/p>\n<p><span dir=\"auto\">Autor: Willow Tohi, Zdroj:\u00a0<\/span><a href=\"https:\/\/www.naturalnews.com\/2026-03-05-try-these-foods-to-hydrate-skin-from-within.html\" target=\"_blank\" rel=\"noopener\"><span dir=\"auto\">naturalnews.com<\/span><\/a><span dir=\"auto\">\u00a0<\/span><\/p>\n<p>&nbsp;<\/p>\n","protected":false},"excerpt":{"rendered":"<p>B\u011bhem zimy a chladn\u011bj\u0161\u00edho po\u010das\u00ed, kdy v domech kles\u00e1 vlhkost vzduchu, co\u017e z\u00e1rove\u0148 zp\u016fsobuje rychlej\u0161\u00ed&#8230;<\/p>\n","protected":false},"author":2,"featured_media":101592,"comment_status":"closed","ping_status":"closed","sticky":false,"template":"","format":"standard","meta":[],"categories":[7],"tags":[750,8249,21],"_links":{"self":[{"href":"https:\/\/www.infokuryr.cz\/n\/wp-json\/wp\/v2\/posts\/101591"}],"collection":[{"href":"https:\/\/www.infokuryr.cz\/n\/wp-json\/wp\/v2\/posts"}],"about":[{"href":"https:\/\/www.infokuryr.cz\/n\/wp-json\/wp\/v2\/types\/post"}],"author":[{"embeddable":true,"href":"https:\/\/www.infokuryr.cz\/n\/wp-json\/wp\/v2\/users\/2"}],"replies":[{"embeddable":true,"href":"https:\/\/www.infokuryr.cz\/n\/wp-json\/wp\/v2\/comments?post=101591"}],"version-history":[{"count":0,"href":"https:\/\/www.infokuryr.cz\/n\/wp-json\/wp\/v2\/posts\/101591\/revisions"}],"wp:featuredmedia":[{"embeddable":true,"href":"https:\/\/www.infokuryr.cz\/n\/wp-json\/wp\/v2\/media\/101592"}],"wp:attachment":[{"href":"https:\/\/www.infokuryr.cz\/n\/wp-json\/wp\/v2\/media?parent=101591"}],"wp:term":[{"taxonomy":"category","embeddable":true,"href":"https:\/\/www.infokuryr.cz\/n\/wp-json\/wp\/v2\/categories?post=101591"},{"taxonomy":"post_tag","embeddable":true,"href":"https:\/\/www.infokuryr.cz\/n\/wp-json\/wp\/v2\/tags?post=101591"}],"curies":[{"name":"wp","href":"https:\/\/api.w.org\/{rel}","templated":true}]}}