{"id":101560,"date":"2026-03-11T00:24:34","date_gmt":"2026-03-10T23:24:34","guid":{"rendered":"https:\/\/www.infokuryr.cz\/n\/?p=101560"},"modified":"2026-03-10T13:56:35","modified_gmt":"2026-03-10T12:56:35","slug":"wolfgang-bittner-iran-je-sedmou-zemi-na-seznamu","status":"publish","type":"post","link":"https:\/\/www.infokuryr.cz\/n\/2026\/03\/11\/wolfgang-bittner-iran-je-sedmou-zemi-na-seznamu\/","title":{"rendered":"Wolfgang Bittner: \u00cdr\u00e1n je sedmou zem\u00ed na seznamu"},"content":{"rendered":"<div id=\"fb-root\"><\/div>\n<div class=\"elementor-element elementor-element-1fb4c2c elementor-widget elementor-widget-theme-post-content\" data-id=\"1fb4c2c\" data-element_type=\"widget\" data-e-type=\"widget\" data-widget_type=\"theme-post-content.default\">\n<div class=\"elementor-widget-container\">\n<h3><strong><span dir=\"auto\">L\u017ei a podvody, jako v\u017edy.<\/span><\/strong><\/h3>\n<p><span dir=\"auto\">\u017denevsk\u00e1 jedn\u00e1n\u00ed mezi Washingtonem a Teher\u00e1nem ohledn\u011b \u00edr\u00e1nsk\u00e9ho jadern\u00e9ho programu se zd\u00e1la b\u00fdt na pokraji \u00fasp\u011bchu, kdy\u017e 28. \u00fanora 2026 americk\u00e9 a izraelsk\u00e9 rakety n\u00e1hle zah\u00e1jily \u00fatoky a za\u010dala v\u00e1lka proti \u00cdr\u00e1nu. Tato v\u00e1lka m\u00e1 dlouhou historii.<\/span><\/p>\n<p><span dir=\"auto\">V roce 1951, za dynastie Pahlav\u00ed, do\u0161lo za zvolen\u00e9ho \u00edr\u00e1nsk\u00e9ho premi\u00e9ra Muhammada Mosaddeka k zn\u00e1rodn\u011bn\u00ed ropn\u00e9ho pr\u016fmyslu. CIA a britsk\u00e1 MI6 tomu \u010delily c\u00edlen\u00fdmi operacemi. V d\u016fsledku toho byl Mosaddegh v roce 1953 v r\u00e1mci \u201eoperace Ajax\u201c odvol\u00e1n a zat\u010den, \u010d\u00edm\u017e zabr\u00e1nil vzniku sekul\u00e1rn\u00edho st\u00e1tu a mezin\u00e1rodn\u00edmu konsorciu poskytl p\u0159\u00edstup k \u00edr\u00e1nsk\u00fdm ropn\u00fdm z\u00e1sob\u00e1m. V roce 1979 opustil zemi \u0161\u00e1h Muhammad R\u00e9za Pahlav\u00ed, revolu\u010dn\u00ed v\u016fdce ajatoll\u00e1h R\u00faholl\u00e1h Chomejn\u00ed se vr\u00e1til z exilu ve Francii a \u00cdr\u00e1n se stal autorit\u00e1\u0159skou isl\u00e1mskou republikou.<\/span><\/p>\n<p><span dir=\"auto\">Od t\u00e9 doby je zem\u011b v centru pozornosti USA a Velk\u00e9 Brit\u00e1nie a nena\u0161la klid. A\u010dkoli m\u00e1 zna\u010dn\u00fd vliv na sv\u011btov\u00e9 dod\u00e1vky fosiln\u00edch paliv s nejv\u011bt\u0161\u00edmi z\u00e1sobami zemn\u00edho plynu a \u010dtvrt\u00fdmi nejv\u011bt\u0161\u00edmi z\u00e1sobami ropy a udr\u017euje hospod\u00e1\u0159sk\u00e9 vazby se z\u00e1padn\u00edmi zem\u011bmi, stejn\u011b jako dohody o hospod\u00e1\u0159sk\u00e9 a vojensk\u00e9 spolupr\u00e1ci s Ruskem a \u010c\u00ednou, drtiv\u00e9 sankce USA, ke kter\u00fdm se p\u0159ipojila Velk\u00e1 Brit\u00e1nie a \u010dlensk\u00e9 st\u00e1ty Evropsk\u00e9 unie, vedly k v\u00e1\u017en\u00fdm ekonomick\u00fdm probl\u00e9m\u016fm.<\/span><\/p>\n<p><span dir=\"auto\">\u00cdr\u00e1n, jako\u017eto nejv\u011bt\u0161\u00ed region\u00e1ln\u00ed mocnost na Bl\u00edzk\u00e9m v\u00fdchod\u011b, nav\u00edc vede neofici\u00e1ln\u00ed vojenskou koalici, kter\u00e1 zahrnuje Ham\u00e1s, Hizball\u00e1h a H\u00fat\u00ede. To mu, stejn\u011b jako dal\u0161\u00edm zem\u00edm odol\u00e1vaj\u00edc\u00edm ni\u010div\u00e9mu vlivu USA a z\u00e1padn\u00ed Evropy, vyneslo ho\u0159k\u00e9 nep\u0159\u00e1telstv\u00ed. V tomto sv\u011btle se \u00fatok a atent\u00e1t na ajatoll\u00e1ha Al\u00edho Chamene\u00edho, n\u00e1stupce R\u00faholl\u00e1ha Chomejn\u00edho, koncem \u00fanora 2026, kter\u00e9 poru\u0161ily mezin\u00e1rodn\u00ed pr\u00e1vo, t\u00fdkaly jen \u010d\u00e1ste\u010dn\u011b \u0159e\u0161en\u00ed jadern\u00e9ho sporu.<\/span><\/p>\n<p><span dir=\"auto\">Stejn\u011b jako v Minsku v roce 2015, kdy prob\u00edhala jedn\u00e1n\u00ed o ukon\u010den\u00ed ukrajinsk\u00e9ho konfliktu \u2013 jedn\u00e1n\u00ed, kter\u00e1 se uk\u00e1zala jako podvod ze strany z\u00e1padn\u00ed aliance \u2013 i jedn\u00e1n\u00ed v \u017denev\u011b t\u00fdkaj\u00edc\u00ed se opu\u0161t\u011bn\u00ed \u00edr\u00e1nsk\u00e9ho jadern\u00e9ho programu byla pouze fingovan\u00fdm jedn\u00e1n\u00edm. Letm\u00fd pohled do z\u00e1kulis\u00ed odhaluje, \u017ee USA m\u011bly zcela jin\u00e9 pl\u00e1ny. V roce 2007 \u010dty\u0159hv\u011bzdi\u010dkov\u00fd gener\u00e1l Wesley Clark, tehdej\u0161\u00ed vrchn\u00ed velitel spojeneck\u00fdch sil NATO, odhalil skand\u00e1ln\u00ed interven\u010dn\u00ed pl\u00e1ny Bushovy administrativy proti sedmi zem\u00edm.<\/span><\/p>\n<p><span dir=\"auto\">Clark uvedl, \u017ee bezprost\u0159edn\u011b po \u00fatoku na Sv\u011btov\u00e9 obchodn\u00ed centrum 11. z\u00e1\u0159\u00ed 2001 existoval pl\u00e1n na zm\u011bnu re\u017eim\u016f a v\u00e1lky na Bl\u00edzk\u00e9m v\u00fdchod\u011b a v Africe. Krom\u011b Afgh\u00e1nist\u00e1nu se na seznamu nach\u00e1zel Ir\u00e1k, S\u00fdrie, Libanon, Libye, Som\u00e1lsko, S\u00fad\u00e1n a nakonec \u00cdr\u00e1n.[1] Intervence proti \u0161esti zem\u00edm byly postupn\u011b provedeny, zbyl pouze \u00cdr\u00e1n, a tato v\u00e1lka je nyn\u00ed vedena po letech intrik, propagandy a sankc\u00ed.<\/span><\/p>\n<p><span dir=\"auto\">To, \u017ee USA t\u00edm zap\u00e1lily dal\u0161\u00ed sud s prachem a eskaluj\u00ed konflikty s Ruskem a \u010c\u00ednou, je z\u0159ejm\u011b n\u011bco, co je Donald Trump ochoten akceptovat \u2013 d\u016fkaz, \u017ee existuje dlouhodob\u00e1 strategie USA, kter\u00e1 funguje nez\u00e1visle na sou\u010dasn\u00e9m prezidentstv\u00ed. Za Trumpovy administrativy se toho hodn\u011b zm\u011bnilo a stalo se chaoti\u010dt\u011bj\u0161\u00edm. Trump v\u0161ak nad\u00e1le prosazuje americkou politiku podle pl\u00e1nu, v z\u00e1jmu ekonomick\u00fdch a finan\u010dn\u00edch elit i vojensko-pr\u016fmyslov\u00e9ho komplexu.<\/span><\/p>\n<p><span dir=\"auto\">USA, tentokr\u00e1t s podporou Izraele, op\u011bt rozpoutaly vra\u017eednou v\u00e1lku. Jej\u00ed kone\u010dn\u00e9 d\u016fsledky a jak skon\u010d\u00ed, je v sou\u010dasn\u00e9 dob\u011b nemo\u017en\u00e9 p\u0159edv\u00eddat. N\u011bmeck\u00fd kancl\u00e9\u0159 Friedrich Merz, kter\u00fd 3. b\u0159ezna nav\u0161t\u00edvil americk\u00e9ho prezidenta, si v\u0161ak zjevn\u011b nen\u00ed v\u011bdom v\u00fdvoje v \u00cdr\u00e1nu a pozad\u00ed americk\u00e9 agrese. Bez ohledu na mezin\u00e1rodn\u00ed pr\u00e1vo pova\u017euje \u00fatok na \u00cdr\u00e1n za nezbytn\u00fd a opr\u00e1vn\u011bn\u00fd.[2]<\/span><\/p>\n<p><em><span dir=\"auto\"><strong>Spisovatel a publicista Dr. Wolfgang Bittner<\/strong> \u017eije v G\u00f6ttingenu. Jeho nejnov\u011bj\u0161\u00ed knihu\u00a0<\/span><\/em><em><span dir=\"auto\">\u201eGeopolitika: P\u0159ehled. N\u011bmecko-USA-EU-Rusko\u201c vydalo v roce 2025 nakladatelstv\u00ed Hintergrund Verlag v Berl\u00edn\u011b.<\/span><\/em><\/p>\n<p><strong><span dir=\"auto\">Zdroje<\/span><\/strong><\/p>\n<p><span dir=\"auto\">[1] Viz Amy Goodman: Pravda o S\u00fdrii, 6. b\u0159ezna 2012,\u00a0<\/span><a href=\"http:\/\/www.youtube.com\/watch?v=kkE8Gp-nWEs\"><span dir=\"auto\">www.youtube.com\/watch?v=kkE8Gp-nWEs<\/span><\/a><span dir=\"auto\">\u00a0(p\u0159\u00edstup 4. b\u0159ezna 2026)<\/span><\/p>\n<p><span dir=\"auto\">[2] Viz\u00a0<\/span><a href=\"http:\/\/www.youtube.com\/watch?v=bhomZMUr_eI\"><span dir=\"auto\">www.youtube.com\/watch?v=bhomZMUr_eI<\/span><\/a><span dir=\"auto\">\u00a0(p\u0159\u00edstup ze dne 4. b\u0159ezna 2026)<\/span><\/p>\n<\/div>\n<\/div>\n<div class=\"elementor-element elementor-element-8c57238 quelle dc-has-condition dc-condition-empty elementor-widget elementor-widget-heading\" data-id=\"8c57238\" data-element_type=\"widget\" data-e-type=\"widget\" data-widget_type=\"heading.default\">\n<div class=\"elementor-widget-container\">\n<h3 class=\"elementor-heading-title elementor-size-default\"><span style=\"font-size: 10pt;\"><a href=\"https:\/\/globalbridge.ch\/der-iran-ist-das-siebente-land-auf-der-liste-luege-und-taeuschung-wie-immer\/\" target=\"_blank\" rel=\"nofollow noopener\"><span dir=\"auto\">Zdroj<\/span><\/a><\/span><\/h3>\n<p>&nbsp;<\/p>\n<\/div>\n<\/div>\n","protected":false},"excerpt":{"rendered":"<p>L\u017ei a podvody, jako v\u017edy. \u017denevsk\u00e1 jedn\u00e1n\u00ed mezi Washingtonem a Teher\u00e1nem ohledn\u011b \u00edr\u00e1nsk\u00e9ho jadern\u00e9ho programu&#8230;<\/p>\n","protected":false},"author":2,"featured_media":101561,"comment_status":"closed","ping_status":"closed","sticky":false,"template":"","format":"standard","meta":[],"categories":[7],"tags":[38,1503,40],"_links":{"self":[{"href":"https:\/\/www.infokuryr.cz\/n\/wp-json\/wp\/v2\/posts\/101560"}],"collection":[{"href":"https:\/\/www.infokuryr.cz\/n\/wp-json\/wp\/v2\/posts"}],"about":[{"href":"https:\/\/www.infokuryr.cz\/n\/wp-json\/wp\/v2\/types\/post"}],"author":[{"embeddable":true,"href":"https:\/\/www.infokuryr.cz\/n\/wp-json\/wp\/v2\/users\/2"}],"replies":[{"embeddable":true,"href":"https:\/\/www.infokuryr.cz\/n\/wp-json\/wp\/v2\/comments?post=101560"}],"version-history":[{"count":0,"href":"https:\/\/www.infokuryr.cz\/n\/wp-json\/wp\/v2\/posts\/101560\/revisions"}],"wp:featuredmedia":[{"embeddable":true,"href":"https:\/\/www.infokuryr.cz\/n\/wp-json\/wp\/v2\/media\/101561"}],"wp:attachment":[{"href":"https:\/\/www.infokuryr.cz\/n\/wp-json\/wp\/v2\/media?parent=101560"}],"wp:term":[{"taxonomy":"category","embeddable":true,"href":"https:\/\/www.infokuryr.cz\/n\/wp-json\/wp\/v2\/categories?post=101560"},{"taxonomy":"post_tag","embeddable":true,"href":"https:\/\/www.infokuryr.cz\/n\/wp-json\/wp\/v2\/tags?post=101560"}],"curies":[{"name":"wp","href":"https:\/\/api.w.org\/{rel}","templated":true}]}}