{"id":101536,"date":"2026-03-10T06:37:00","date_gmt":"2026-03-10T05:37:00","guid":{"rendered":"https:\/\/www.infokuryr.cz\/n\/?p=101536"},"modified":"2026-03-10T06:53:56","modified_gmt":"2026-03-10T05:53:56","slug":"problemy-v-izraeli-tel-aviv-zcela-zcernal-a-pristav-haifa-vzplal-po-utoku-iranu-na-izrael","status":"publish","type":"post","link":"https:\/\/www.infokuryr.cz\/n\/2026\/03\/10\/problemy-v-izraeli-tel-aviv-zcela-zcernal-a-pristav-haifa-vzplal-po-utoku-iranu-na-izrael\/","title":{"rendered":"Probl\u00e9my v Izraeli!! Tel Aviv zcela z\u010dernal a p\u0159\u00edstav Haifa vzpl\u00e1l po \u00fatoku \u00cdr\u00e1nu na Izrael"},"content":{"rendered":"<div id=\"fb-root\"><\/div>\n<h3><span dir=\"auto\">V\u016fdci rozpout\u00e1vaj\u00ed v\u00e1lky a pak ut\u00edkaj\u00ed do bezpe\u010d\u00ed v zahrani\u010d\u00ed!<\/span><\/h3>\n<p><span dir=\"auto\">Podle zpr\u00e1v z Izraele \u2013 zejm\u00e9na z Tel Avivu a Haify \u2013 situace nazna\u010duje organizovanou ob\u010danskou neposlu\u0161nost a kolaps vojensk\u00e9 discipl\u00edny.\u00a0<\/span><\/p>\n<p><span dir=\"auto\">Kdy\u017e je v\u00edce ne\u017e 200 budov v trosk\u00e1ch a\u00a0 obrann\u00fd syst\u00e9m <\/span><em><span dir=\"auto\">\u017delezn\u00e9 kupole<\/span><\/em><span dir=\"auto\">\u00a0\u00a0je vn\u00edm\u00e1n jako naprost\u00e9 selh\u00e1n\u00ed, je p\u0159irozen\u00e9, \u017ee obyvatelstvo ztr\u00e1c\u00ed d\u016fv\u011bru ve st\u00e1t. Vzhledem k sou\u010dasn\u00e9 situaci se zd\u00e1, \u017ee vnit\u0159n\u00ed nepokoje maj\u00ed n\u011bkolik kl\u00ed\u010dov\u00fdch aspekt\u016f:\u00a0<\/span><\/p>\n<p><span style=\"font-size: 14pt;\"><strong><span dir=\"auto\">1. St\u0159et mezi arm\u00e1dou a polici\u00ed<\/span><\/strong><\/span><br \/>\n<span dir=\"auto\">Vane v\u00edtr vzpoury: podle izraelsk\u00fdch m\u00e9di\u00ed a soci\u00e1ln\u00edch s\u00edt\u00ed n\u011bkolik z\u00e1lo\u017en\u00edk\u016f odm\u00edt\u00e1 nastoupit do slu\u017eby.\u00a0<\/span><\/p>\n<p><span dir=\"auto\">Sv\u016fj postoj ospravedl\u0148uj\u00ed t\u00edm, \u017ee pokud v\u016fdci (Netanjahu a prezident) chyb\u00ed, pro\u010d by riskovali sv\u00e9 \u017eivoty?\u00a0<\/span><\/p>\n<p><span dir=\"auto\">Policejn\u00ed n\u00e1sil\u00ed: V ulic\u00edch Tel Avivu vypukly st\u0159ety mezi civilisty a polici\u00ed. Obyvatelstvo protestuje proti chyb\u011bj\u00edc\u00ed infrastruktu\u0159e v bunkrech a \u201eml\u010den\u00ed\u201c vl\u00e1dy.\u00a0<\/span><\/p>\n<p><span style=\"font-size: 14pt;\"><strong><span dir=\"auto\">2. Krize vnit\u0159n\u00edho vys\u00eddlov\u00e1n\u00ed<\/span><\/strong><\/span><br \/>\n<span dir=\"auto\">ze severu do centra: Po \u00fatoc\u00edch Hizball\u00e1hu ji\u017e statis\u00edce Izraelc\u016f opustily sever zem\u011b. Nyn\u00ed, po zni\u010den\u00ed 200 budov v Tel Avivu, za\u017e\u00edvaj\u00ed i centr\u00e1ln\u00ed oblasti, d\u0159\u00edve pova\u017eovan\u00e9 za \u201ebezpe\u010dn\u00e9\u201c, vlnu vnit\u0159n\u00edho vys\u00eddlov\u00e1n\u00ed, kter\u00e1 zahlcuje m\u00edstn\u00ed administrativn\u00ed slu\u017eby.\u00a0<\/span><\/p>\n<p><span style=\"font-size: 14pt;\"><strong><span dir=\"auto\">3. \u201ePsychologick\u00e1 v\u00e1lka\u201c v bunkrech:<\/span><\/strong><\/span><br \/>\n<span dir=\"auto\">\u201ePsychologick\u00e1 krize\u201c zm\u00edn\u011bn\u00e1 v prohl\u00e1\u0161en\u00ed \u010d. 8 Isl\u00e1msk\u00fdch revolu\u010dn\u00edch gard se projevuje v ter\u00e9nu. Podzemn\u00ed bunkry v Izraeli jsou p\u0159epln\u011bn\u00e9 a objevuj\u00ed se zpr\u00e1vy o v\u00e1\u017en\u00e9m nedostatku potravin a l\u00e9k\u016f. Nap\u011bt\u00ed se stup\u0148uje, doch\u00e1z\u00ed ke st\u0159et\u016fm mezi jednotlivci a arm\u00e1da se sna\u017e\u00ed situaci zvl\u00e1dnout.\u00a0<\/span><\/p>\n<p><span style=\"font-size: 14pt;\"><strong><span dir=\"auto\">4. Politick\u00e9 vakuum a vzestup \u201emilic\u00ed\u201c:<\/span><\/strong><\/span><br \/>\n<span dir=\"auto\">V Netanjahuov\u011b nep\u0159\u00edtomnosti se \u00fadajn\u011b za\u010daly izraelsk\u00e9 extremistick\u00e9 skupiny ozbrojovat. Tyto skupiny \u010din\u00ed rozhodnut\u00ed nez\u00e1visle na vl\u00e1d\u011b, co\u017e riskuje uvr\u017een\u00ed zem\u011b do vnit\u0159n\u00ed ob\u010dansk\u00e9 v\u00e1lky.\u00a0<\/span><\/p>\n<p><span style=\"font-size: 14pt;\"><strong><span dir=\"auto\">Shrnut\u00ed:<\/span><\/strong><\/span><br \/>\n<span dir=\"auto\">Izrael v sou\u010dasn\u00e9 dob\u011b bojuje na dvou front\u00e1ch: vn\u011bj\u0161\u00ed proti \u00cdr\u00e1nu a jeho spojenc\u016fm a vnit\u0159n\u00ed proti kolapsu sv\u00fdch vnit\u0159n\u00edch struktur.\u00a0<\/span><\/p>\n<p><span dir=\"auto\">Odstoupen\u00ed nebo distancov\u00e1n\u00ed Francie a dal\u0161\u00edch spojenc\u016f by zasadilo smrtelnou r\u00e1nu d\u016fv\u011b\u0159e izraelsk\u00e9 ve\u0159ejnosti.<\/span><\/p>\n<p><em><span dir=\"auto\">od<a href=\"https:\/\/www.profession-gendarme.com\/rififi-en-israel\/\">\u00a0<\/a><\/span><a href=\"https:\/\/www.profession-gendarme.com\/rififi-en-israel\/\"><strong><span dir=\"auto\">Patricka Nardiho<\/span><\/strong><\/a><\/em><\/p>\n<h2><span dir=\"auto\">Tel Aviv zcela z\u010dernal a p\u0159\u00edstav Haifa vzpl\u00e1l po \u00fatoku \u00cdr\u00e1nu na Izrael<\/span><\/h2>\n<p><img decoding=\"async\" class=\"aligncenter\" src=\"https:\/\/i0.wp.com\/reseauinternational.net\/wp-content\/uploads\/2026\/03\/Tel-Aviv-20260309.jpg?resize=740%2C431&amp;ssl=1\" \/><\/p>\n<p><span dir=\"auto\">Cel\u00e9 m\u011bsto Tel Aviv by bylo v ned\u011bli 8. b\u0159ezna 2026 v 21:42 v\u00fdchodn\u00edho \u010dasu (letn\u00edho \u010dasu) bez elekt\u0159iny pot\u00e9, co \u00cdr\u00e1n za\u00fato\u010dil na elektr\u00e1rny t\u011b\u017ek\u00fdmi raketami. \u00a0\u00a0<\/span><\/p>\n<p><span dir=\"auto\">Video z Tel Avivu ukazuje v\u00fdpadek proudu:<\/span><\/p>\n<figure class=\"wp-block-embed is-type-rich is-provider-twitter wp-block-embed-twitter\">\n<div class=\"wp-block-embed__wrapper\">\n<div class=\"embed-twitter\">\n<p dir=\"ltr\" lang=\"en\"><em>\ud83d\udea8<span dir=\"auto\">TOT\u00c1LN\u00cd V\u00ddPADEK PROUDU\u00a0<\/span>\ud83d\udea8<\/em><br \/>\n<em>\ud83d\ude33<span dir=\"auto\">TEL AVIV VE TM\u011a!\u00a0<\/span>\ud83c\uddee\ud83c\uddf7<\/em><br \/>\n<em><span dir=\"auto\">Zpr\u00e1vy tvrd\u00ed, \u017ee masivn\u00ed \u00edr\u00e1nsk\u00e9 \u00fadery paralyzovaly sionistickou entitu! Elektr\u00e1rny, energetick\u00e1 za\u0159\u00edzen\u00ed a ropn\u00e9 rafinerie byly \u00fadajn\u011b ZAS\u00c1\u017dENY.\u00a0<\/span>\ud83c\udfd9\ufe0f\ud83d\udd0c\u274c<\/em><br \/>\n<em><span dir=\"auto\">Srdce okupace ztr\u00e1c\u00ed svou s\u00edlu. Ohe\u0148 se \u0161\u00ed\u0159\u00ed k jejich\u2026\u00a0<\/span><a href=\"https:\/\/t.co\/0tvpigoOAd\"><span dir=\"auto\">pic.twitter.com\/0tvpigoOAd<\/span><\/a><\/em><\/p>\n<p><em><span dir=\"auto\">\u2014 GPX (@GPX_Press)\u00a0<\/span><a href=\"https:\/\/twitter.com\/GPX_Press\/status\/2030762535784452480?ref_src=twsrc%5Etfw\"><span dir=\"auto\">8. b\u0159ezna 2026<\/span><\/a><\/em><\/p>\n<\/div>\n<\/div>\n<\/figure>\n<p><span dir=\"auto\">Podle n\u011bkter\u00fdch zpr\u00e1v byl Tel Aviv dnes ve\u010der zasa\u017een \u201edes\u00edtkami\u201c \u00edr\u00e1nsk\u00fdch balistick\u00fdch raket.<\/span><\/p>\n<p><strong><span dir=\"auto\">HAIFA<\/span><\/strong><\/p>\n<p><span dir=\"auto\">Na dalek\u00e9m severu Izraele \u00fadajn\u011b vyho\u0159el p\u0159\u00edstav Haifa pot\u00e9, co \u00edr\u00e1nsk\u00e9 rakety zas\u00e1hly ropnou rafinerii v Haif\u011b. Koluje \u0159ada vide\u00ed, kter\u00e1 toto peklo zachycuj\u00ed:<\/span><\/p>\n<figure class=\"wp-block-embed is-type-rich is-provider-twitter wp-block-embed-twitter\">\n<div class=\"wp-block-embed__wrapper\">\n<div class=\"embed-twitter\">\n<div class=\"twitter-tweet twitter-tweet-rendered\"><iframe id=\"twitter-widget-1\" class=\"\" title=\"X P\u0159\u00edsp\u011bvek\" src=\"https:\/\/platform.twitter.com\/embed\/Tweet.html?dnt=true&amp;embedId=twitter-widget-1&amp;features=eyJ0ZndfdGltZWxpbmVfbGlzdCI6eyJidWNrZXQiOltdLCJ2ZXJzaW9uIjpudWxsfSwidGZ3X2ZvbGxvd2VyX2NvdW50X3N1bnNldCI6eyJidWNrZXQiOnRydWUsInZlcnNpb24iOm51bGx9LCJ0ZndfdHdlZXRfZWRpdF9iYWNrZW5kIjp7ImJ1Y2tldCI6Im9uIiwidmVyc2lvbiI6bnVsbH0sInRmd19yZWZzcmNfc2Vzc2lvbiI6eyJidWNrZXQiOiJvbiIsInZlcnNpb24iOm51bGx9LCJ0ZndfZm9zbnJfc29mdF9pbnRlcnZlbnRpb25zX2VuYWJsZWQiOnsiYnVja2V0Ijoib24iLCJ2ZXJzaW9uIjpudWxsfSwidGZ3X21peGVkX21lZGlhXzE1ODk3Ijp7ImJ1Y2tldCI6InRyZWF0bWVudCIsInZlcnNpb24iOm51bGx9LCJ0ZndfZXhwZXJpbWVudHNfY29va2llX2V4cGlyYXRpb24iOnsiYnVja2V0IjoxMjA5NjAwLCJ2ZXJzaW9uIjpudWxsfSwidGZ3X3Nob3dfYmlyZHdhdGNoX3Bpdm90c19lbmFibGVkIjp7ImJ1Y2tldCI6Im9uIiwidmVyc2lvbiI6bnVsbH0sInRmd19kdXBsaWNhdGVfc2NyaWJlc190b19zZXR0aW5ncyI6eyJidWNrZXQiOiJvbiIsInZlcnNpb24iOm51bGx9LCJ0ZndfdXNlX3Byb2ZpbGVfaW1hZ2Vfc2hhcGVfZW5hYmxlZCI6eyJidWNrZXQiOiJvbiIsInZlcnNpb24iOm51bGx9LCJ0ZndfdmlkZW9faGxzX2R5bmFtaWNfbWFuaWZlc3RzXzE1MDgyIjp7ImJ1Y2tldCI6InRydWVfYml0cmF0ZSIsInZlcnNpb24iOm51bGx9LCJ0ZndfbGVnYWN5X3RpbWVsaW5lX3N1bnNldCI6eyJidWNrZXQiOnRydWUsInZlcnNpb24iOm51bGx9LCJ0ZndfdHdlZXRfZWRpdF9mcm9udGVuZCI6eyJidWNrZXQiOiJvbiIsInZlcnNpb24iOm51bGx9fQ%3D%3D&amp;frame=false&amp;hideCard=false&amp;hideThread=false&amp;id=2030700024355569986&amp;lang=cs&amp;origin=https%3A%2F%2Freseauinternational.net%2Ftel-aviv-completement-noircie-et-le-port-de-haifa-incendie-alors-que-liran-frappe-israel%2F&amp;sessionId=4698b3076b9dc1e2e38a63bfbdbf66c74b772719&amp;theme=light&amp;widgetsVersion=2615f7e52b7e0%3A1702314776716&amp;width=550px\" frameborder=\"0\" scrolling=\"no\" allowfullscreen=\"allowfullscreen\" data-tweet-id=\"2030700024355569986\" data-mce-fragment=\"1\"><\/iframe><\/div>\n<\/div>\n<\/div>\n<\/figure>\n<figure class=\"wp-block-embed is-type-rich is-provider-twitter wp-block-embed-twitter\">\n<div class=\"wp-block-embed__wrapper\">\n<div class=\"embed-twitter\">\n<div class=\"twitter-tweet twitter-tweet-rendered\"><a href=\"https:\/\/x.com\/jingjia89117335\/status\/2030506709542912386?ref_src=twsrc%5Etfw%7Ctwcamp%5Etweetembed%7Ctwterm%5E2030506709542912386%7Ctwgr%5E4698b3076b9dc1e2e38a63bfbdbf66c74b772719%7Ctwcon%5Es1_&amp;ref_url=https%3A%2F%2Freseauinternational.net%2Ftel-aviv-completement-noircie-et-le-port-de-haifa-incendie-alors-que-liran-frappe-israel%2F\"><img decoding=\"async\" loading=\"lazy\" class=\"wp-image-101537 aligncenter\" src=\"http:\/\/www.infokuryr.cz\/n\/wp-content\/uploads\/2026\/03\/x2-8-201x300.jpg\" alt=\"\" width=\"389\" height=\"581\" srcset=\"https:\/\/www.infokuryr.cz\/n\/wp-content\/uploads\/2026\/03\/x2-8-201x300.jpg 201w, https:\/\/www.infokuryr.cz\/n\/wp-content\/uploads\/2026\/03\/x2-8.jpg 530w\" sizes=\"(max-width: 389px) 100vw, 389px\" \/><\/a><\/div>\n<\/div>\n<\/div>\n<\/figure>\n<p><span dir=\"auto\">Zdroj:\u00a0<\/span><a title=\"Hal Turner\" href=\"https:\/\/halturnerradioshow.com\/index.php\/component\/content\/article\/tel-aviv-fully-blacked-out-and-port-of-haifa-burning-to-the-ground-as-iran-pounds-israel?catid=17&amp;Itemid=101\" target=\"_blank\" rel=\"noopener\"><span dir=\"auto\">Hal Turner<\/span><\/a><\/p>\n<p>&nbsp;<\/p>\n","protected":false},"excerpt":{"rendered":"<p>V\u016fdci rozpout\u00e1vaj\u00ed v\u00e1lky a pak ut\u00edkaj\u00ed do bezpe\u010d\u00ed v zahrani\u010d\u00ed! Podle zpr\u00e1v z Izraele \u2013&#8230;<\/p>\n","protected":false},"author":2,"featured_media":101538,"comment_status":"closed","ping_status":"closed","sticky":false,"template":"","format":"standard","meta":[],"categories":[7],"tags":[38,107,349,40],"_links":{"self":[{"href":"https:\/\/www.infokuryr.cz\/n\/wp-json\/wp\/v2\/posts\/101536"}],"collection":[{"href":"https:\/\/www.infokuryr.cz\/n\/wp-json\/wp\/v2\/posts"}],"about":[{"href":"https:\/\/www.infokuryr.cz\/n\/wp-json\/wp\/v2\/types\/post"}],"author":[{"embeddable":true,"href":"https:\/\/www.infokuryr.cz\/n\/wp-json\/wp\/v2\/users\/2"}],"replies":[{"embeddable":true,"href":"https:\/\/www.infokuryr.cz\/n\/wp-json\/wp\/v2\/comments?post=101536"}],"version-history":[{"count":1,"href":"https:\/\/www.infokuryr.cz\/n\/wp-json\/wp\/v2\/posts\/101536\/revisions"}],"predecessor-version":[{"id":101539,"href":"https:\/\/www.infokuryr.cz\/n\/wp-json\/wp\/v2\/posts\/101536\/revisions\/101539"}],"wp:featuredmedia":[{"embeddable":true,"href":"https:\/\/www.infokuryr.cz\/n\/wp-json\/wp\/v2\/media\/101538"}],"wp:attachment":[{"href":"https:\/\/www.infokuryr.cz\/n\/wp-json\/wp\/v2\/media?parent=101536"}],"wp:term":[{"taxonomy":"category","embeddable":true,"href":"https:\/\/www.infokuryr.cz\/n\/wp-json\/wp\/v2\/categories?post=101536"},{"taxonomy":"post_tag","embeddable":true,"href":"https:\/\/www.infokuryr.cz\/n\/wp-json\/wp\/v2\/tags?post=101536"}],"curies":[{"name":"wp","href":"https:\/\/api.w.org\/{rel}","templated":true}]}}