{"id":101529,"date":"2026-03-10T06:17:29","date_gmt":"2026-03-10T05:17:29","guid":{"rendered":"https:\/\/www.infokuryr.cz\/n\/?p=101529"},"modified":"2026-03-10T06:17:29","modified_gmt":"2026-03-10T05:17:29","slug":"ari-ben-menashe-z-izraelske-tajne-sluzby-washington-je-v-pasti-izraelcu-epstein-byl-jednim-z-nastroju-tohoto-spiknuti","status":"publish","type":"post","link":"https:\/\/www.infokuryr.cz\/n\/2026\/03\/10\/ari-ben-menashe-z-izraelske-tajne-sluzby-washington-je-v-pasti-izraelcu-epstein-byl-jednim-z-nastroju-tohoto-spiknuti\/","title":{"rendered":"Ari Ben Menashe (z izraelsk\u00e9 tajn\u00e9 slu\u017eby): \u201eWashington je v pasti Izraelc\u016f! Epstein byl jedn\u00edm z n\u00e1stroj\u016f tohoto spiknut\u00ed\u201c"},"content":{"rendered":"<div id=\"fb-root\"><\/div>\n<h4><span dir=\"auto\">Pro ty, kte\u0159\u00ed cht\u011bj\u00ed vid\u011bt za hranice demokratick\u00e9 \u0161ar\u00e1dy, jsou nitky pevn\u011b v rukou t\u011bch, kte\u0159\u00ed v\u011bd\u00ed, kde jsou ukryty mrtvoly.<\/span><\/h4>\n<p><span dir=\"auto\">B\u00fdval\u00fd d\u016fstojn\u00edk izraelsk\u00e9 vojensk\u00e9 rozv\u011bdky Ari Ben-Menashe odhalil pravdu, kter\u00e1 znepokojuje mainstreamov\u00e1 m\u00e9dia: Washington je dr\u017een na uzd\u011b Tel Avivem a Jeffrey Epstein byl pouze pohodlnou figurkou v vyd\u00edr\u00e1n\u00ed. Ve sv\u00e9m rozhovoru v po\u0159adu Afshina Rattansiho s n\u00e1zvem\u00a0\u00a0<\/span><em><span dir=\"auto\">Going Underground<\/span><\/em><span dir=\"auto\">\u00a0\u00a0tento veter\u00e1n zpravodajsk\u00fdch slu\u017eeb rozebral mechanismy izraelsk\u00e9 kontroly nad americkou zahrani\u010dn\u00ed politikou.<\/span><\/p>\n<h3 class=\"wp-block-heading\"><span dir=\"auto\">Pred\u00e1tor a jeho ko\u0159ist<\/span><\/h3>\n<p><span dir=\"auto\">Ari Ben-Menashe, kter\u00fd se mnoho let v\u011bnuje zpravodajsk\u00fdm slu\u017eb\u00e1m, zkoum\u00e1 ned\u00e1vno odtajn\u011bn\u00e9 slavn\u00e9\u00a0\u00a0<\/span><em><span dir=\"auto\">\u201eEpsteinovy \u200b\u200bspisy\u201c<\/span><\/em><span dir=\"auto\">\u00a0\u00a0, tedy ty kompromituj\u00edc\u00ed mal\u00e9 poklady, kter\u00e9 by washingtonsk\u00fd establishment nejrad\u011bji vid\u011bl sp\u00e1len\u00e9.<\/span><\/p>\n<p><span dir=\"auto\">Anal\u00fdza je jasn\u00e1: americk\u00e1 vl\u00e1da se ocit\u00e1 v pasti sv\u00e9ho\u00a0 izraelsk\u00e9ho\u00a0<\/span><em><span dir=\"auto\">\u201espojence<\/span><\/em><span dir=\"auto\">\u00a0\u00a0\u201c, v\u011bzn\u011b syst\u00e9mu shroma\u017e\u010fov\u00e1n\u00ed citliv\u00fdch informac\u00ed shroma\u017e\u010fovan\u00fdch po cel\u00e1 desetilet\u00ed. Ben-Menashe ozna\u010duje Epsteina za hlavn\u00ed n\u00e1stroj tohoto mechanismu, ale trv\u00e1 na tom: tento mu\u017e byl pouze kole\u010dkem v tomto stroji.<\/span><\/p>\n<h3 class=\"wp-block-heading\"><span dir=\"auto\">Vnit\u0159n\u00ed p\u0159\u00edb\u011bh st\u00e1tn\u00edho vyd\u00edr\u00e1n\u00ed<\/span><\/h3>\n<p><span dir=\"auto\">Agent Epstein: Na rozd\u00edl od ofici\u00e1ln\u00ed verze, kter\u00e1 ho vykresluje jako pouh\u00e9ho sexu\u00e1ln\u00edho pred\u00e1tora na voln\u00e9 noze, ho Ben-Menashe zasazuje do jeho skute\u010dn\u00e9ho kontextu. Epstein spolupracoval s izraelsk\u00fdmi zpravodajsk\u00fdmi slu\u017ebami, mezi nimi\u017e byl i \u0161\u00e9f Mossadu, na shroma\u017e\u010fov\u00e1n\u00ed citliv\u00fdch informac\u00ed o z\u00e1padn\u00edch politick\u00fdch a ekonomick\u00fdch osobnostech. Vyd\u00edr\u00e1n\u00ed se neomezovalo pouze na sexu\u00e1ln\u00ed z\u00e1le\u017eitosti, ale zahrnovalo i finan\u010dn\u00ed, vztahov\u00e9 a profesn\u00ed aspekty \u2013 v\u0161e bylo v po\u0159\u00e1dku. Ben-Menashe tyto aktivity p\u0159irozen\u011b spojuje s Robertem Maxwellem, Ghislainov\u00fdm patriarchou, skute\u010dn\u00fdm pr\u016fkopn\u00edkem kompromita\u010dn\u00edho pr\u016fmyslu.<\/span><\/p>\n<p><span dir=\"auto\">Prezidenti pod vlivem: n\u011bkolik obyvatel B\u00edl\u00e9ho domu se stalo v\u011bzni tohoto syst\u00e9mu. Ben-Menashe cituje Billa Clintona a jeho ne\u00fasp\u011b\u0161n\u00e9 pokusy o dosa\u017een\u00ed dohody s J\u00e1sirem Arafatem, kde za nitky tahal Ehud Barak. Anal\u00fdza se p\u0159irozen\u011b roz\u0161i\u0159uje i na Donalda Trumpa, kter\u00fd nen\u00ed v\u00fdjimkou z pravidla.<\/span><\/p>\n<p><span dir=\"auto\">Netanjahu, mistr hry: B\u00fdval\u00fd d\u016fstojn\u00edk tajn\u00fdch slu\u017eeb jasn\u011b identifikuje Benjamina Netanjahua jako toho, kdo dr\u017e\u00ed hlavn\u00ed p\u00e1ku. Nov\u00e9 materi\u00e1ly z Epsteinov\u00fdch aktivit by mohly b\u00fdt zve\u0159ejn\u011bny kdykoli a zni\u010dit jakoukoli americkou politiku, kter\u00e1 by byla pova\u017eov\u00e1na za \u0161kodlivou pro izraelsk\u00e9 z\u00e1jmy.<\/span><\/p>\n<p><span dir=\"auto\">U\u010debnicov\u00fd p\u0159\u00edpad: v p\u0159\u00edpad\u011b mo\u017en\u00e9 dohody mezi Washingtonem a Teher\u00e1nem by Netanjahu byl p\u0159ipraven obvinit Trumpa a dal\u0161\u00ed \u00fa\u0159edn\u00edky ze sabot\u00e1\u017ee t\u00e9to diplomatick\u00e9 iniciativy.<\/span><\/p>\n<h3 class=\"wp-block-heading\"><span dir=\"auto\">Demokratick\u00e1 komedie<\/span><\/h3>\n<p><span dir=\"auto\">Ben-Menashe popisuje americkou administrativu, kter\u00e1 nen\u00ed schopna podniknout kroky v Gaze nebo \u00cdr\u00e1nu bez souhlasu Tel Avivu. Tato smrt\u00edc\u00ed paral\u00fdza brzd\u00ed jak\u00fdkoli pokrok sm\u011brem k m\u00edru na Bl\u00edzk\u00e9m v\u00fdchod\u011b, bez ohledu na deklarovan\u00e9 z\u00e1m\u011bry americk\u00fdch v\u016fdc\u016f.<\/span><\/p>\n<h3 class=\"wp-block-heading\"><span dir=\"auto\">Nep\u0159\u00edjemn\u00e1 pravda<\/span><\/h3>\n<p><span dir=\"auto\">Ben-Menashe zasazuje tato odhalen\u00ed do \u0161ir\u0161\u00edho kontextu: nap\u011bt\u00ed mezi \u00cdr\u00e1nem a Izraelem, vliv lobbist\u016f a potenci\u00e1ln\u00ed jadern\u00e1 eskalace. To v\u0161e jsou ot\u00e1zky, kde Washington poslu\u0161n\u011b sleduje linii nast\u00edn\u011bnou v Jeruzal\u00e9m\u011b.<\/span><\/p>\n<p><span dir=\"auto\">Tento z\u00e1sah zasv\u011bcence vrh\u00e1 sv\u011btlo na mocensk\u00e9 vztahy mezi t\u011bmito dv\u011bma\u00a0\u00a0<\/span><em><span dir=\"auto\">\u201estrategick\u00fdmi spojenci<\/span><\/em><span dir=\"auto\"> \u201c. Pro ty, kte\u0159\u00ed cht\u011bj\u00ed vid\u011bt za hranice demokratick\u00e9 \u0161ar\u00e1dy, je z\u0159ejm\u00e9, \u017ee za nitky pevn\u011b tahaj\u00ed ti, kte\u0159\u00ed v\u011bd\u00ed, kde se skr\u00fdvaj\u00ed kostlivci.<\/span><\/p>\n<p><span dir=\"auto\">od\u00a0<strong>Yoanna<\/strong><\/span><em>\u00a0<\/em><\/p>\n<p><em><span dir=\"auto\">Zdroj:\u00a0<\/span><a title=\"M\u00e9dia v 4-4-2\" href=\"https:\/\/lemediaen442.fr\/ari-ben-menashe-ancien-officier-du-renseignement-israelien-le-gouvernement-us-est-piege-par-les-israeliens-jeffrey-epstein-etait-lun-des-instruments-de-ce-complot\/\" target=\"_blank\" rel=\"noopener\"><span dir=\"auto\">Le M\u00e9dia en 4-4-2<\/span><\/a><\/em><\/p>\n","protected":false},"excerpt":{"rendered":"<p>Pro ty, kte\u0159\u00ed cht\u011bj\u00ed vid\u011bt za hranice demokratick\u00e9 \u0161ar\u00e1dy, jsou nitky pevn\u011b v rukou t\u011bch,&#8230;<\/p>\n","protected":false},"author":2,"featured_media":101530,"comment_status":"closed","ping_status":"closed","sticky":false,"template":"","format":"standard","meta":[],"categories":[7],"tags":[107,3269,122,37],"_links":{"self":[{"href":"https:\/\/www.infokuryr.cz\/n\/wp-json\/wp\/v2\/posts\/101529"}],"collection":[{"href":"https:\/\/www.infokuryr.cz\/n\/wp-json\/wp\/v2\/posts"}],"about":[{"href":"https:\/\/www.infokuryr.cz\/n\/wp-json\/wp\/v2\/types\/post"}],"author":[{"embeddable":true,"href":"https:\/\/www.infokuryr.cz\/n\/wp-json\/wp\/v2\/users\/2"}],"replies":[{"embeddable":true,"href":"https:\/\/www.infokuryr.cz\/n\/wp-json\/wp\/v2\/comments?post=101529"}],"version-history":[{"count":0,"href":"https:\/\/www.infokuryr.cz\/n\/wp-json\/wp\/v2\/posts\/101529\/revisions"}],"wp:featuredmedia":[{"embeddable":true,"href":"https:\/\/www.infokuryr.cz\/n\/wp-json\/wp\/v2\/media\/101530"}],"wp:attachment":[{"href":"https:\/\/www.infokuryr.cz\/n\/wp-json\/wp\/v2\/media?parent=101529"}],"wp:term":[{"taxonomy":"category","embeddable":true,"href":"https:\/\/www.infokuryr.cz\/n\/wp-json\/wp\/v2\/categories?post=101529"},{"taxonomy":"post_tag","embeddable":true,"href":"https:\/\/www.infokuryr.cz\/n\/wp-json\/wp\/v2\/tags?post=101529"}],"curies":[{"name":"wp","href":"https:\/\/api.w.org\/{rel}","templated":true}]}}