{"id":101524,"date":"2026-03-10T05:57:51","date_gmt":"2026-03-10T04:57:51","guid":{"rendered":"https:\/\/www.infokuryr.cz\/n\/?p=101524"},"modified":"2026-03-10T05:57:51","modified_gmt":"2026-03-10T04:57:51","slug":"karel-strakos-mimoradne-prohlaseni-norskeho-nobelova-vyboru","status":"publish","type":"post","link":"https:\/\/www.infokuryr.cz\/n\/2026\/03\/10\/karel-strakos-mimoradne-prohlaseni-norskeho-nobelova-vyboru\/","title":{"rendered":"Karel Strako\u0161: Mimo\u0159\u00e1dn\u00e9 prohl\u00e1\u0161en\u00ed Norsk\u00e9ho Nobelova v\u00fdboru"},"content":{"rendered":"<div id=\"fb-root\"><\/div>\n<p>Norsk\u00fd Nobel\u016fv v\u00fdbor s rostouc\u00edm zd\u011b\u0161en\u00edm sleduje v\u00fdvoj sv\u011btov\u00e9 politiky a zejm\u00e9na st\u00e1le hlasit\u011bj\u0161\u00ed nespokojenost pana Donalda J. Trumpa s dosavadn\u00edm syst\u00e9mem ud\u011blov\u00e1n\u00ed Nobelovy ceny m\u00edru.<\/p>\n<p>Po d\u016fkladn\u00e9m zv\u00e1\u017een\u00ed jeho ned\u00e1vn\u00fdch \u010din\u016f, prohl\u00e1\u0161en\u00ed a no\u010dn\u00edch p\u0159\u00edsp\u011bvk\u016f na soci\u00e1ln\u00edch s\u00edt\u00edch jsme dosp\u011bli k z\u00e1v\u011bru, \u017ee tradi\u010dn\u00ed definice m\u00edru zalo\u017een\u00e1 na diplomacii, vyjedn\u00e1v\u00e1n\u00ed a ob\u010dasn\u00e9m pot\u0159esen\u00ed rukou, ji\u017e nedok\u00e1\u017ee pln\u011b obs\u00e1hnout nov\u00e9, inovativn\u00ed p\u0159\u00edstupy k \u0159e\u0161en\u00ed konflikt\u016f.<\/p>\n<p>Historicky byla Nobelova cena m\u00edru spojov\u00e1na s osobnostmi, kter\u00e9 v\u011b\u0159ily, \u017ee m\u00edr lze dos\u00e1hnout p\u0159edev\u0161\u00edm trp\u011blivost\u00ed, vyjedn\u00e1v\u00e1n\u00edm a mor\u00e1ln\u00ed autoritou. Tento model byl bezpochyby inspirativn\u00ed, av\u0161ak dne\u0161n\u00ed geopolitick\u00e1 realita ukazuje, \u017ee n\u011bkte\u0159\u00ed sv\u011btov\u00ed l\u00edd\u0159i d\u00e1vaj\u00ed p\u0159ednost metod\u00e1m, kter\u00e9 jsou, diplomaticky \u0159e\u010deno rozhodn\u011bj\u0161\u00ed.<\/p>\n<p>Star\u00fd model Nobelovy ceny m\u00edru byl tedy vhodn\u00fd p\u0159edev\u0161\u00edm pro ty, kte\u0159\u00ed v\u011b\u0159ili, \u017ee m\u00edr se buduje pod\u00e1n\u00edm rukou, kompromisy a dlouh\u00fdmi rozhovory. Pro osobnosti v duchu Mah\u00e1tmy G\u00e1ndh\u00edho nebo Baracka Obamy, pro idealisty a pro politiky, kte\u0159\u00ed si dok\u00e1zali p\u0159edstavit sv\u011bt, kde je vyjedn\u00e1v\u00e1n\u00ed siln\u011bj\u0161\u00ed ne\u017e zbran\u011b.<\/p>\n<p>Je v\u0161ak z\u0159ejm\u00e9, \u017ee sou\u010dasn\u00e1 \u00e9ra si \u017e\u00e1d\u00e1 nov\u00e9 kategorie.<\/p>\n<p>Proto se v\u00fdbor rozhodl s okam\u017eitou platnost\u00ed vytvo\u0159it novou experiment\u00e1ln\u00ed kategorii:<\/p>\n<p>Nobelova cena m\u00edru dosa\u017een\u00e9ho prost\u0159ednictv\u00edm v\u00e1lky, \u00fanosu, vyd\u00edr\u00e1n\u00ed, hrozeb, cel nebo chirurgicky p\u0159esn\u00e9ho odstra\u0148ov\u00e1n\u00ed dikt\u00e1tor\u016f.<\/p>\n<p>Tato cena bude ud\u011blov\u00e1na osobnostem, kter\u00e9 prok\u00e1zaly, \u017ee nejpevn\u011bj\u0161\u00ed m\u00edrov\u00e1 dohoda je ta, kterou druh\u00e1 strana podep\u00ed\u0161e s v\u00fdrazem hlubok\u00e9ho zamy\u0161len\u00ed nad vlastn\u00ed bezv\u00fdchodnou situac\u00ed.<\/p>\n<p>Krit\u00e9ria pro ud\u011blen\u00ed ceny zahrnuj\u00ed zejm\u00e9na kreativn\u00ed vyu\u017eit\u00ed hrozby ozbrojen\u00e9ho konfliktu u\u017e na za\u010d\u00e1tku nebo b\u011bhem diplomatick\u00e9ho jedn\u00e1n\u00ed,<\/p>\n<p>strategick\u00e9 p\u0159esv\u011bd\u010dov\u00e1n\u00ed st\u00e1t\u016f, instituc\u00ed nebo jednotlivc\u016f v\u00fdhr\u016f\u017ekami a efektivn\u00ed vyu\u017eit\u00ed ekonomick\u00fdch a politick\u00fdch p\u00e1k k dosa\u017een\u00ed z\u00e1vazn\u00fdch ujedn\u00e1n\u00ed.<\/p>\n<p>Na z\u00e1klad\u011b t\u011bchto krit\u00e9ri\u00ed se v\u00fdbor jednomysln\u011b rozhodl ud\u011blit prvn\u00ed ocen\u011bn\u00ed v t\u00e9to nov\u00e9 kategorii panu Donaldu J. Trumpovi.<\/p>\n<p>V\u00fdbor oce\u0148uje zejm\u00e9na jeho p\u0159\u00ednos k nov\u00e9 koncepci sv\u011btov\u00e9ho m\u00edru a my\u0161lence, \u017ee nejlep\u0161\u00ed zp\u016fsob, jak zabr\u00e1nit budouc\u00edm v\u00e1lk\u00e1m, je v\u00e9st n\u011bkolik velmi hlasit\u00fdch a viditeln\u00fdch v\u00e1lek hned te\u010f, aby v\u0161ichni ostatn\u00ed pochopili, \u017ee by bylo rozumn\u011bj\u0161\u00ed \u017e\u00e1dn\u00e9 dal\u0161\u00ed neza\u010d\u00ednat.<\/p>\n<p>Laure\u00e1t tak v\u00fdznamn\u011b p\u0159isp\u011bl k rozvoji teorie, podle n\u00ed\u017e lze stabiln\u00edho sv\u011btov\u00e9ho po\u0159\u00e1dku dos\u00e1hnout t\u00edm, \u017ee se konflikty \u0159e\u0161\u00ed rozhodn\u011b, rychle a impozantn\u011b tak, \u017ee potenci\u00e1ln\u00ed protivn\u00edci rad\u011bji zvol\u00ed klid zbran\u00ed d\u0159\u00edve, ne\u017e se ocitnou na seznamu dal\u0161\u00edch kandid\u00e1t\u016f na stabilizaci a dovoz americk\u00e9 demokracie.<\/p>\n<p>Porota z\u00e1rove\u0148 ocenila mimo\u0159\u00e1dnou schopnost pana Trumpa spojovat b\u011b\u017e\u00edc\u00ed vojensk\u00e9 operace s n\u00e1sledn\u00fdmi prohl\u00e1\u0161en\u00edmi o dosa\u017een\u00e9m m\u00edru, \u010d\u00edm\u017e v\u00fdznamn\u011b zkr\u00e1til tradi\u010dn\u00ed \u010dasov\u00fd odstup mezi v\u00e1lkou a jej\u00edm slavnostn\u00edm ukon\u010den\u00edm.<\/p>\n<p>V\u00fdbor vyjad\u0159uje nad\u011bji, \u017ee toto ocen\u011bn\u00ed pana Trumpa uspokoj\u00ed natolik, \u017ee omez\u00ed sv\u00e9 no\u010dn\u00ed koment\u00e1\u0159e na soci\u00e1ln\u00ed s\u00edti o tom, kdo v\u0161echno by si Nobelovu cenu zaslou\u017eil m\u00e9n\u011b ne\u017e on.<\/p>\n<p>S pozdravem Sv\u011btu Trump\u016fv m\u00edr,<\/p>\n<p>Norsk\u00fd Nobel\u016fv v\u00fdbor<\/p>\n<p><a href=\"https:\/\/www.facebook.com\/karel.strakos.79\"><em>Karel Strako\u0161<\/em><\/a><\/p>\n<p>&nbsp;<\/p>\n","protected":false},"excerpt":{"rendered":"<p>Norsk\u00fd Nobel\u016fv v\u00fdbor s rostouc\u00edm zd\u011b\u0161en\u00edm sleduje v\u00fdvoj sv\u011btov\u00e9 politiky a zejm\u00e9na st\u00e1le hlasit\u011bj\u0161\u00ed nespokojenost&#8230;<\/p>\n","protected":false},"author":2,"featured_media":101525,"comment_status":"closed","ping_status":"closed","sticky":false,"template":"","format":"standard","meta":[],"categories":[6],"tags":[1352,1503,9904],"_links":{"self":[{"href":"https:\/\/www.infokuryr.cz\/n\/wp-json\/wp\/v2\/posts\/101524"}],"collection":[{"href":"https:\/\/www.infokuryr.cz\/n\/wp-json\/wp\/v2\/posts"}],"about":[{"href":"https:\/\/www.infokuryr.cz\/n\/wp-json\/wp\/v2\/types\/post"}],"author":[{"embeddable":true,"href":"https:\/\/www.infokuryr.cz\/n\/wp-json\/wp\/v2\/users\/2"}],"replies":[{"embeddable":true,"href":"https:\/\/www.infokuryr.cz\/n\/wp-json\/wp\/v2\/comments?post=101524"}],"version-history":[{"count":0,"href":"https:\/\/www.infokuryr.cz\/n\/wp-json\/wp\/v2\/posts\/101524\/revisions"}],"wp:featuredmedia":[{"embeddable":true,"href":"https:\/\/www.infokuryr.cz\/n\/wp-json\/wp\/v2\/media\/101525"}],"wp:attachment":[{"href":"https:\/\/www.infokuryr.cz\/n\/wp-json\/wp\/v2\/media?parent=101524"}],"wp:term":[{"taxonomy":"category","embeddable":true,"href":"https:\/\/www.infokuryr.cz\/n\/wp-json\/wp\/v2\/categories?post=101524"},{"taxonomy":"post_tag","embeddable":true,"href":"https:\/\/www.infokuryr.cz\/n\/wp-json\/wp\/v2\/tags?post=101524"}],"curies":[{"name":"wp","href":"https:\/\/api.w.org\/{rel}","templated":true}]}}