{"id":101523,"date":"2026-03-10T05:54:03","date_gmt":"2026-03-10T04:54:03","guid":{"rendered":"https:\/\/www.infokuryr.cz\/n\/?p=101523"},"modified":"2026-03-10T05:54:03","modified_gmt":"2026-03-10T04:54:03","slug":"caitlin-johnstone-je-neprijatelne-aby-dospeli-verili-detskym-pohadkam-o-iranu","status":"publish","type":"post","link":"https:\/\/www.infokuryr.cz\/n\/2026\/03\/10\/caitlin-johnstone-je-neprijatelne-aby-dospeli-verili-detskym-pohadkam-o-iranu\/","title":{"rendered":"Caitlin Johnstone: Je nep\u0159ijateln\u00e9, aby dosp\u011bl\u00ed v\u011b\u0159ili d\u011btsk\u00fdm poh\u00e1dk\u00e1m o \u00cdr\u00e1nu"},"content":{"rendered":"<div id=\"fb-root\"><\/div>\n<p><span dir=\"auto\">Je nep\u0159ijateln\u00e9, aby dosp\u011bl\u00ed v\u011b\u0159ili, \u017ee Spojen\u00e9 st\u00e1ty vedou v\u00e1lky, aby prosazovaly humanit\u00e1rn\u00ed z\u00e1jmy a p\u0159inesly svobodu a demokracii utla\u010dovan\u00e9mu obyvatelstvu.<\/span><\/p>\n<p><span dir=\"auto\">Je nep\u0159ijateln\u00e9, aby dosp\u011bl\u00ed v\u011b\u0159ili, \u017ee ameri\u010dt\u00ed voj\u00e1ci bojuj\u00ed a um\u00edraj\u00ed, aby chr\u00e1nili svou zemi a jej\u00ed ob\u010dany.<\/span><\/p>\n<p><span dir=\"auto\">Je nep\u0159ijateln\u00e9, aby dosp\u011bl\u00ed v\u011b\u0159ili, \u017ee americk\u00fd vojensk\u00fd intervencionismus na Bl\u00edzk\u00e9m v\u00fdchod\u011b m\u00e1 cokoli spole\u010dn\u00e9ho s pr\u00e1vy \u017een nebo zlep\u0161en\u00edm jejich situace.<\/span><\/p>\n<p><span dir=\"auto\">Je nep\u0159ijateln\u00e9, aby dosp\u011bl\u00ed v\u011b\u0159ili, \u017ee americk\u00e9 vojensk\u00e9 \u00fatoky na zem\u011b Bl\u00edzk\u00e9ho v\u00fdchodu a svr\u017een\u00ed jejich vl\u00e1d maj\u00ed pozitivn\u00ed d\u016fsledky.<\/span><\/p>\n<p><span dir=\"auto\">Je nep\u0159ijateln\u00e9, aby dosp\u011bl\u00ed v\u011b\u0159ili, \u017ee americk\u00e1 vl\u00e1da \u0159\u00edk\u00e1 pravdu o sv\u00fdch v\u00e1lk\u00e1ch a d\u016fvodech, kter\u00e9 za nimi stoj\u00ed.<\/span><\/p>\n<p><span dir=\"auto\">Je nep\u0159ijateln\u00e9, aby dosp\u011bl\u00ed v\u011b\u0159ili, \u017ee Spojen\u00e9 st\u00e1ty jsou ti dob\u0159\u00ed, kte\u0159\u00ed bojuj\u00ed proti t\u011bm zl\u00fdm jako hrdinov\u00e9 v d\u011btsk\u00e9 kreslen\u00e9 postavi\u010dce.<\/span><\/p>\n<p><span dir=\"auto\">Je nep\u0159ijateln\u00e9, aby dosp\u011bl\u00ed v\u011b\u0159ili, \u017ee americk\u00e1 vl\u00e1da je m\u00e9n\u011b vra\u017eedn\u00e1 a tyransk\u00e1 ne\u017e vl\u00e1da \u00edr\u00e1nsk\u00e1.<\/span><\/p>\n<p><span dir=\"auto\">Je nep\u0159ijateln\u00e9, aby dosp\u011bl\u00ed polykali propagandu, kter\u00e1 tvrd\u00ed, \u017ee se do o\u010d\u00ed bij\u00edc\u00edch zv\u011brstev a hr\u016fzn\u00fdch \u010din\u016f dopustila vl\u00e1da, na kterou se Spojen\u00e9 st\u00e1ty zam\u011b\u0159uj\u00ed.<\/span><\/p>\n<p><span dir=\"auto\">Je nep\u0159ijateln\u00e9, aby dosp\u011bl\u00ed konzumovali z\u00e1padn\u00ed m\u00e9dia o v\u00e1lce, ani\u017e by projevovali extr\u00e9mn\u00ed skepticismus k informac\u00edm, kter\u00e9 jsou jim p\u0159edkl\u00e1d\u00e1ny.<\/span><\/p>\n<p><span dir=\"auto\">Je nep\u0159ijateln\u00e9, aby dosp\u011bl\u00ed v\u011b\u0159ili, \u017ee Spojen\u00e9 st\u00e1ty vedou v\u00e1lku v sebeobran\u011b.<\/span><\/p>\n<p><span dir=\"auto\">Je nep\u0159ijateln\u00e9, aby dosp\u011bl\u00ed v\u011b\u0159ili, \u017ee vl\u00e1d\u011b, kter\u00e1 nech\u00e1v\u00e1 sv\u00e9 ob\u010dany um\u00edrat v chudob\u011b a nemocech, skute\u010dn\u011b z\u00e1le\u017e\u00ed na osudu \u00edr\u00e1nsk\u00e9ho lidu.<\/span><\/p>\n<p><span dir=\"auto\">Je nep\u0159ijateln\u00e9, aby dosp\u011bl\u00ed tuto v\u00e1lku podporovali kv\u016fli \u00fadajn\u00fdm biblick\u00fdm p\u0159ik\u00e1z\u00e1n\u00edm.<\/span><\/p>\n<p><span dir=\"auto\">Je nep\u0159ijateln\u00e9, aby dosp\u011bl\u00ed v\u011b\u0159ili, \u017ee \u017eivot \u00cdr\u00e1nce m\u00e1 men\u0161\u00ed hodnotu ne\u017e \u017eivot Ameri\u010dana.<\/span><\/p>\n<p><span dir=\"auto\">Je nep\u0159ijateln\u00e9, aby dosp\u011bl\u00ed v\u011b\u0159ili, \u017ee americk\u00e1 arm\u00e1da je vyu\u017e\u00edv\u00e1na k tomu, aby se sv\u011bt stal lep\u0161\u00edm m\u00edstem.<\/span><\/p>\n<p><span dir=\"auto\">Je nep\u0159ijateln\u00e9, aby dosp\u011bl\u00ed v\u011b\u0159ili, \u017ee tato v\u00e1lka u\u010din\u00ed \u00cdr\u00e1n svobodn\u011bj\u0161\u00edm a demokrati\u010dt\u011bj\u0161\u00edm.<\/span><\/p>\n<p><span dir=\"auto\">Je nep\u0159ijateln\u00e9, aby dosp\u011bl\u00ed v\u011b\u0159ili, \u017ee tato v\u00e1lka prosp\u011bje komukoli jin\u00e9mu ne\u017e Izraeli a z\u00e1padn\u00edm oligarch\u016fm.<\/span><\/p>\n<p><em><a title=\"Caitlin Johnstone\" href=\"https:\/\/www.caitlinjohnst.one\/p\/it-is-not-okay-for-grown-adults-to?publication_id=82124&amp;post_id=190245509&amp;isFreemail=false&amp;r=kuh7y&amp;triedRedirect=true\" target=\"_blank\" rel=\"noopener\"><span dir=\"auto\">Caitlin Johnstone<\/span><\/a><span dir=\"auto\">\u00a0<\/span><\/em><\/p>\n<p>&nbsp;<\/p>\n","protected":false},"excerpt":{"rendered":"<p>Je nep\u0159ijateln\u00e9, aby dosp\u011bl\u00ed v\u011b\u0159ili, \u017ee Spojen\u00e9 st\u00e1ty vedou v\u00e1lky, aby prosazovaly humanit\u00e1rn\u00ed z\u00e1jmy a&#8230;<\/p>\n","protected":false},"author":2,"featured_media":51587,"comment_status":"closed","ping_status":"closed","sticky":false,"template":"","format":"standard","meta":[],"categories":[7],"tags":[38,1503,851,1051],"_links":{"self":[{"href":"https:\/\/www.infokuryr.cz\/n\/wp-json\/wp\/v2\/posts\/101523"}],"collection":[{"href":"https:\/\/www.infokuryr.cz\/n\/wp-json\/wp\/v2\/posts"}],"about":[{"href":"https:\/\/www.infokuryr.cz\/n\/wp-json\/wp\/v2\/types\/post"}],"author":[{"embeddable":true,"href":"https:\/\/www.infokuryr.cz\/n\/wp-json\/wp\/v2\/users\/2"}],"replies":[{"embeddable":true,"href":"https:\/\/www.infokuryr.cz\/n\/wp-json\/wp\/v2\/comments?post=101523"}],"version-history":[{"count":0,"href":"https:\/\/www.infokuryr.cz\/n\/wp-json\/wp\/v2\/posts\/101523\/revisions"}],"wp:featuredmedia":[{"embeddable":true,"href":"https:\/\/www.infokuryr.cz\/n\/wp-json\/wp\/v2\/media\/51587"}],"wp:attachment":[{"href":"https:\/\/www.infokuryr.cz\/n\/wp-json\/wp\/v2\/media?parent=101523"}],"wp:term":[{"taxonomy":"category","embeddable":true,"href":"https:\/\/www.infokuryr.cz\/n\/wp-json\/wp\/v2\/categories?post=101523"},{"taxonomy":"post_tag","embeddable":true,"href":"https:\/\/www.infokuryr.cz\/n\/wp-json\/wp\/v2\/tags?post=101523"}],"curies":[{"name":"wp","href":"https:\/\/api.w.org\/{rel}","templated":true}]}}