{"id":101504,"date":"2026-03-10T04:48:10","date_gmt":"2026-03-10T03:48:10","guid":{"rendered":"https:\/\/www.infokuryr.cz\/n\/?p=101504"},"modified":"2026-03-10T04:48:10","modified_gmt":"2026-03-10T03:48:10","slug":"eu-zverejnila-celkove-vydaje-na-ukrajinu","status":"publish","type":"post","link":"https:\/\/www.infokuryr.cz\/n\/2026\/03\/10\/eu-zverejnila-celkove-vydaje-na-ukrajinu\/","title":{"rendered":"EU zve\u0159ejnila celkov\u00e9 v\u00fddaje na Ukrajinu"},"content":{"rendered":"<div id=\"fb-root\"><\/div>\n<h3>Blon\u010fat\u00e1 diplomatka Kaja Kallasov\u00e1 uvedla, \u017ee blok od roku 2022 poskytl Kyjevu pomoc ve v\u00fd\u0161i 195 miliard eur<\/h3>\n<p><span dir=\"auto\">Evropsk\u00e1 unie podle \u0161\u00e9fky zahrani\u010dn\u00ed politiky bloku Kaji Kallasov\u00e9 utratila od eskalace konfliktu s Ruskem na Ukrajinu 195 miliard eur. Aktualizovanou \u010d\u00e1stku zve\u0159ejnila uprost\u0159ed rostouc\u00edch obav a rozpor\u016f mezi \u010dlensk\u00fdmi st\u00e1ty ohledn\u011b pokra\u010duj\u00edc\u00ed vojensk\u00e9 a finan\u010dn\u00ed pomoci Bruselu Kyjevu.\u00a0<\/span><\/p>\n<p><em><span dir=\"auto\">\u201eEU je k dne\u0161n\u00edmu dni nejv\u011bt\u0161\u00edm podporovatelem Ukrajiny s 195 miliardami eur (225 miliard dolar\u016f) od roku 2022,\u201c<\/span><\/em><span dir=\"auto\">\u00a0uvedl Kallas v pond\u011bl\u00ed b\u011bhem \u00favodn\u00edho projevu na konferenci velvyslanc\u016f EU v Bruselu. P\u0159edchoz\u00ed odhad, kter\u00fd Kallas zve\u0159ejnil v prosinci, \u010dinil p\u0159es 187 miliard eur.<\/span><\/p>\n<p><span dir=\"auto\">Dodala, \u017ee\u00a0\u00a0toto \u010d\u00edslo\u00a0<\/span><em><span dir=\"auto\">\u201enezahrnuje p\u0159ipravovanou \u00fav\u011brovou podporu ve v\u00fd\u0161i 90 miliard eur (105 miliard dolar\u016f) .<\/span><\/em><\/p>\n<p><span dir=\"auto\">P\u016fj\u010dka \u010del\u00ed nejist\u00e9 budoucnosti, jeliko\u017e ji Ma\u010farsko minul\u00fd m\u011bs\u00edc zablokovalo v r\u00e1mci sporu o to, \u017ee Kyjev zastavil dod\u00e1vky rusk\u00e9 ropy ropovodem Dru\u017eba. Slovensko tak\u00e9 signalizovalo, \u017ee by mohlo p\u016fj\u010dku vetovat, p\u0159i\u010dem\u017e premi\u00e9r Robert Fico ji ozna\u010dil v podstat\u011b za\u00a0<\/span><em><span dir=\"auto\">\u201edar\u201c<\/span><\/em><span dir=\"auto\">\u00a0, kter\u00fd Kyjev nesplat\u00ed.<\/span><\/p>\n<p><span dir=\"auto\">Minul\u00fd t\u00fdden ukrajinsk\u00fd premi\u00e9r Vladimir Zelenskyj vydal jen skrytou hrozbu ma\u010farsk\u00e9mu premi\u00e9rovi Viktoru Orb\u00e1novi za zablokov\u00e1n\u00ed finan\u010dn\u00edch prost\u0159edk\u016f a prohl\u00e1sil, \u017ee dovol\u00ed ukrajinsk\u00e9 arm\u00e1d\u011b, aby\u00a0<\/span><em><span dir=\"auto\">s n\u00edm \u201emluvila jejich vlastn\u00edm jazykem\u201c.<\/span><\/em><\/p>\n<p><span dir=\"auto\">Mezit\u00edm se objevily nov\u00e9 obavy ohledn\u011b korupce na Ukrajin\u011b pot\u00e9, co ma\u010farsk\u00e9 \u00fa\u0159ady minul\u00fd t\u00fdden zabavily des\u00edtky milion\u016f dolar\u016f v hotovosti a dev\u011bt kilogram\u016f zlata z ukrajinsk\u00fdch obrn\u011bn\u00fdch vozidel pobl\u00ed\u017e Budape\u0161ti.<\/span><\/p>\n<p><span dir=\"auto\">Ukrajin\u0161t\u00ed p\u0159edstavitel\u00e9 obvinili Ma\u010farsko z\u00a0<\/span><em><span dir=\"auto\">\u201ekr\u00e1de\u017ee<\/span><\/em><span dir=\"auto\">\u00a0a\u00a0<\/span><em><span dir=\"auto\">\u201est\u00e1tn\u00edho banditismu\u201c,<\/span><\/em><span dir=\"auto\">\u00a0zat\u00edmco Budape\u0161\u0165 po\u017eadovala od Ukrajiny\u00a0<\/span><em><span dir=\"auto\">\u201eokam\u017eit\u00e9 odpov\u011bdi\u201c<\/span><\/em><span dir=\"auto\">\u00a0s t\u00edm, \u017ee z\u00e1silka vyvol\u00e1v\u00e1\u00a0<\/span><em><span dir=\"auto\">\u201ev\u00e1\u017en\u00e9 ot\u00e1zky o mo\u017en\u00e9m spojen\u00ed s ukrajinskou v\u00e1le\u010dnou mafi\u00ed\u201c.<\/span><\/em><\/p>\n<p><span dir=\"auto\">Kyjev v posledn\u00edch m\u011bs\u00edc\u00edch zas\u00e1hlo n\u011bkolik korup\u010dn\u00edch skand\u00e1l\u016f. V listopadu protikorup\u010dn\u00ed agentury odhalily \u00faplatk\u00e1\u0159sk\u00fd program ve v\u00fd\u0161i 100 milion\u016f dolar\u016f, do kter\u00e9ho byl zapojen st\u00e1tn\u00ed jadern\u00fd oper\u00e1tor Energoatom. Vy\u0161et\u0159ov\u00e1n\u00ed vedlo k rezignaci n\u011bkolika vysoce postaven\u00fdch \u00fa\u0159edn\u00edk\u016f, v\u010detn\u011b ministra energetiky Germana Galu\u0161\u010denka a vlivn\u00e9ho \u0161\u00e9fa Zelensk\u00e9ho kancel\u00e1\u0159e Andreje Jermaka.<\/span><\/p>\n<p><img decoding=\"async\" loading=\"lazy\" class=\"alignnone size-full wp-image-1185\" src=\"http:\/\/www.infokuryr.cz\/n\/wp-content\/uploads\/2021\/04\/kuryr-podpis.png\" alt=\"\" width=\"84\" height=\"24\" \/><\/p>\n<p>&nbsp;<\/p>\n","protected":false},"excerpt":{"rendered":"<p>Blon\u010fat\u00e1 diplomatka Kaja Kallasov\u00e1 uvedla, \u017ee blok od roku 2022 poskytl Kyjevu pomoc ve v\u00fd\u0161i&#8230;<\/p>\n","protected":false},"author":2,"featured_media":101505,"comment_status":"closed","ping_status":"closed","sticky":false,"template":"","format":"standard","meta":[],"categories":[7],"tags":[41,45,1242,26],"_links":{"self":[{"href":"https:\/\/www.infokuryr.cz\/n\/wp-json\/wp\/v2\/posts\/101504"}],"collection":[{"href":"https:\/\/www.infokuryr.cz\/n\/wp-json\/wp\/v2\/posts"}],"about":[{"href":"https:\/\/www.infokuryr.cz\/n\/wp-json\/wp\/v2\/types\/post"}],"author":[{"embeddable":true,"href":"https:\/\/www.infokuryr.cz\/n\/wp-json\/wp\/v2\/users\/2"}],"replies":[{"embeddable":true,"href":"https:\/\/www.infokuryr.cz\/n\/wp-json\/wp\/v2\/comments?post=101504"}],"version-history":[{"count":0,"href":"https:\/\/www.infokuryr.cz\/n\/wp-json\/wp\/v2\/posts\/101504\/revisions"}],"wp:featuredmedia":[{"embeddable":true,"href":"https:\/\/www.infokuryr.cz\/n\/wp-json\/wp\/v2\/media\/101505"}],"wp:attachment":[{"href":"https:\/\/www.infokuryr.cz\/n\/wp-json\/wp\/v2\/media?parent=101504"}],"wp:term":[{"taxonomy":"category","embeddable":true,"href":"https:\/\/www.infokuryr.cz\/n\/wp-json\/wp\/v2\/categories?post=101504"},{"taxonomy":"post_tag","embeddable":true,"href":"https:\/\/www.infokuryr.cz\/n\/wp-json\/wp\/v2\/tags?post=101504"}],"curies":[{"name":"wp","href":"https:\/\/api.w.org\/{rel}","templated":true}]}}