{"id":101488,"date":"2026-03-10T00:31:09","date_gmt":"2026-03-09T23:31:09","guid":{"rendered":"https:\/\/www.infokuryr.cz\/n\/?p=101488"},"modified":"2026-03-09T16:19:51","modified_gmt":"2026-03-09T15:19:51","slug":"klimaticka-panika-vyvracena-nova-studie-ukazuje-ze-oteplovani-je-zcela-normalni","status":"publish","type":"post","link":"https:\/\/www.infokuryr.cz\/n\/2026\/03\/10\/klimaticka-panika-vyvracena-nova-studie-ukazuje-ze-oteplovani-je-zcela-normalni\/","title":{"rendered":"Klimatick\u00e1 panika vyvr\u00e1cena: Nov\u00e1 studie ukazuje, \u017ee oteplov\u00e1n\u00ed je zcela norm\u00e1ln\u00ed"},"content":{"rendered":"<div id=\"fb-root\"><\/div>\n<p><strong><span dir=\"auto\">Politici a m\u00e9dia n\u00e1m ka\u017ed\u00fd den \u0159\u00edkaj\u00ed, \u017ee sv\u011bt je na pokraji kolapsu. M\u00e1me se vzd\u00e1t aut, platit p\u0159emr\u0161t\u011bn\u00e9 dan\u011b z emis\u00ed CO2, instalovat drah\u00e1 tepeln\u00e1 \u010derpadla a sledovat, jak se na\u0161e ekonomika hrout\u00ed \u2013 to v\u0161e kv\u016fli \u00fadajn\u011b \u201ebezprecedentn\u00edmu\u201c a katastrof\u00e1ln\u00edmu glob\u00e1ln\u00edmu oteplov\u00e1n\u00ed zp\u016fsoben\u00e9mu \u010dlov\u011bkem. Nov\u00e1 pr\u016flomov\u00e1 studie v\u0161ak nyn\u00ed zp\u016fsobuje, \u017ee se klimatick\u00fdm alarmist\u016fm hrout\u00ed dome\u010dek z karet.<\/span><\/strong><\/p>\n<p><span dir=\"auto\">Nep\u0159\u00edjemn\u00e1 pravda, kter\u00e1 se nehod\u00ed do zelen\u00e9ho narativu: Na sou\u010dasn\u00e9m oteplov\u00e1n\u00ed o 1,1 stupn\u011b Celsia za posledn\u00ed stolet\u00ed nen\u00ed absolutn\u011b nic bezprecedentn\u00edho ani v\u00fdznamn\u00e9ho. Tento usv\u011bd\u010duj\u00edc\u00ed z\u00e1v\u011br vych\u00e1z\u00ed z nov\u00e9 statistick\u00e9 anal\u00fdzy s n\u00e1zvem \u201e\u00a0<\/span><a href=\"https:\/\/scienceofclimatechange.org\/wp-content\/uploads\/SCC-Vol.6.1-Hatton.pdf\"><span dir=\"auto\">Je n\u00e1r\u016fst teploty o 1,1 \u00b0C za stolet\u00ed neobvykl\u00fd? Studie meziledovc\u016f v datov\u00e9 sad\u011b Epica-Vostok<\/span><\/a><span dir=\"auto\"> \u201c od profesora Lese Hattona, kter\u00e1 vych\u00e1z\u00ed z dat z antarktick\u00fdch ledov\u00fdch jader. Tato j\u00e1dra jsou v\u011bdci pova\u017eov\u00e1na za zlat\u00fd standard pro rekonstrukci nejen historick\u00fdch hladin CO2, ale tak\u00e9 glob\u00e1ln\u00edch teplot za posledn\u00edch 800 000 let. Z\u00e1v\u011br v\u00fdzkumn\u00edk\u016f je fackou do tv\u00e1\u0159e pro ka\u017ed\u00e9ho, kdo p\u0159edpov\u00edd\u00e1 zk\u00e1zu: N\u00e1r\u016fst teploty o 1,1 stupn\u011b od 20. let 20. stolet\u00ed je v na\u0161em sou\u010dasn\u00e9m meziledovcov\u00e9m obdob\u00ed \u201eb\u011b\u017en\u00fd\u201c a \u201eani ne neobvykl\u00fd\u201c.<\/span><\/p>\n<figure class=\"wp-block-embed is-type-rich is-provider-twitter wp-block-embed-twitter\">\n<div class=\"wp-block-embed__wrapper\">\n<div class=\"twitter-tweet twitter-tweet-rendered\"><iframe id=\"twitter-widget-0\" class=\"\" title=\"X P\u0159\u00edsp\u011bvek\" src=\"https:\/\/platform.twitter.com\/embed\/Tweet.html?dnt=true&amp;embedId=twitter-widget-0&amp;features=eyJ0ZndfdGltZWxpbmVfbGlzdCI6eyJidWNrZXQiOltdLCJ2ZXJzaW9uIjpudWxsfSwidGZ3X2ZvbGxvd2VyX2NvdW50X3N1bnNldCI6eyJidWNrZXQiOnRydWUsInZlcnNpb24iOm51bGx9LCJ0ZndfdHdlZXRfZWRpdF9iYWNrZW5kIjp7ImJ1Y2tldCI6Im9uIiwidmVyc2lvbiI6bnVsbH0sInRmd19yZWZzcmNfc2Vzc2lvbiI6eyJidWNrZXQiOiJvbiIsInZlcnNpb24iOm51bGx9LCJ0ZndfZm9zbnJfc29mdF9pbnRlcnZlbnRpb25zX2VuYWJsZWQiOnsiYnVja2V0Ijoib24iLCJ2ZXJzaW9uIjpudWxsfSwidGZ3X21peGVkX21lZGlhXzE1ODk3Ijp7ImJ1Y2tldCI6InRyZWF0bWVudCIsInZlcnNpb24iOm51bGx9LCJ0ZndfZXhwZXJpbWVudHNfY29va2llX2V4cGlyYXRpb24iOnsiYnVja2V0IjoxMjA5NjAwLCJ2ZXJzaW9uIjpudWxsfSwidGZ3X3Nob3dfYmlyZHdhdGNoX3Bpdm90c19lbmFibGVkIjp7ImJ1Y2tldCI6Im9uIiwidmVyc2lvbiI6bnVsbH0sInRmd19kdXBsaWNhdGVfc2NyaWJlc190b19zZXR0aW5ncyI6eyJidWNrZXQiOiJvbiIsInZlcnNpb24iOm51bGx9LCJ0ZndfdXNlX3Byb2ZpbGVfaW1hZ2Vfc2hhcGVfZW5hYmxlZCI6eyJidWNrZXQiOiJvbiIsInZlcnNpb24iOm51bGx9LCJ0ZndfdmlkZW9faGxzX2R5bmFtaWNfbWFuaWZlc3RzXzE1MDgyIjp7ImJ1Y2tldCI6InRydWVfYml0cmF0ZSIsInZlcnNpb24iOm51bGx9LCJ0ZndfbGVnYWN5X3RpbWVsaW5lX3N1bnNldCI6eyJidWNrZXQiOnRydWUsInZlcnNpb24iOm51bGx9LCJ0ZndfdHdlZXRfZWRpdF9mcm9udGVuZCI6eyJidWNrZXQiOiJvbiIsInZlcnNpb24iOm51bGx9fQ%3D%3D&amp;frame=false&amp;hideCard=false&amp;hideThread=false&amp;id=2029746451085988077&amp;lang=cs&amp;origin=https%3A%2F%2Freport24.news%2Fklima-panik-entlarvt-neue-studie-zeigt-dass-die-erwaermung-voellig-normal-ist%2F&amp;sessionId=9fc9ca5821b9297c89422a2f39dbe734bb9e5154&amp;theme=light&amp;widgetsVersion=2615f7e52b7e0%3A1702314776716&amp;width=550px\" frameborder=\"0\" scrolling=\"no\" allowfullscreen=\"allowfullscreen\" data-tweet-id=\"2029746451085988077\" data-mce-fragment=\"1\"><\/iframe><\/div>\n<\/div>\n<\/figure>\n<p><span dir=\"auto\">Zat\u00edmco televizn\u00ed zpr\u00e1vy n\u00e1m neust\u00e1le p\u0159edkl\u00e1daj\u00ed obrazy taj\u00edc\u00edch ledovc\u016f a hroz\u00edc\u00edho z\u00e1niku Antarktidy, skute\u010dn\u00e1 data vykresluj\u00ed zcela jin\u00fd obraz. Srovn\u00e1n\u00ed dne\u0161n\u00ed Antarktidy s historick\u00fdmi daty jasn\u011b ukazuje: v minul\u00e9m stolet\u00ed nedo\u0161lo k \u017e\u00e1dn\u00e9mu oteplov\u00e1n\u00ed na cel\u00e9m kontinentu! N\u011bkter\u00e9 oblasti se m\u00edrn\u011b oteplily, zat\u00edmco jin\u00e9 se ochladily nebo prost\u011b z\u016fstaly relativn\u011b stabiln\u00ed.<\/span><\/p>\n<p><span dir=\"auto\">\u010c\u00edsla z nov\u00e9 studie jsou velmi jasn\u00e1: V 16 procentech v\u0161ech stolet\u00ed od konce posledn\u00ed doby ledov\u00e9 do\u0161lo k n\u00e1r\u016fstu teploty p\u0159inejmen\u0161\u00edm stejn\u011b velk\u00e9mu jako v sou\u010dasn\u00e9m obdob\u00ed (1,1 stupn\u011b). To jednodu\u0161e znamen\u00e1, \u017ee takov\u00e9 v\u00fdkyvy jsou zcela norm\u00e1ln\u00ed a jsou sou\u010d\u00e1st\u00ed klimatick\u00e9ho cyklu Zem\u011b. Studie tak p\u0159\u00edmo zpochyb\u0148uje masivn\u00ed politick\u00fd tlak na to, aby se za n\u00e1r\u016fst teploty vinili v\u00fdhradn\u011b lid\u00e9.<\/span><\/p>\n<p><span dir=\"auto\">Ka\u017ed\u00fd, kdo chce skute\u010dn\u011b pochopit, co je extr\u00e9mn\u00ed zm\u011bna klimatu, se sta\u010d\u00ed pod\u00edvat do minulosti \u2013 d\u00e1vno p\u0159edt\u00edm, ne\u017e lid\u00e9 postavili uheln\u00e9 elektr\u00e1rny nebo vynalezli spalovac\u00ed motory. P\u0159ed 14 500 lety se severn\u00ed polokoule b\u011bhem pouh\u00fdch n\u011bkolika desetilet\u00ed oteplila\u00a0<\/span><a href=\"https:\/\/agupubs.onlinelibrary.wiley.com\/doi\/full\/10.1002\/2016GL071849\"><span dir=\"auto\">o ohromuj\u00edc\u00edch 4 a\u017e 5 stup\u0148\u016f Celsia<\/span><\/a><span dir=\"auto\">\u00a0. V d\u016fsledku toho se hladina mo\u0159\u00ed zv\u00fd\u0161ila\u00a0<\/span><a href=\"https:\/\/www.academia.edu\/8358178\/The_early_Holocene_sea_level_rise\"><span dir=\"auto\">a\u017e o 7,5 metru<\/span><\/a><span dir=\"auto\">\u00a0za stolet\u00ed. To je 20 a\u017e 30kr\u00e1t rychleji ne\u017e cokoli, co za\u017e\u00edv\u00e1me dnes!<\/span><\/p>\n<p><span dir=\"auto\">Ale proto\u017ee to neodpov\u00edd\u00e1 narativ\u016fm klimatick\u00e9ho n\u00e1bo\u017eenstv\u00ed, nen\u00ed to v mainstreamov\u00fdch m\u00e9di\u00edch prob\u00edr\u00e1no. Nep\u0159\u00edjemn\u00e9 pravdy, kter\u00e9 se neshoduj\u00ed s dogmaty klimatick\u00fdch alarmist\u016f, zjevn\u011b nejsou ur\u010deny k \u0161irok\u00e9 diskusi. Proto\u017ee bez v\u0161udyp\u0159\u00edtomn\u00e9ho \u0161\u00ed\u0159en\u00ed strachu nelze ji\u017e ospravedlnit v\u0161echna donucovac\u00ed opat\u0159en\u00ed a zvy\u0161ov\u00e1n\u00ed dan\u00ed. Pravda o glob\u00e1ln\u00edm klimatu a klimatick\u00fdch zm\u011bn\u00e1ch v \u010dase je jednodu\u0161e \u0159e\u010deno mnohem slo\u017eit\u011bj\u0161\u00ed, ne\u017e se lidem sna\u017e\u00ed v\u011b\u0159it.<\/span><\/p>\n<p><img decoding=\"async\" loading=\"lazy\" class=\"alignnone size-full wp-image-1185\" src=\"http:\/\/www.infokuryr.cz\/n\/wp-content\/uploads\/2021\/04\/kuryr-podpis.png\" alt=\"\" width=\"84\" height=\"24\" \/><\/p>\n<p>&nbsp;<\/p>\n","protected":false},"excerpt":{"rendered":"<p>Politici a m\u00e9dia n\u00e1m ka\u017ed\u00fd den \u0159\u00edkaj\u00ed, \u017ee sv\u011bt je na pokraji kolapsu. M\u00e1me se&#8230;<\/p>\n","protected":false},"author":2,"featured_media":101489,"comment_status":"closed","ping_status":"closed","sticky":false,"template":"","format":"standard","meta":[],"categories":[7],"tags":[2692,873,1100,839],"_links":{"self":[{"href":"https:\/\/www.infokuryr.cz\/n\/wp-json\/wp\/v2\/posts\/101488"}],"collection":[{"href":"https:\/\/www.infokuryr.cz\/n\/wp-json\/wp\/v2\/posts"}],"about":[{"href":"https:\/\/www.infokuryr.cz\/n\/wp-json\/wp\/v2\/types\/post"}],"author":[{"embeddable":true,"href":"https:\/\/www.infokuryr.cz\/n\/wp-json\/wp\/v2\/users\/2"}],"replies":[{"embeddable":true,"href":"https:\/\/www.infokuryr.cz\/n\/wp-json\/wp\/v2\/comments?post=101488"}],"version-history":[{"count":0,"href":"https:\/\/www.infokuryr.cz\/n\/wp-json\/wp\/v2\/posts\/101488\/revisions"}],"wp:featuredmedia":[{"embeddable":true,"href":"https:\/\/www.infokuryr.cz\/n\/wp-json\/wp\/v2\/media\/101489"}],"wp:attachment":[{"href":"https:\/\/www.infokuryr.cz\/n\/wp-json\/wp\/v2\/media?parent=101488"}],"wp:term":[{"taxonomy":"category","embeddable":true,"href":"https:\/\/www.infokuryr.cz\/n\/wp-json\/wp\/v2\/categories?post=101488"},{"taxonomy":"post_tag","embeddable":true,"href":"https:\/\/www.infokuryr.cz\/n\/wp-json\/wp\/v2\/tags?post=101488"}],"curies":[{"name":"wp","href":"https:\/\/api.w.org\/{rel}","templated":true}]}}