{"id":101471,"date":"2026-03-10T00:16:10","date_gmt":"2026-03-09T23:16:10","guid":{"rendered":"https:\/\/www.infokuryr.cz\/n\/?p=101471"},"modified":"2026-03-09T13:18:56","modified_gmt":"2026-03-09T12:18:56","slug":"urad-prace-cr-nezamestnanost-v-cesku-v-unoru-mirne-vzrostla-v-souladu-s-beznym-sezonnim-vyvojem-na-52","status":"publish","type":"post","link":"https:\/\/www.infokuryr.cz\/n\/2026\/03\/10\/urad-prace-cr-nezamestnanost-v-cesku-v-unoru-mirne-vzrostla-v-souladu-s-beznym-sezonnim-vyvojem-na-52\/","title":{"rendered":"\u00da\u0159ad pr\u00e1ce \u010cR: Nezam\u011bstnanost v \u010cesku v \u00fanoru m\u00edrn\u011b vzrostla v souladu s b\u011b\u017en\u00fdm sez\u00f3nn\u00edm v\u00fdvojem na 5,2 %"},"content":{"rendered":"<div id=\"fb-root\"><\/div>\n<h2 class=\"subject\">Voln\u00fdch pracovn\u00edch m\u00edst bylo inzerov\u00e1no v\u00edce<\/h2>\n<p class=\"v1MsoNormal\">STRU\u010cN\u00c9 SHRNUT\u00cd:<\/p>\n<p class=\"v1MsoListParagraph\">\u00b7\u00a0\u00a0\u00a0\u00a0\u00a0\u00a0\u00a0<b>\u00da\u0159ad pr\u00e1ce \u010cR (\u00daP \u010cR) evidoval k 28. \u00fanoru 2026 celkem 381 705 uchaze\u010d\u016f<\/b><br \/>\n<b>o zam\u011bstn\u00e1n\u00ed,\u00a0<\/b><b>co\u017e bylo o 55 482<\/b><b>\u00a0v\u00edce ne\u017e loni.<\/b><b><\/b><\/p>\n<p class=\"v1MsoListParagraph\">\u00b7\u00a0\u00a0\u00a0\u00a0\u00a0\u00a0\u00a0<b>Pod\u00edl nezam\u011bstnan\u00fdch ke konci \u00fanora vzrostl o 0,1 procentn\u00edho bodu na 5,2\u00a0%,<\/b>\u00a0<b>na \u010dem\u017e se pod\u00edl\u00ed ka\u017edoro\u010dn\u00ed sez\u00f3nn\u00ed n\u00e1r\u016fst p\u0159ed p\u0159\u00edchodem jara.<\/b><\/p>\n<p class=\"v1MsoListParagraph\">\u00b7\u00a0\u00a0\u00a0\u00a0\u00a0\u00a0\u00a0<b>Po\u010det nov\u011b evidovan\u00fdch osob za \u00fanor byl oproti p\u0159edchoz\u00edmu m\u011bs\u00edci ni\u017e\u0161\u00ed o\u00a021\u00a0858 osob, meziro\u010dn\u011b byl vy\u0161\u0161\u00ed o 6 223 osob.<\/b><b><\/b><\/p>\n<p class=\"v1MsoListParagraph\">\u00b7\u00a0\u00a0\u00a0\u00a0\u00a0\u00a0\u00a0<b>Ke konci \u00fanora bylo inzerov\u00e1no celkem 89 705 voln\u00fdch pracovn\u00edch m\u00edst, co\u017e je o 3 274 v\u00edce ne\u017e v\u00a0lednu.<\/b><\/p>\n<a href=\"https:\/\/www.infokuryr.cz\/n\/wp-content\/uploads\/2026\/03\/TZ_nezamestnanost_UNOR_26_fin.pdf\" class=\"pdfemb-viewer\" style=\"\" data-width=\"max\" data-height=\"max\" data-toolbar=\"top\" data-toolbar-fixed=\"on\">TZ_nezamestnanost_\u00daNOR_26_fin<\/a>\n<p>&nbsp;<\/p>\n<h2 class=\"subject\">\u00da\u0159ad pr\u00e1ce: Nezam\u011bstnanost v \u00dasteck\u00e9m kraji v \u00fanoru vzrostla na 7,6 %<\/h2>\n<a href=\"https:\/\/www.infokuryr.cz\/n\/wp-content\/uploads\/2026\/03\/ULK_TZ_nezamestnanost_UNOR_26_fin.pdf\" class=\"pdfemb-viewer\" style=\"\" data-width=\"max\" data-height=\"max\" data-toolbar=\"top\" data-toolbar-fixed=\"on\">ULK_TZ_nezamestnanost_\u00daNOR_26_fin<\/a>\n<p>&nbsp;<\/p>\n<h3>Zvukov\u00fd koment\u00e1\u0159:<\/h3>\n<!--[if lt IE 9]><script>document.createElement('audio');<\/script><![endif]-->\n<audio class=\"wp-audio-shortcode\" id=\"audio-101471-1\" preload=\"none\" style=\"width: 100%;\" controls=\"controls\"><source type=\"audio\/mpeg\" src=\"http:\/\/www.infokuryr.cz\/n\/wp-content\/uploads\/2026\/03\/zvuk_ULK_TZ_nezamestnanost_UNOR-26_reditelka_Martina-Becvarova.m4a?_=1\" \/><a href=\"http:\/\/www.infokuryr.cz\/n\/wp-content\/uploads\/2026\/03\/zvuk_ULK_TZ_nezamestnanost_UNOR-26_reditelka_Martina-Becvarova.m4a\">http:\/\/www.infokuryr.cz\/n\/wp-content\/uploads\/2026\/03\/zvuk_ULK_TZ_nezamestnanost_UNOR-26_reditelka_Martina-Becvarova.m4a<\/a><\/audio>\n<p><img decoding=\"async\" loading=\"lazy\" class=\"alignnone size-full wp-image-1185\" src=\"http:\/\/www.infokuryr.cz\/n\/wp-content\/uploads\/2021\/04\/kuryr-podpis.png\" alt=\"\" width=\"84\" height=\"24\" \/><\/p>\n<p>&nbsp;<\/p>\n<p class=\"v1paragraph\">\n","protected":false},"excerpt":{"rendered":"<p>Voln\u00fdch pracovn\u00edch m\u00edst bylo inzerov\u00e1no v\u00edce STRU\u010cN\u00c9 SHRNUT\u00cd: \u00b7\u00a0\u00a0\u00a0\u00a0\u00a0\u00a0\u00a0\u00da\u0159ad pr\u00e1ce \u010cR (\u00daP \u010cR) evidoval k&#8230;<\/p>\n","protected":false},"author":2,"featured_media":46615,"comment_status":"closed","ping_status":"closed","sticky":false,"template":"","format":"standard","meta":[],"categories":[6],"tags":[2831,96,331,5682],"_links":{"self":[{"href":"https:\/\/www.infokuryr.cz\/n\/wp-json\/wp\/v2\/posts\/101471"}],"collection":[{"href":"https:\/\/www.infokuryr.cz\/n\/wp-json\/wp\/v2\/posts"}],"about":[{"href":"https:\/\/www.infokuryr.cz\/n\/wp-json\/wp\/v2\/types\/post"}],"author":[{"embeddable":true,"href":"https:\/\/www.infokuryr.cz\/n\/wp-json\/wp\/v2\/users\/2"}],"replies":[{"embeddable":true,"href":"https:\/\/www.infokuryr.cz\/n\/wp-json\/wp\/v2\/comments?post=101471"}],"version-history":[{"count":1,"href":"https:\/\/www.infokuryr.cz\/n\/wp-json\/wp\/v2\/posts\/101471\/revisions"}],"predecessor-version":[{"id":101475,"href":"https:\/\/www.infokuryr.cz\/n\/wp-json\/wp\/v2\/posts\/101471\/revisions\/101475"}],"wp:featuredmedia":[{"embeddable":true,"href":"https:\/\/www.infokuryr.cz\/n\/wp-json\/wp\/v2\/media\/46615"}],"wp:attachment":[{"href":"https:\/\/www.infokuryr.cz\/n\/wp-json\/wp\/v2\/media?parent=101471"}],"wp:term":[{"taxonomy":"category","embeddable":true,"href":"https:\/\/www.infokuryr.cz\/n\/wp-json\/wp\/v2\/categories?post=101471"},{"taxonomy":"post_tag","embeddable":true,"href":"https:\/\/www.infokuryr.cz\/n\/wp-json\/wp\/v2\/tags?post=101471"}],"curies":[{"name":"wp","href":"https:\/\/api.w.org\/{rel}","templated":true}]}}