{"id":101470,"date":"2026-03-10T00:13:36","date_gmt":"2026-03-09T23:13:36","guid":{"rendered":"https:\/\/www.infokuryr.cz\/n\/?p=101470"},"modified":"2026-03-09T13:11:58","modified_gmt":"2026-03-09T12:11:58","slug":"erik-best-velvyslanec-valky","status":"publish","type":"post","link":"https:\/\/www.infokuryr.cz\/n\/2026\/03\/10\/erik-best-velvyslanec-valky\/","title":{"rendered":"Erik Best: Velvyslanec v\u00e1lky"},"content":{"rendered":"<div id=\"fb-root\"><\/div>\n<p>Od v\u00edt\u011bzstv\u00ed ve studen\u00e9 v\u00e1lce se Spojen\u00e9 st\u00e1ty nach\u00e1zej\u00ed v\u00a0nep\u0159etr\u017eit\u00e9m stavu hork\u00e9 v\u00e1lky. Zpr\u00e1va\u00a0<a href=\"https:\/\/www.congress.gov\/crs-product\/R42738\" target=\"_blank\" rel=\"noopener\">V\u00fdzkumn\u00e9 slu\u017eby Kongresu<\/a>\u00a0zjistila, \u017ee mezi lety 1991 a\u00a02022 USA zah\u00e1jily nejm\u00e9n\u011b\u00a0<a href=\"https:\/\/mronline.org\/2022\/09\/16\/u-s-launched-251-military-interventions-since-1991-and-469-since-1798\/\" target=\"_blank\" rel=\"noopener\">251 vojensk\u00fdch intervenc\u00ed<\/a>.<\/p>\n<p>Americk\u00fd velvyslanec Nicholas Merrick v\u011bnoval v\u011bt\u0161inu sv\u00e9ho \u010dtvrte\u010dn\u00edho \u201e<a href=\"https:\/\/www.fsfinalword.cz\/?page=archive&amp;day=2026-03-06\" target=\"_blank\" rel=\"noopener\">keynote<\/a>\u201c na\u00a0<a href=\"https:\/\/www.youtube.com\/live\/1yE5g_xXl9I?t=20614s\" target=\"_blank\" rel=\"noopener\">Hrad\u011b<\/a>\u00a0k\u00e1r\u00e1n\u00ed Babi\u0161ovy vl\u00e1dy za to, \u017ee nevyd\u00e1v\u00e1 v\u00edce na obranu, av\u0161ak za\u010dal v\u011btou ocen\u011bn\u00ed za \u201evyj\u00e1d\u0159en\u00ed podpory na vysok\u00e9 \u00farovni ze strany na\u0161ich \u010desk\u00fdch partner\u016f\u201c. Pravd\u011bpodobn\u011b m\u011bl na mysli p\u0159edev\u0161\u00edm\u00a0<a href=\"https:\/\/www.fsfinalword.cz\/?page=archive&amp;show=1&amp;day=2026-3-3\" target=\"_blank\" rel=\"noopener\">kategorickou podporu<\/a>\u00a0v\u00e1lky v\u00a0\u00cdr\u00e1nu od vicepremi\u00e9ra Karla Havl\u00ed\u010dka.<\/p>\n<p>Merrick rozhodn\u011b nem\u011bl na mysli p\u0159edsedu Poslaneck\u00e9 sn\u011bmovny\u00a0<a href=\"https:\/\/www.novinky.cz\/clanek\/domaci-okamura-proc-by-na-nas-meli-utocit-rusove-na-zbrojeni-nejsou-penize-40566177\" target=\"_blank\" rel=\"noopener\">Tomia Okamuru<\/a>, kter\u00fd trv\u00e1 na rozli\u0161ov\u00e1n\u00ed mezi v\u00fddaji na \u201eobranu\u201c a\u00a0na \u201ezbrojen\u00ed\u201c. Vhodn\u011bj\u0161\u00ed by bylo sestavovat odd\u011blen\u00e9 rozpo\u010dty na \u201eobranu\u201c a\u00a0na \u201ev\u00e1lku\u201c.<\/p>\n<p>Kdy\u017e Donald Trump a\u00a0jeho velvyslanec v\u00e1lky v\u00a0Praze trvaj\u00ed na 5% v\u00fddaj\u00edch na \u201eobranu\u201c do roku 2035, ve skute\u010dnosti t\u00edm \u0159\u00edkaj\u00ed, \u017ee \u010ce\u0161i a\u00a0dal\u0161\u00ed alian\u010dn\u00ed spojenci se p\u0159\u00edli\u0161 zam\u011b\u0159uj\u00ed na obranu a\u00a0nedostate\u010dn\u011b na podporu byznysu v\u00e1lky.<\/p>\n<p><a href=\"https:\/\/www.fsfinalword.cz\/?page=archive&amp;day=2026-03-09&amp;utm_source=utm_source%3Dnewsletter&amp;utm_medium=utm_medium%3De-mail&amp;utm_campaign=utm_campaign%3Dfinal_word_9.3.2026\">Erik Best<\/a><\/p>\n<p><img decoding=\"async\" loading=\"lazy\" class=\"alignnone  wp-image-1179\" src=\"http:\/\/www.infokuryr.cz\/n\/wp-content\/uploads\/2021\/04\/erik-best.jpg\" alt=\"\" width=\"125\" height=\"141\" \/><\/p>\n<p>&nbsp;<\/p>\n","protected":false},"excerpt":{"rendered":"<p>Od v\u00edt\u011bzstv\u00ed ve studen\u00e9 v\u00e1lce se Spojen\u00e9 st\u00e1ty nach\u00e1zej\u00ed v\u00a0nep\u0159etr\u017eit\u00e9m stavu hork\u00e9 v\u00e1lky. Zpr\u00e1va\u00a0V\u00fdzkumn\u00e9 slu\u017eby&#8230;<\/p>\n","protected":false},"author":2,"featured_media":91713,"comment_status":"closed","ping_status":"closed","sticky":false,"template":"","format":"standard","meta":[],"categories":[6],"tags":[1503,40,977],"_links":{"self":[{"href":"https:\/\/www.infokuryr.cz\/n\/wp-json\/wp\/v2\/posts\/101470"}],"collection":[{"href":"https:\/\/www.infokuryr.cz\/n\/wp-json\/wp\/v2\/posts"}],"about":[{"href":"https:\/\/www.infokuryr.cz\/n\/wp-json\/wp\/v2\/types\/post"}],"author":[{"embeddable":true,"href":"https:\/\/www.infokuryr.cz\/n\/wp-json\/wp\/v2\/users\/2"}],"replies":[{"embeddable":true,"href":"https:\/\/www.infokuryr.cz\/n\/wp-json\/wp\/v2\/comments?post=101470"}],"version-history":[{"count":0,"href":"https:\/\/www.infokuryr.cz\/n\/wp-json\/wp\/v2\/posts\/101470\/revisions"}],"wp:featuredmedia":[{"embeddable":true,"href":"https:\/\/www.infokuryr.cz\/n\/wp-json\/wp\/v2\/media\/91713"}],"wp:attachment":[{"href":"https:\/\/www.infokuryr.cz\/n\/wp-json\/wp\/v2\/media?parent=101470"}],"wp:term":[{"taxonomy":"category","embeddable":true,"href":"https:\/\/www.infokuryr.cz\/n\/wp-json\/wp\/v2\/categories?post=101470"},{"taxonomy":"post_tag","embeddable":true,"href":"https:\/\/www.infokuryr.cz\/n\/wp-json\/wp\/v2\/tags?post=101470"}],"curies":[{"name":"wp","href":"https:\/\/api.w.org\/{rel}","templated":true}]}}