{"id":101458,"date":"2026-03-10T00:20:17","date_gmt":"2026-03-09T23:20:17","guid":{"rendered":"https:\/\/www.infokuryr.cz\/n\/?p=101458"},"modified":"2026-03-09T12:55:54","modified_gmt":"2026-03-09T11:55:54","slug":"150-000-ztracenych-pracovnich-mist-v-prumyslu-nejvetsi-krize-od-zalozeni-spolkove-republiky-nemecko","status":"publish","type":"post","link":"https:\/\/www.infokuryr.cz\/n\/2026\/03\/10\/150-000-ztracenych-pracovnich-mist-v-prumyslu-nejvetsi-krize-od-zalozeni-spolkove-republiky-nemecko\/","title":{"rendered":"150 000 ztracen\u00fdch pracovn\u00edch m\u00edst v pr\u016fmyslu: Nejv\u011bt\u0161\u00ed krize od zalo\u017een\u00ed Spolkov\u00e9 republiky N\u011bmecko"},"content":{"rendered":"<div id=\"fb-root\"><\/div>\n<p><strong><span dir=\"auto\">Srdce n\u011bmeck\u00e9ho pr\u016fmyslu, odv\u011btv\u00ed kov\u016f a elektrotechniky, \u010del\u00ed masivn\u00edm ztr\u00e1t\u00e1m pracovn\u00edch m\u00edst. Ohromuj\u00edc\u00ed \u010d\u00edslo: jen letos se o\u010dek\u00e1v\u00e1 ztr\u00e1ta a\u017e 150 000 pracovn\u00edch m\u00edst!<\/span><\/strong><\/p>\n<p><a href=\"https:\/\/www.n-tv.de\/politik\/Metall-und-Elektroindustrie-rechnet-mit-massiver-Entlassungswelle-id30443386.html\"><span dir=\"auto\">Slova<\/span><\/a><span dir=\"auto\"> Olivera Zandera, gener\u00e1ln\u00edho \u0159editele spole\u010dnosti Gesamtmetall, zn\u011bj\u00ed jako n\u00e1\u0159ek nad b\u00fdval\u00fdm sv\u011btov\u00fdm exportn\u00edm \u0161ampionem a nad N\u011bmeckem jako obchodn\u00ed destinac\u00ed. \u201eJsme uprost\u0159ed deindustrializace a vyhl\u00eddky jsou velmi bez\u00fat\u011b\u0161n\u00e9. Situace je skute\u010dn\u011b dramatick\u00e1,\u201c varuje Zander. Jeho usv\u011bd\u010duj\u00edc\u00ed hodnocen\u00ed stavu zem\u011b: Pr\u016fmysl je \u201ev nejv\u011bt\u0161\u00ed krizi od zalo\u017een\u00ed Spolkov\u00e9 republiky.\u201c<\/span><\/p>\n<p><span dir=\"auto\">Kdo nese odpov\u011bdnost za tuto katastrofu? Pro vedouc\u00ed pracovn\u00edky je odpov\u011b\u010f jasn\u00e1: Je to toxick\u00e1 sm\u011bs politick\u00e9ho selh\u00e1n\u00ed a zni\u010den\u00ed konkurenceschopnosti N\u011bmecka. Zander jmenuje skute\u010dn\u00e9 zabij\u00e1ky pracovn\u00edch m\u00edst: V N\u011bmecku m\u00e1me nadm\u011brn\u011b vysok\u00e9 n\u00e1klady na energie, nadm\u011brn\u011b vysok\u00e9 dan\u011b z p\u0159\u00edjmu pr\u00e1vnick\u00fdch osob, exploduj\u00edc\u00ed p\u0159\u00edsp\u011bvky na soci\u00e1ln\u00ed zabezpe\u010den\u00ed a utla\u010duj\u00edc\u00ed byrokratickou no\u010dn\u00ed m\u016fru.<\/span><\/p>\n<figure class=\"wp-block-embed is-type-rich is-provider-twitter wp-block-embed-twitter\">\n<div class=\"wp-block-embed__wrapper\">\n<div class=\"twitter-tweet twitter-tweet-rendered\"><iframe id=\"twitter-widget-0\" class=\"\" title=\"X P\u0159\u00edsp\u011bvek\" src=\"https:\/\/platform.twitter.com\/embed\/Tweet.html?dnt=true&amp;embedId=twitter-widget-0&amp;features=eyJ0ZndfdGltZWxpbmVfbGlzdCI6eyJidWNrZXQiOltdLCJ2ZXJzaW9uIjpudWxsfSwidGZ3X2ZvbGxvd2VyX2NvdW50X3N1bnNldCI6eyJidWNrZXQiOnRydWUsInZlcnNpb24iOm51bGx9LCJ0ZndfdHdlZXRfZWRpdF9iYWNrZW5kIjp7ImJ1Y2tldCI6Im9uIiwidmVyc2lvbiI6bnVsbH0sInRmd19yZWZzcmNfc2Vzc2lvbiI6eyJidWNrZXQiOiJvbiIsInZlcnNpb24iOm51bGx9LCJ0ZndfZm9zbnJfc29mdF9pbnRlcnZlbnRpb25zX2VuYWJsZWQiOnsiYnVja2V0Ijoib24iLCJ2ZXJzaW9uIjpudWxsfSwidGZ3X21peGVkX21lZGlhXzE1ODk3Ijp7ImJ1Y2tldCI6InRyZWF0bWVudCIsInZlcnNpb24iOm51bGx9LCJ0ZndfZXhwZXJpbWVudHNfY29va2llX2V4cGlyYXRpb24iOnsiYnVja2V0IjoxMjA5NjAwLCJ2ZXJzaW9uIjpudWxsfSwidGZ3X3Nob3dfYmlyZHdhdGNoX3Bpdm90c19lbmFibGVkIjp7ImJ1Y2tldCI6Im9uIiwidmVyc2lvbiI6bnVsbH0sInRmd19kdXBsaWNhdGVfc2NyaWJlc190b19zZXR0aW5ncyI6eyJidWNrZXQiOiJvbiIsInZlcnNpb24iOm51bGx9LCJ0ZndfdXNlX3Byb2ZpbGVfaW1hZ2Vfc2hhcGVfZW5hYmxlZCI6eyJidWNrZXQiOiJvbiIsInZlcnNpb24iOm51bGx9LCJ0ZndfdmlkZW9faGxzX2R5bmFtaWNfbWFuaWZlc3RzXzE1MDgyIjp7ImJ1Y2tldCI6InRydWVfYml0cmF0ZSIsInZlcnNpb24iOm51bGx9LCJ0ZndfbGVnYWN5X3RpbWVsaW5lX3N1bnNldCI6eyJidWNrZXQiOnRydWUsInZlcnNpb24iOm51bGx9LCJ0ZndfdHdlZXRfZWRpdF9mcm9udGVuZCI6eyJidWNrZXQiOiJvbiIsInZlcnNpb24iOm51bGx9fQ%3D%3D&amp;frame=false&amp;hideCard=false&amp;hideThread=false&amp;id=2024171595762450525&amp;lang=cs&amp;origin=https%3A%2F%2Freport24.news%2F150-000-industrie-jobs-weg-die-groesste-krise-seit-gruendung-der-bundesrepublik%2F&amp;sessionId=5cf8dc2b1bd56f7de0c7fce7a4dcae415dc3618e&amp;theme=light&amp;widgetsVersion=2615f7e52b7e0%3A1702314776716&amp;width=550px\" frameborder=\"0\" scrolling=\"no\" allowfullscreen=\"allowfullscreen\" data-tweet-id=\"2024171595762450525\" data-mce-fragment=\"1\"><\/iframe><\/div>\n<\/div>\n<\/figure>\n<p><span dir=\"auto\">Vl\u00e1da d\u011bl\u00e1 ozn\u00e1men\u00ed, mluv\u00ed a nic ned\u011bl\u00e1. Slibovan\u00e9 sn\u00ed\u017een\u00ed byrokracie je naprost\u00e1 fra\u0161ka. Zander pou\u017e\u00edv\u00e1 drastick\u00e1 slova k popisu selh\u00e1n\u00ed st\u00e1tu: \u201eSystematickyji bojujeme proti nemocem zv\u00ed\u0159at ne\u017e sni\u017eujeme byrokracii.\u201c Jeho striktn\u00ed po\u017eadavek: Nafoukl\u00fd st\u00e1tn\u00ed apar\u00e1t se mus\u00ed zmen\u0161it! \u201eSamoz\u0159ejm\u011b mus\u00edme tak\u00e9 sn\u00ed\u017eit po\u010det byrokrat\u016f.\u201c Ve\u0159ejn\u00e1 spr\u00e1va se st\u00e1le zv\u011bt\u0161uje a pohlcuje da\u0148ov\u00e9 pen\u00edze tvrd\u011b pracuj\u00edc\u00edch ob\u010dan\u016f.<\/span><\/p>\n<p><span dir=\"auto\">Drsn\u00e1 \u010d\u00edsla hovo\u0159\u00ed o poklesu v\u0161e: N\u011bmecko se ji\u017e dva roky pot\u00fdk\u00e1 s hlubokou reces\u00ed. Od roku 2018 ji\u017e bylo ztraceno 270 000 pracovn\u00edch m\u00edst. Minul\u00fd m\u011bs\u00edc klesl po\u010det zam\u011bstnanc\u016f v tomto odv\u011btv\u00ed pod kritickou hranici 3,8 milionu \u2013 co\u017e je minimum naposledy zaznamenan\u00e9 v roce 2015.<\/span><\/p>\n<p><span dir=\"auto\">\u00dadajn\u00fd z\u00e1blesk nad\u011bje je \u010dir\u00fd trik! I kdy\u017e v posledn\u00edm \u010dtvrtlet\u00ed roku 2025 skute\u010dn\u011b do\u0161lo k n\u00e1r\u016fstu objedn\u00e1vek, pr\u016fmysl za to vd\u011b\u010d\u00ed v\u00fdhradn\u011b st\u00e1tem financovan\u00fdm zbrojn\u00edm zak\u00e1zk\u00e1m. Pokud odhl\u00e9dneme od t\u011bchto velk\u00fdch zak\u00e1zek financovan\u00fdch z dan\u00ed poplatn\u00edk\u016f, vyjde najevo nefal\u0161ovan\u00e1 pravda: situace s objedn\u00e1vkami je a z\u016fst\u00e1v\u00e1 katastrof\u00e1ln\u00ed. N\u011bmeck\u00fd pr\u016fmysl um\u00edr\u00e1 \u2013 a politici to jen urychluj\u00ed svou ne\u00fanavnou klimatickou hysteri\u00ed.<\/span><\/p>\n<p><img decoding=\"async\" loading=\"lazy\" class=\"alignnone size-full wp-image-1185\" src=\"http:\/\/www.infokuryr.cz\/n\/wp-content\/uploads\/2021\/04\/kuryr-podpis.png\" alt=\"\" width=\"84\" height=\"24\" \/><\/p>\n<p>&nbsp;<\/p>\n","protected":false},"excerpt":{"rendered":"<p>Srdce n\u011bmeck\u00e9ho pr\u016fmyslu, odv\u011btv\u00ed kov\u016f a elektrotechniky, \u010del\u00ed masivn\u00edm ztr\u00e1t\u00e1m pracovn\u00edch m\u00edst. Ohromuj\u00edc\u00ed \u010d\u00edslo: jen&#8230;<\/p>\n","protected":false},"author":2,"featured_media":101459,"comment_status":"closed","ping_status":"closed","sticky":false,"template":"","format":"standard","meta":[],"categories":[7],"tags":[1709,371,84,601,2455],"_links":{"self":[{"href":"https:\/\/www.infokuryr.cz\/n\/wp-json\/wp\/v2\/posts\/101458"}],"collection":[{"href":"https:\/\/www.infokuryr.cz\/n\/wp-json\/wp\/v2\/posts"}],"about":[{"href":"https:\/\/www.infokuryr.cz\/n\/wp-json\/wp\/v2\/types\/post"}],"author":[{"embeddable":true,"href":"https:\/\/www.infokuryr.cz\/n\/wp-json\/wp\/v2\/users\/2"}],"replies":[{"embeddable":true,"href":"https:\/\/www.infokuryr.cz\/n\/wp-json\/wp\/v2\/comments?post=101458"}],"version-history":[{"count":0,"href":"https:\/\/www.infokuryr.cz\/n\/wp-json\/wp\/v2\/posts\/101458\/revisions"}],"wp:featuredmedia":[{"embeddable":true,"href":"https:\/\/www.infokuryr.cz\/n\/wp-json\/wp\/v2\/media\/101459"}],"wp:attachment":[{"href":"https:\/\/www.infokuryr.cz\/n\/wp-json\/wp\/v2\/media?parent=101458"}],"wp:term":[{"taxonomy":"category","embeddable":true,"href":"https:\/\/www.infokuryr.cz\/n\/wp-json\/wp\/v2\/categories?post=101458"},{"taxonomy":"post_tag","embeddable":true,"href":"https:\/\/www.infokuryr.cz\/n\/wp-json\/wp\/v2\/tags?post=101458"}],"curies":[{"name":"wp","href":"https:\/\/api.w.org\/{rel}","templated":true}]}}