{"id":1014,"date":"2021-04-21T09:50:22","date_gmt":"2021-04-21T07:50:22","guid":{"rendered":"http:\/\/www.infokuryr.cz\/n\/?p=1014"},"modified":"2021-04-21T09:50:22","modified_gmt":"2021-04-21T07:50:22","slug":"rusky-zdroj-americane-tlaci-na-prahu-aby-cr-uplne-prerusila-diplomaticke-styky-s-ruskou-federaci","status":"publish","type":"post","link":"https:\/\/www.infokuryr.cz\/n\/2021\/04\/21\/rusky-zdroj-americane-tlaci-na-prahu-aby-cr-uplne-prerusila-diplomaticke-styky-s-ruskou-federaci\/","title":{"rendered":"Rusk\u00fd zdroj: Ameri\u010dan\u00e9 tla\u010d\u00ed na Prahu, aby \u010cR \u00fapln\u011b p\u0159eru\u0161ila diplomatick\u00e9 styky s Ruskou federac\u00ed&#8230;"},"content":{"rendered":"<div id=\"fb-root\"><\/div>\n<h4>Rusk\u00fd zdroj: Ameri\u010dan\u00e9 tla\u010d\u00ed na Prahu, aby \u010cR \u00fapln\u011b p\u0159eru\u0161ila diplomatick\u00e9 styky s Ruskou federac\u00ed, za\u00fakolovali t\u00edm \u010deskou opozici po smrti Petra Kellnera, kter\u00fd jako posledn\u00ed blokoval Ameri\u010dany \u0159\u00edzen\u00e9 \u00fatoky Prahy proti Rusk\u00e9 federaci! Zabili Kellnera p\u0159\u00edmo Ameri\u010dan\u00e9, aby nebr\u00e1nil proces\u016fm likvidace zbytk\u016f vztah\u016f \u010cR s Ruskem? Rusk\u00fd zdroj n\u00e1m popsal, \u017ee FSB podez\u0159\u00edv\u00e1 americk\u00e9 tajn\u00e9 slu\u017eby z odstran\u011bn\u00ed Petra Kellnera, jeho\u017e PPF m\u00e1 v Rusku obrovsk\u00e9 finan\u010dn\u00ed investice a dlouh\u00e1 l\u00e9ta usilovn\u011b lobboval za klid v Praze a blokoval ze z\u00e1kulis\u00ed nebezpe\u010dn\u00e9 kroky \u010desk\u00fdch politik\u016f proti Rusku!<\/h4>\n<p>Redakce Aeronetu z\u00edskala od rusk\u00fdch novin\u00e1\u0159\u016f v\u010dera v\u00fdm\u011bnou za n\u00e1\u0161 \u010dl\u00e1nek v\u00fdbu\u0161n\u00e9 informace, kter\u00e9 nyn\u00ed zpracov\u00e1vaj\u00ed ru\u0161t\u00ed novin\u00e1\u0159i jako naprostou bombu zdrcuj\u00edc\u00edho kalibru. Redakce Aeronetu je zaru\u010den\u011b prvn\u00ed redakc\u00ed v \u010cR, kter\u00e1 z\u00edskala p\u0159\u00edstup a informace ke zdroj\u016fm rusk\u00fdch m\u00e9di\u00ed, kter\u00e9 jsou \u00fazce napojen\u00e9 na rusk\u00e9 zpravodajsk\u00e9 slu\u017eby.\u00a0<strong>Podle t\u011bchto informac\u00ed se v t\u011bchto hodin\u00e1ch nehraje o nic men\u0161\u00edho, ne\u017e o obrovsk\u00fd tlak americk\u00e9 strany na \u010deskou politickou reprezentaci, aby poprv\u00e9 od II. sv. v\u00e1lky \u00fapln\u011b p\u0159eru\u0161ila diplomatick\u00e9 vztahy s Ruskou federac\u00ed.<\/strong><\/p>\n<p>Podle rusk\u00fdch novin\u00e1\u0159\u016f, kte\u0159\u00ed n\u00e1s v\u010dera podrobn\u011b informovali o situaci, se jedn\u00e1 o sou\u010d\u00e1st mohutn\u00e9 operace pod hlavi\u010dkou \u00dast\u0159edn\u00ed zpravodajsk\u00e9 slu\u017eby (CIA), kter\u00e1 vyvrcholila 27. b\u0159ezna 2021 na ledovci Knik na Alja\u0161ce, kde do\u0161lo k \u00famrt\u00ed hlavn\u00ed postavy usiluj\u00edc\u00ed o udr\u017een\u00ed normalizovan\u00fdch vztah\u016f mezi \u010cR a Ruskou federac\u00ed, a kter\u00e1 by nikdy nedovolila, aby do\u0161lo k tomu, co se odehr\u00e1lo v budov\u011b vl\u00e1dy \u010cR minulou sobotu. Ru\u0161t\u00ed novin\u00e1\u0159i nyn\u00ed zpracov\u00e1vaj\u00ed informace o skupin\u011b n\u011bkolika lid\u00ed, kte\u0159\u00ed byli identifikov\u00e1ni na Alja\u0161ce jako operativn\u00ed assety americk\u00e9 CIA t\u011bsn\u011b p\u0159ed smrt\u00ed Petra Kellnera.<\/p>\n<figure id=\"attachment_46333\" class=\"wp-caption aligncenter\" style=\"width: 533px;\"><a href=\"https:\/\/aeronet.cz\/news\/wp-content\/uploads\/KellnerDassault.jpg\"><img decoding=\"async\" loading=\"lazy\" class=\"wp-image-46333 \" src=\"https:\/\/aeronet.cz\/news\/wp-content\/uploads\/KellnerDassault-1024x540.jpg\" sizes=\"(max-width: 700px) 100vw, 700px\" srcset=\"https:\/\/aeronet.cz\/news\/wp-content\/uploads\/KellnerDassault-1024x540.jpg 1024w, https:\/\/aeronet.cz\/news\/wp-content\/uploads\/KellnerDassault-300x158.jpg 300w, https:\/\/aeronet.cz\/news\/wp-content\/uploads\/KellnerDassault-768x405.jpg 768w, https:\/\/aeronet.cz\/news\/wp-content\/uploads\/KellnerDassault-700x369.jpg 700w, https:\/\/aeronet.cz\/news\/wp-content\/uploads\/KellnerDassault-676x357.jpg 676w, https:\/\/aeronet.cz\/news\/wp-content\/uploads\/KellnerDassault-915x483.jpg 915w\" alt=\"\" width=\"533\" height=\"281\" \/><\/a><figcaption class=\"wp-caption-text\">Petr Kellner a Olivier Dassault zahynuli s rozestupem 3 t\u00fddn\u016f ve stejn\u00e9m typu helikopt\u00e9ry<\/figcaption><\/figure>\n<p>Cel\u00e9 to za\u010dalo ji\u017e v 90. letech minul\u00e9ho stolet\u00ed, kdy\u017e se Petr Kellner postavil do \u010dela privatiza\u010dn\u00edho gigantu PPF, kter\u00fd se za\u010dal orientovat na v\u00fdchodn\u00ed trhy a p\u0159edev\u0161\u00edm na Ruskou federaci. B\u011bhem 90. let byly vytvo\u0159eny mohutn\u00e9 politicko-ekonomick\u00e9 vazby mezi PPF, novou \u010deskou politickou polistopadovou garniturou a mezi rusk\u00fdmi kapit\u00e1ny pr\u016fmyslu, tzv. oligarchy, kte\u0159\u00ed od roku 2000 maj\u00ed velmi \u00fazk\u00e9 a t\u011bsn\u00e9 propojen\u00ed na vl\u00e1du a mocensk\u00e9 ukotven\u00ed Vladimira Putina.<\/p>\n<p>Kellnerova PPF m\u00e1 v Rusku, tedy vedle \u010c\u00edny, v\u016fbec nejv\u011bt\u0161\u00ed investi\u010dn\u00ed portfolio ze v\u0161ech investi\u010dn\u00edch fond\u016f z cel\u00e9ho b\u00fdval\u00e9ho V\u00fdchodn\u00edho bloku.\u00a0<strong>A pr\u00e1v\u011b ochrana t\u011bchto investic v Rusku a v \u010c\u00edn\u011b st\u00e1la Petra Kellnera mnoho \u00fasil\u00ed a siln\u00e9ho lobbingu v nejvy\u0161\u0161\u00edch pozic\u00edch \u010desk\u00e9 st\u00e1tn\u00ed moci v Praze, upozor\u0148uje na\u0161i redakci rusk\u00fd novin\u00e1\u0159sk\u00fd zdroj.<\/strong>\u00a0Snaha americk\u00fdch tajn\u00fdch slu\u017eeb o ovl\u00e1dnut\u00ed Prahy je podle rusk\u00fdch tajn\u00fdch slu\u017eeb, na kter\u00e9 se ru\u0161t\u00ed novin\u00e1\u0159i odvol\u00e1vaj\u00ed, mo\u017en\u00e9 vypozorovat ji\u017e od po\u010d\u00e1tku 90. let. Ov\u0161em teprve v posledn\u00edch letech je mo\u017en\u00e9 si v\u0161\u00edmat, \u017ee tlak Ameri\u010dan\u016f p\u0159ekro\u010dil v Praze bod zlomu.<\/p>\n<h6><span style=\"font-size: 12pt;\">Praha je o\u010dkov\u00e1na americk\u00fdmi tajn\u00fdmi slu\u017ebami k p\u0159etrh\u00e1n\u00ed vztah\u016f Prahy s Moskvou, d\u016fvodem je chyst\u00e1n\u00ed projektu Trojmo\u0159\u00ed<\/span><\/h6>\n<p>Za\u010dalo to de facto u\u017e v roce 2018, kdy \u010desk\u00e1 BIS za\u010dala spolupracovat s britskou MI-6 a americkou CIA na zpravodajsk\u00e9 h\u0159e se Sergejem Skripalem a Novi\u010dokem. Praha tehdy pohotov\u011b Lond\u00fdn podpo\u0159ila v odsouzen\u00ed \u00fadajn\u00e9 rusk\u00e9 agrese, p\u0159i\u010dem\u017e \u010desk\u00e1 vl\u00e1da tvrdila, \u017ee v \u010cR se nikdy s Novi\u010dokem nepracovalo. Na to podle rusk\u00fdch novin\u00e1\u0159\u016f museli reagovat lid\u00e9 okolo PPF a Pra\u017esk\u00e9ho hradu v mohutn\u00e9 protiofenz\u00edv\u011b.<\/p>\n<p>A to kdy\u017e\u00a0<strong>Milo\u0161 Zeman p\u0159inesl informaci o tom, \u017ee \u010desk\u00e1 vojensk\u00e1 laborato\u0159 v Brn\u011b v r\u00e1mci protichemick\u00e9 obrany rovn\u011b\u017e vyv\u00edjela a vyr\u00e1b\u011bla Novi\u010dok, ale \u010dist\u011b pro v\u011bdeck\u00e9 \u00fa\u010dely a zkoum\u00e1n\u00ed \u00fa\u010dink\u016f Novi\u010doku [<a href=\"https:\/\/aeronet.cz\/news\/novicok-nikdy-neexistoval-ve-skutecnosti-slo-o-noviczech-vtipkuji-ruska-media-a-nejsou-daleko-od-pravdy-base-line-npl-a-230-se-totiz-pry-v-cesku-nevyrabela-ale-jenom-testovala\/\">1<\/a>].<\/strong>\u00a0T\u00edm byla vl\u00e1da \u010cR usv\u011bd\u010dena ze l\u017ei a byl tak vytvo\u0159en kontroln\u00ed mechanismus na blokov\u00e1n\u00ed americk\u00fdch tajn\u00fdch slu\u017eeb v Praze, kter\u00e9 u\u017e v roce 2018 ne\u00fasp\u011b\u0161n\u011b tla\u010dily na ukon\u010den\u00ed diplomatick\u00fdch vztah\u016f \u010cR s Ruskem. Operace CIA \u201cPermanent Victory\u201d (Trval\u00e9 v\u00edt\u011bzstv\u00ed) pokra\u010dovala i v roce 2019, kdy pro zm\u011bnu vypukla mohutn\u00e1 proti-\u010d\u00ednsk\u00e1 operace a hysterie proti firm\u011b Huawei.<\/p>\n<figure id=\"attachment_36261\" class=\"wp-caption aligncenter\" style=\"width: 583px;\"><a href=\"https:\/\/aeronet.cz\/news\/wp-content\/uploads\/three-seas-initiative.png\"><img decoding=\"async\" loading=\"lazy\" class=\"wp-image-36261 \" src=\"https:\/\/aeronet.cz\/news\/wp-content\/uploads\/three-seas-initiative-1024x641.png\" sizes=\"(max-width: 700px) 100vw, 700px\" srcset=\"https:\/\/aeronet.cz\/news\/wp-content\/uploads\/three-seas-initiative.png 1024w, https:\/\/aeronet.cz\/news\/wp-content\/uploads\/three-seas-initiative-300x188.png 300w, https:\/\/aeronet.cz\/news\/wp-content\/uploads\/three-seas-initiative-768x481.png 768w, https:\/\/aeronet.cz\/news\/wp-content\/uploads\/three-seas-initiative-700x438.png 700w, https:\/\/aeronet.cz\/news\/wp-content\/uploads\/three-seas-initiative-570x357.png 570w, https:\/\/aeronet.cz\/news\/wp-content\/uploads\/three-seas-initiative-772x483.png 772w\" alt=\"\" width=\"583\" height=\"365\" \/><\/a><figcaption class=\"wp-caption-text\">Americk\u00fd projekt Trojmo\u0159\u00ed jako kl\u00ednu mezi Z\u00e1padn\u00ed Evropou pod veden\u00edm Berl\u00edna a Ruskem<\/figcaption><\/figure>\n<p>Okam\u017eit\u011b po z\u00e1kazu pou\u017e\u00edv\u00e1n\u00ed v\u00fdrobk\u016f t\u00e9to firmy st\u00e1tn\u00edmi org\u00e1ny v USA a ve Velk\u00e9 Brit\u00e1nii, se jako t\u0159et\u00ed v po\u0159ad\u00ed okam\u017eit\u011b p\u0159ipojila Praha. Tady podle rusk\u00fdch novin\u00e1\u0159\u016f ji\u017e Petr Kellner tahal za krat\u0161\u00ed konec provazu, nepoda\u0159ilo se mu zvr\u00e1tit odpor proti Huawei v Praze mezi politiky, a proto se rozhodl, \u017ee prod\u00e1 svoji firmu CETIN na burze. CETIN je nejv\u011bt\u0161\u00ed telekomunika\u010dn\u00ed spole\u010dnost ve St\u0159edn\u00ed a V\u00fdchodn\u00ed Evrop\u011b, kter\u00e1 spravuje nejv\u011bt\u0161\u00ed portfolio datov\u00fdch s\u00edt\u00ed.<\/p>\n<p>Kv\u016fli zablokov\u00e1n\u00ed Huawei musel CETIN podepsat smlouvu na budov\u00e1n\u00ed 5G s\u00edt\u00ed s Ericssonem nam\u00edsto s Huawei a jen p\u00e1r t\u00fddn\u016f po podpisu PPF ozn\u00e1mil, \u017ee chyst\u00e1 IPO a prodeje akci\u00ed CETINu na burze za v\u00edce jak 5 miliard dolar\u016f, tedy v\u00edce ne\u017e majoritn\u00ed pod\u00edl PPF v CETINu.\u00a0<strong>Byl to sign\u00e1l, \u017ee Petr Kellner v boji s Ameri\u010dany o Evropu prohr\u00e1l bitvu o 5G s\u00edt\u011b a stahuje se z telekomunika\u010dn\u00edho trhu. P\u0159inesli jsme o tom \u010dl\u00e1nek\u00a0<a href=\"https:\/\/aeronet.cz\/news\/nejprve-olivier-dassault-nyni-petr-kellner-v-breznu-s-odstupem-20-dni-zahynuli-za-zahadnych-okolnosti-dva-miliardari-ve-stejnem-typu-helikoptery-a-oba-s-napojenim-na-cinsky-telekomunikacni-gigant\/\">zde<\/a>.<\/strong><\/p>\n<h6><span style=\"font-size: 12pt;\">Sundav\u00e1n\u00ed Kon\u011bva \u0159\u00edzen\u00e9 rodinou rusofobn\u00edho diplomata bylo testovac\u00edm bal\u00f3nkem na zji\u0161t\u011bn\u00ed s\u00edly Hradu a PPF<\/span><\/h6>\n<p>Operace americk\u00e9 CIA v roce 2019 prob\u00edhala i na politick\u00e9 a mezin\u00e1rodn\u00ed \u00farovni, kdy\u017e CIA ve spolupr\u00e1ci s lidmi v okol\u00ed rodiny b\u00fdval\u00e9ho velvyslance \u010cR v USA a v Rusku Petra Kol\u00e1\u0159e zajistili odstran\u011bn\u00ed pomn\u00edku osvoboditele Prahy, mar\u0161\u00e1la Kon\u011bva.\u00a0<strong>Podle rusk\u00fdch novin\u00e1\u0159\u016f ne\u0161lo v\u016fbec o pomn\u00edk jako takov\u00fd, ale byla to zkou\u0161ka CIA, kolik sil je\u0161t\u011b zb\u00fdv\u00e1 Petru Kellnerovi a jeho PPF v kontrole proces\u016f nad politick\u00fdmi tahy v Praze.<\/strong>\u00a0A tento test potvrdil, \u017ee moc Petra Kellnera p\u016fsobit na moderaci a ochranu \u010desko-rusk\u00fdch vztah\u016f a p\u0159edev\u0161\u00edm investic PPF v Rusku, za\u010d\u00edn\u00e1 opravdu sl\u00e1bnout, proto\u017ee pomn\u00edk Kon\u011bva byl opravdu po\u010d\u00e1tkem dubna 2020 odstran\u011bn a ani protesty Pra\u017esk\u00e9ho hradu tomu u\u017e nezabr\u00e1nily.<\/p>\n<figure id=\"attachment_40415\" class=\"wp-caption aligncenter\" style=\"width: 570px;\"><a href=\"https:\/\/aeronet.cz\/news\/wp-content\/uploads\/KonevHangedCrane.jpg\"><img decoding=\"async\" loading=\"lazy\" class=\"wp-image-40415 \" src=\"https:\/\/aeronet.cz\/news\/wp-content\/uploads\/KonevHangedCrane.jpg\" sizes=\"(max-width: 1360px) 100vw, 1360px\" srcset=\"https:\/\/aeronet.cz\/news\/wp-content\/uploads\/KonevHangedCrane.jpg 1360w, https:\/\/aeronet.cz\/news\/wp-content\/uploads\/KonevHangedCrane-300x169.jpg 300w, https:\/\/aeronet.cz\/news\/wp-content\/uploads\/KonevHangedCrane-768x432.jpg 768w, https:\/\/aeronet.cz\/news\/wp-content\/uploads\/KonevHangedCrane-1024x576.jpg 1024w, https:\/\/aeronet.cz\/news\/wp-content\/uploads\/KonevHangedCrane-700x394.jpg 700w, https:\/\/aeronet.cz\/news\/wp-content\/uploads\/KonevHangedCrane-635x357.jpg 635w, https:\/\/aeronet.cz\/news\/wp-content\/uploads\/KonevHangedCrane-859x483.jpg 859w\" alt=\"\" width=\"570\" height=\"321\" \/><\/a><figcaption class=\"wp-caption-text\">Sundav\u00e1n\u00ed mar\u0161\u00e1la Kon\u011bva z podstavce a nakl\u00e1d\u00e1n\u00ed na korbu n\u00e1kla\u010f\u00e1ku<\/figcaption><\/figure>\n<p>Ihned pot\u00e9 o m\u011bs\u00edc pozd\u011bji,\u00a0<strong>v kv\u011btnu 2020, odp\u00e1lil Ond\u0159ej Kundra z Bakalova Respektu obrovskou proti-ruskou kauzu s ricinem [<a href=\"https:\/\/aeronet.cz\/news\/ricinova-afera-ruske-velvyslanectvi-v-praze-dementovalo-tvrzeni-petrickova-ministerstva-ze-pred-cca-3-tydny-priletel-z-ruska-diplomat-s-kufrikem-protoze-posledni-rusky-diplomat-do-prahy-priletel\/\">2<\/a>] a starosta Prahy 6, Ond\u0159ej Kol\u00e1\u0159, syn zm\u00edn\u011bn\u00e9ho diplomata Petra Kol\u00e1\u0159e, kter\u00fd nechal jako starosta sochu Kon\u011bva odstranit, dostal od policie ochranku<\/strong>, proto\u017ee do \u010cR pr\u00fd p\u0159ilet\u011bl pod diplomatick\u00fdm kryt\u00edm atent\u00e1tn\u00edk z Ruska, kter\u00fd si pr\u00fd p\u0159ivezl prudk\u00fd jed ricin a c\u00edlem \u00fatoku se m\u00e1 st\u00e1t pr\u00e1v\u011b Ond\u0159ej Kol\u00e1\u0159, starosta Prahy 6.<\/p>\n<p>Ochranku dostali i Pavel Novotn\u00fd, starosta z \u0158eporyj\u00ed a Zden\u011bk H\u0159ib, pra\u017esk\u00fd prim\u00e1tor. Tahle absurdn\u00ed zpravodajsk\u00e1 hra vedla k obvin\u011bn\u00ed Ruska z p\u00e1ch\u00e1n\u00ed terorismu a opozice po\u017eadovala sn\u00ed\u017een\u00ed po\u010dtu \u010dlen\u016f rusk\u00e9 ambas\u00e1dy na stejnou \u00farove\u0148, jako je \u010desk\u00fdch diplomat\u016f v Moskv\u011b. \u010cesko kv\u016fli kauze vyhostilo 2 rusk\u00e9 diplomaty a zpravodajsk\u00e1 hra CIA neusp\u011bla. Nem\u011bla o\u010dek\u00e1van\u00fd v\u00fdsledek, ten byl podle Ameri\u010dan\u016f tristn\u00ed. Dva vyho\u0161t\u011bn\u00ed diplomat\u00e9 bylo opravdu m\u00e1lo pro Ameri\u010dany.<\/p>\n<h6><span style=\"font-size: 12pt;\">Minul\u00fd rok v dubnu ricinov\u00e1 af\u00e9ra, letos v dubnu Pat a Mat ve Vrb\u011btic\u00edch. Pod ob\u011bma dubnov\u00fdmi odpaly zpravodajsk\u00fdch her proti Rusku je tent\u00fd\u017e Bakal\u016fv pl\u00e1tek<\/span><\/h6>\n<p>Stejn\u011b jako nyn\u00ed v p\u0159\u00edpad\u011b Vrb\u011btic a \u00fadajn\u00fdch rusk\u00fdch agent\u016f, tak i p\u0159ed rokem byla kauza o \u00fadajn\u00e9m rusk\u00e9m agentovi s ricinem odp\u00e1lena ze stejn\u00e9ho zdroje, tedy z Bakalova \u010dasopisu Respekt a z pera Ond\u0159eje Kundry. Vypad\u00e1 to, \u017ee americk\u00e1 CIA a Koudelkova BIS pou\u017e\u00edv\u00e1 Ond\u0159eje Kundru jako nadhazova\u010de, jeho\u017e \u00fakolem je odpalovat do informa\u010dn\u00edho prostoru Ameri\u010dany nachystan\u00e9 zpravodajsk\u00e9 hry v \u010cesk\u00e9 republice. Je\u0161t\u011b nikdy se nestalo, \u017ee by n\u011bjak\u00e1 protirusk\u00e1 kauza v \u010cR byla odp\u00e1lena v jin\u00e9m m\u00e9diu, ne\u017e je Bakal\u016fv Respekt, a od jin\u00e9ho redaktora, ne\u017e je Ond\u0159ej Kundra.<\/p>\n<p><strong>Rusov\u00e9 si toho dob\u0159e v\u0161imli a podle rusk\u00fdch novin\u00e1\u0159\u016f se jedn\u00e1 o typick\u00e9 pozn\u00e1vac\u00ed znamen\u00ed a\u00a0<em>modus operandi<\/em>\u00a0zahajov\u00e1n\u00ed zpravodajsk\u00fdch her.<\/strong>\u00a0Osv\u011bd\u010den\u00fdm a prov\u011b\u0159en\u00fdm novin\u00e1\u0159\u016fm s p\u0159\u00e1telsk\u00fdm p\u0159\u00edklonem k trans-atlantick\u00fdm vazb\u00e1m (ve Velk\u00e9 Brit\u00e1nii je to The Guardian a jeho novin\u00e1\u0159i) jsou jakoby a zd\u00e1nliv\u011b nezi\u0161tn\u011b postupov\u00e1ny p\u0159ipraven\u00e9 zpravodajsk\u00e9 hry, v tomto p\u0159\u00edpad\u011b v\u00fdhradn\u011b proti Rusk\u00e9 federaci, ale rovn\u011b\u017e i proti \u010c\u00edn\u011b. Jen\u017ee, na rozd\u00edl od roku 2020, kdy zpravodajsk\u00e1 hra CIA s ricinem neusp\u011bla, v roce 2021 je to s Vrb\u011bticemi \u00fapln\u011b jinak. N\u011bco se zm\u011bnilo, n\u011bco se stalo.<\/p>\n<p><a href=\"https:\/\/aeronet.cz\/news\/wp-content\/uploads\/RicinKundra.png\"><img decoding=\"async\" loading=\"lazy\" class=\"aligncenter wp-image-40625 \" src=\"https:\/\/aeronet.cz\/news\/wp-content\/uploads\/RicinKundra.png\" sizes=\"(max-width: 745px) 100vw, 745px\" srcset=\"https:\/\/aeronet.cz\/news\/wp-content\/uploads\/RicinKundra.png 745w, https:\/\/aeronet.cz\/news\/wp-content\/uploads\/RicinKundra-300x259.png 300w, https:\/\/aeronet.cz\/news\/wp-content\/uploads\/RicinKundra-700x604.png 700w, https:\/\/aeronet.cz\/news\/wp-content\/uploads\/RicinKundra-414x357.png 414w, https:\/\/aeronet.cz\/news\/wp-content\/uploads\/RicinKundra-560x483.png 560w\" alt=\"\" width=\"612\" height=\"528\" \/><\/a><\/p>\n<p>Zat\u00edmco kauza s ricinem nem\u011bla prakticky \u017e\u00e1dn\u00e9 dopady, zat\u00edmco Kon\u011bv\u016fv pomn\u00edk byl jen testem Ameri\u010dan\u016f na PPF a Pra\u017esk\u00fd hrad, tak naproti tomu kauza Vrb\u011btice a dvojice \u00fadajn\u00fdch agent\u016f ze Salisbury je \u00fapln\u011b jin\u00fd level. V Praze podle rusk\u00fdch novin\u00e1\u0159\u016f u\u017e nen\u00ed nikdo, kdo by \u00fa\u010dinn\u011b dok\u00e1zal blokovat kroky americk\u00fdch zpravodajc\u016f na \u010deskou vl\u00e1du. Ten hlavn\u00ed mechanismus a garant ochrany \u010desko-rusk\u00fdch vztah\u016f je toti\u017e po smrti.<\/p>\n<p><strong>Po smrti Petra Kellnera dojde podle rusk\u00fdch novin\u00e1\u0159\u016f v bl\u00edzk\u00e9 dob\u011b k prudk\u00e9 eskalaci diplomatick\u00e9 krize, na jej\u00edm\u017e konci m\u00e1 b\u00fdt podle rusk\u00e9 rozv\u011bdky pl\u00e1n CIA na p\u0159eru\u0161en\u00ed diplomatick\u00fdch styk\u016f \u010cR s Ruskem, a to poprv\u00e9 od II. sv. v\u00e1lky.<\/strong>\u00a0Z\u00e1jmy Petra Kellnera v Rusku se t\u00fdkaly ochrany mohutn\u00fdch investic PPF v t\u00e9to zemi, a proto v minulosti \u017e\u00e1dn\u00e1 proti-rusk\u00e1 agitka, krom\u011b medi\u00e1ln\u00edho \u0159evu, nem\u011bla \u017e\u00e1dn\u00e9 faktick\u00e9 dopady na ekonomickou rovinu \u010desko-rusk\u00fdch vztah\u016f. Jen\u017ee po smrti Petra Kellnera ji\u017e neexistuje v Praze \u017e\u00e1dn\u00e1 Kellnerova z\u00e1chrann\u00e1 brzda, kter\u00e1 by brzdila obrovsk\u00fd tlak americk\u00e9 CIA na p\u0159eru\u0161en\u00ed ve\u0161ker\u00fdch vazeb Prahy s Moskvou.<\/p>\n<h6><span style=\"font-size: 12pt;\">Permanent Victory a projekt Trojmo\u0159\u00ed jako kl\u00edn vra\u017een\u00fd mezi Moskvu a Berl\u00edn na blokaci Jalty 2.0 v Evrop\u011b<\/span><\/h6>\n<p><strong>Ameri\u010dan\u00e9 t\u00edm podle rusk\u00fdch novin\u00e1\u0159\u016f sleduj\u00ed pl\u00e1n na realizaci mohutn\u00e9ho projektu Trojmo\u0159\u00ed, kter\u00fd m\u00e1 vrazit kl\u00edn ze severu na jih mezi z\u00e1padn\u00ed Evropou pod velen\u00edm nov\u011b u\u017e Berl\u00edna, nikoliv Bruselu, a Ruskem.<\/strong>\u00a0Americk\u00e9 elity toto ned\u011blaj\u00ed z l\u00e1sky k zem\u00edm V\u00fdchodn\u00edho bloku, ale sna\u017e\u00ed si zachovat vliv v Evrop\u011b pot\u00e9, co N\u011bmecko a Rusko za\u010d\u00ednaj\u00ed na ekonomick\u00e9 \u00farovni spolupracovat nejen v ot\u00e1zce ekonomiky, jako jsou dod\u00e1vky rusk\u00e9ho plynu do N\u011bmecka potrub\u00edm Nord Stream 2, ale spolupracuj\u00ed i v ot\u00e1zk\u00e1ch evropsk\u00e9 bezpe\u010dnosti.<\/p>\n<p>Najednou m\u016f\u017eeme vid\u011bt situace, kdy Kreml se v ot\u00e1zce bezpe\u010dnostn\u00ed eskalace podn\u011bcovan\u00e9 na Ukrajin\u011b Ameri\u010dany obrac\u00ed o pomoc pr\u00e1v\u011b na Berl\u00edn, aby pomohl uklidnit situaci v Kyjev\u011b. N\u011bmecko je tak aktivn\u011b zapojov\u00e1no do situace na Ukrajin\u011b na popud Moskvy, a proto\u017ee Berl\u00edn je ten, kter\u00fd Kyjevu pou\u0161t\u00ed pen\u00edze z EU, tak vliv Berl\u00edna na Kyjev je opravdu zna\u010dn\u00fd.<\/p>\n<figure id=\"attachment_45906\" class=\"wp-caption aligncenter\" style=\"width: 618px;\"><a href=\"https:\/\/aeronet.cz\/news\/wp-content\/uploads\/NordStream2MapBlue.jpg\"><img decoding=\"async\" loading=\"lazy\" class=\"wp-image-45906 \" src=\"https:\/\/aeronet.cz\/news\/wp-content\/uploads\/NordStream2MapBlue.jpg\" sizes=\"(max-width: 808px) 100vw, 808px\" srcset=\"https:\/\/aeronet.cz\/news\/wp-content\/uploads\/NordStream2MapBlue.jpg 808w, https:\/\/aeronet.cz\/news\/wp-content\/uploads\/NordStream2MapBlue-300x169.jpg 300w, https:\/\/aeronet.cz\/news\/wp-content\/uploads\/NordStream2MapBlue-768x432.jpg 768w, https:\/\/aeronet.cz\/news\/wp-content\/uploads\/NordStream2MapBlue-700x393.jpg 700w, https:\/\/aeronet.cz\/news\/wp-content\/uploads\/NordStream2MapBlue-635x357.jpg 635w\" alt=\"\" width=\"618\" height=\"347\" \/><\/a><figcaption class=\"wp-caption-text\">Nord Stream 1 a 2<\/figcaption><\/figure>\n<p><strong>Americk\u00e1 CIA se tedy rozhodla destabilizovat Ukrajinu do takov\u00e9 m\u00edry, kdy Berl\u00edn u\u017e nebude m\u00edt na Kyjev vliv, proto\u017ee Kyjev po Berl\u00ednu za\u010dne r\u00e1zem nam\u00edsto pen\u011bz a EUR po\u017eadovat zbran\u011b proti Rus\u016fm a rychl\u00fd vstup do NATO, co\u017e ani jedno Berl\u00edn rozhodn\u011b Kyjevu neposkytne.<\/strong>\u00a0Ale oboj\u00ed mohou Kyjevu sl\u00edbit Ameri\u010dan\u00e9, proto\u017ee slib je nic st\u00e1t nebude. A dokonce v p\u0159\u00edpad\u011b t\u011bch zbran\u00ed ani nez\u016fstane jen u slibu, ale dod\u00e1vky zbran\u00ed z USA na Ukrajinu ji\u017e b\u011b\u017e\u00ed, v\u010detn\u011b americk\u00fdch vojensk\u00fdch poradc\u016f a ata\u0161\u00e9.<\/p>\n<p>Podle rusk\u00fdch novin\u00e1\u0159\u016f je tak sou\u010dasn\u00e1 situace na Ukrajin\u011b a situace v Praze p\u0159\u00edmo propojen\u00e1 a souvis\u00ed spolu.\u00a0<strong>Americk\u00e1 CIA toti\u017e v r\u00e1mci operace Permanent Victory zah\u00e1jila proces od\u0159ez\u00e1v\u00e1n\u00ed kontakt\u016f jednotliv\u00fdch vl\u00e1d zem\u00ed b\u00fdval\u00e9ho V\u00fdchodn\u00edho bloku od Ruska<\/strong>, aby jednotliv\u00e9 vl\u00e1dy se z\u00e1rove\u0148 odklonily ve druh\u00e9 instanci i od Berl\u00edna, kter\u00fd hodl\u00e1 spolu s Moskvou ukotvit v Evrop\u011b n\u011bco, \u010demu se \u0159\u00edk\u00e1 mezi diplomaty\u00a0<strong>Jalta 2.0<\/strong>. Toto je ozna\u010den\u00ed pro Evropu, kdy v Evrop\u011b vznikne bipol\u00e1rn\u00ed rozd\u011blen\u00ed moci mezi Evropskou uni\u00ed pod veden\u00edm Berl\u00edna a Ruskem a post-sov\u011btsk\u00fdch republik pod veden\u00edm Moskvy.<\/p>\n<figure id=\"attachment_46341\" class=\"wp-caption aligncenter\" style=\"width: 533px;\"><a href=\"https:\/\/aeronet.cz\/news\/wp-content\/uploads\/ZION_OH_2012.jpg\"><img decoding=\"async\" loading=\"lazy\" class=\"wp-image-46341 \" src=\"https:\/\/aeronet.cz\/news\/wp-content\/uploads\/ZION_OH_2012.jpg\" sizes=\"(max-width: 700px) 100vw, 700px\" srcset=\"https:\/\/aeronet.cz\/news\/wp-content\/uploads\/ZION_OH_2012.jpg 700w, https:\/\/aeronet.cz\/news\/wp-content\/uploads\/ZION_OH_2012-286x300.jpg 286w, https:\/\/aeronet.cz\/news\/wp-content\/uploads\/ZION_OH_2012-340x357.jpg 340w, https:\/\/aeronet.cz\/news\/wp-content\/uploads\/ZION_OH_2012-460x483.jpg 460w\" alt=\"\" width=\"533\" height=\"560\" \/><\/a><figcaption class=\"wp-caption-text\">Ofici\u00e1ln\u00ed logo Olympijsk\u00fdch her v Lond\u00fdn\u011b v roce 2012 neslo za\u0161ifrovan\u00e9 slovo: ZION<\/figcaption><\/figure>\n<p>Velk\u00e1 Brit\u00e1nie jako imp\u00e9rium bude z Evropy odstran\u011bno a izolov\u00e1no stejn\u011b jako USA. A partnerem Jalty 2.0 se stane \u010c\u00edna a Indie. Cel\u00fd prostor se tak rozd\u011bl\u00ed na dva ekonomick\u00e9 obry, jedn\u00edm bude Euro-Rusko a druh\u00fdm Sino-Indie. V tomto projektu p\u0159itom u\u017e nen\u00ed prostor pro USA a ani pro\u00a0<strong>Velkou Brit\u00e1nii, kter\u00e1 se stane jen nepotopitelnou letadlovou lod\u00ed Domu Sion a lond\u00fdnsk\u00e9ho City, ze kter\u00e9ho bude tento super-\u00fatvar Euroasie kontrolov\u00e1n po finan\u010dn\u00ed str\u00e1nce.<\/strong>\u00a0Britsk\u00e9 kr\u00e1lovsk\u00e9 imp\u00e9rium padne a na jeho trosk\u00e1ch vyroste celosv\u011btov\u00e9 imp\u00e9rium\u00a0<strong>Zion<\/strong>.<\/p>\n<h6><span style=\"font-size: 12pt;\">\u010cesko po smrti Petra Kellnera zm\u011bn\u00ed svoji politiku k Rusk\u00e9 federaci na \u00farove\u0148 t\u00e9 polsk\u00e9. Bude hrozit a\u017e p\u0159eru\u0161en\u00ed diplomatick\u00fdch vztahu s Ruskem, poprv\u00e9 od II. sv. v\u00e1lky<\/span><\/h6>\n<p>Podle rusk\u00fdch novin\u00e1\u0159\u016f nebyla smrt Petra Kellnera nehoda, ale jednalo se o likvidaci mocn\u00e9ho mu\u017ee, kter\u00fd v Evrop\u011b blokoval nasazov\u00e1n\u00ed likvida\u010dn\u00edch proti-rusk\u00fdch proces\u016f \u0159\u00edzen\u00ed, kter\u00e9 lze p\u0159irovnat ke kobercov\u00e9mu bombardov\u00e1n\u00ed ve\u0161ker\u00fdch investic v Rusku.\u00a0<strong>V\u0161echny investice z b\u00fdval\u00fdch zem\u00ed V\u00fdchodn\u00edho bloku v Rusk\u00e9 federaci se za\u010dnou hroutit a m\u011bnit majitele, Rusko za\u010dne b\u00fdt od\u0159ez\u00e1v\u00e1no ze strany b\u00fdval\u00fdch zem\u00ed V\u00fdchodn\u00edho bloku<\/strong>, pod obrovsk\u00fdm tlakem Ameri\u010dan\u016f a CIA budou vl\u00e1dy t\u011bchto zem\u00ed vyho\u0161\u0165ovat rusk\u00e9 diplomaty, vl\u00e1dy budou obvi\u0148ovat Rusko z t\u011bch nejohavn\u011bj\u0161\u00edch \u010din\u016f, z terorismu, z \u00fatok\u016f chemick\u00fdmi zbran\u011bmi, v v\u00e1le\u010dn\u00fdch akt\u016f, co\u017e povede k tak mohutn\u00e9 eskalaci krize, \u017ee jednotliv\u00e1 vyho\u0161\u0165ov\u00e1n\u00ed diplomat\u016f povedou nakonec k vy\u010derp\u00e1n\u00ed v\u0161ech diplomat\u016f a k ukon\u010den\u00ed diplomatick\u00fdch styk\u016f. A p\u0159esn\u011b toto pr\u00e1v\u011b v t\u00e9to chv\u00edli po\u017eaduje opozice v poslaneck\u00e9 sn\u011bmovn\u011b v \u010cR.<\/p>\n<figure id=\"attachment_41269\" class=\"wp-caption aligncenter\" style=\"width: 459px;\"><a href=\"https:\/\/aeronet.cz\/news\/wp-content\/uploads\/KolarRicin.jpeg\"><img decoding=\"async\" loading=\"lazy\" class=\"wp-image-41269 \" src=\"https:\/\/aeronet.cz\/news\/wp-content\/uploads\/KolarRicin-1024x493.jpeg\" sizes=\"(max-width: 700px) 100vw, 700px\" srcset=\"https:\/\/aeronet.cz\/news\/wp-content\/uploads\/KolarRicin-1024x493.jpeg 1024w, https:\/\/aeronet.cz\/news\/wp-content\/uploads\/KolarRicin-300x144.jpeg 300w, https:\/\/aeronet.cz\/news\/wp-content\/uploads\/KolarRicin-768x370.jpeg 768w, https:\/\/aeronet.cz\/news\/wp-content\/uploads\/KolarRicin-700x337.jpeg 700w, https:\/\/aeronet.cz\/news\/wp-content\/uploads\/KolarRicin-742x357.jpeg 742w, https:\/\/aeronet.cz\/news\/wp-content\/uploads\/KolarRicin-1004x483.jpeg 1004w, https:\/\/aeronet.cz\/news\/wp-content\/uploads\/KolarRicin.jpeg 1498w\" alt=\"\" width=\"459\" height=\"221\" \/><\/a><figcaption class=\"wp-caption-text\">Ond\u0159ej Kol\u00e1\u0159, starosta Prahy 6 za TOP 09<\/figcaption><\/figure>\n<p><strong>Poslanci Demobloku po\u017eaduj\u00ed sn\u00ed\u017een\u00ed po\u010dtu rusk\u00fdch diplomat\u016f v \u010cR o n\u011bkolik des\u00edtek [<a href=\"https:\/\/href.li\/?https:\/\/www.idnes.cz\/zpravy\/domaci\/snemovna-kauza-vrbetice-gru-vyhosteni-ceskych-diplomatu.A210420_061013_domaci_kop\" target=\"_blank\" rel=\"nofollow noopener\">3<\/a>], p\u0159i\u010dem\u017e v Rusku je v t\u00e9to chv\u00edli ji\u017e jenom 5 kari\u00e9rn\u00edch \u010desk\u00fdch diplomat\u016f, v\u010detn\u011b velvyslance V\u00edt\u011bzslava Pivo\u0148ky.<\/strong>\u00a0Pokud by Praha donutila Moskvu sn\u00ed\u017eit po\u010det sv\u00fdch diplomat\u016f v \u010cR, pokud by to bylo sn\u00ed\u017een\u00ed dokonce formou vypov\u011bzen\u00ed diplomat\u016f a zm\u011bnou kv\u00f3t bez souhlasu Moskvy, vedlo by to k odvet\u011b a k odvol\u00e1n\u00ed v\u0161ech diplomat\u016f \u010cR z Ruska.<\/p>\n<p><strong>\u010cesko by t\u00edm p\u0159eru\u0161ilo diplomatick\u00e9 styky s Ruskem poprv\u00e9 od II. sv. v\u00e1lky a \u010desk\u00e9 investice, podniky a lid\u00e9 by nem\u011bli v Rusku nikoho, na koho by se mohli obracet.<\/strong>\u00a0Odvetou by bylo vyho\u0161t\u011bn\u00ed v\u0161ech rusk\u00fdch diplomat\u016f z Prahy a ukon\u010den\u00ed diplomatick\u00fdch styk\u016f s Ruskem. Takhle daleko by situace nikdy nedo\u0161la, kdyby Petr Kellner byl st\u00e1le na\u017eivu. Proto\u017ee tato eskalace a likvidace \u010desko-rusk\u00fdch vztah\u016f zas\u00e1hne v prvn\u00ed a v hlavn\u00ed \u0159ad\u011b pr\u00e1v\u011b PPF a jejich investice v Rusku.<\/p>\n<h6><span style=\"font-size: 12pt;\">Na Slovensku Ameri\u010dan\u00e9 odstranili premi\u00e9ra Matovi\u010de pot\u00e9, co bez dovolen\u00ed americk\u00e9ho velvyslanectv\u00ed v Bratislav\u011b vyrazil na \u201ckonzultace\u201d do Moskvy a p\u0159ivezl odtamtud vakc\u00edny Sputnik<\/span><\/h6>\n<p>Ameri\u010dan\u00e9 stejnou operaci provedli p\u0159ed p\u00e1r t\u00fddny na Slovensku, kde podle rusk\u00fdch novin\u00e1\u0159\u016f zasahovala p\u0159\u00edmo americk\u00e1 ambas\u00e1da v Bratislav\u011b proti Igoru Matovi\u010dovi a jeho pl\u00e1nu o\u010dkovat Slov\u00e1ky ruskou vakc\u00ednou Sputnik. Ameri\u010dan\u00e9 dali podle rusk\u00fdch novin\u00e1\u0159\u016f povel k odstran\u011bn\u00ed Igora Matovi\u010de p\u0159\u00edmo z Langley, z centr\u00e1ly CIA ve Virginii.<\/p>\n<p><strong>Pou\u017eit\u00ed vakc\u00edny Sputnik by velmi z\u00e1sadn\u011b zm\u011bnilo slovensk\u00e9 a politick\u00e9 m\u00edn\u011bn\u00ed o Rusku, a to vzhledem k \u00fa\u010dinnosti a minim\u00e1ln\u00edm vedlej\u0161\u00edm \u00fa\u010dink\u016fm vakc\u00edny<\/strong>, na rozd\u00edl od vakc\u00edn americk\u00fdch a britsk\u00fdch, kter\u00e9 hromadn\u011b zab\u00edj\u00ed d\u016fchodce vyvol\u00e1v\u00e1n\u00edm tvorby krevn\u00edch sra\u017eenin. Ov\u0161em pokud jde o \u010cR, bez Petra Kellnera nen\u00ed v Praze u\u017e nikdo, kdo by americk\u00e9 zpravodajce dok\u00e1zal izolovat a blokovat n\u00e1sledky jejich provokac\u00ed a zpravodajsk\u00fdch her. Pra\u017esk\u00fd hrad se v t\u00e9to kauze Vrb\u011btic uk\u00e1zal bez Petra Kellnera jako naprosto bezzub\u00fd a slab\u00fd Milo\u0161 Zeman se ani nevzmohl na odpor.<\/p>\n<figure id=\"attachment_45529\" class=\"wp-caption aligncenter\" style=\"width: 510px;\"><a href=\"https:\/\/aeronet.cz\/news\/wp-content\/uploads\/SputnikBA.jpg\"><img decoding=\"async\" loading=\"lazy\" class=\"wp-image-45529 \" src=\"https:\/\/aeronet.cz\/news\/wp-content\/uploads\/SputnikBA.jpg\" sizes=\"(max-width: 960px) 100vw, 960px\" srcset=\"https:\/\/aeronet.cz\/news\/wp-content\/uploads\/SputnikBA.jpg 960w, https:\/\/aeronet.cz\/news\/wp-content\/uploads\/SputnikBA-300x200.jpg 300w, https:\/\/aeronet.cz\/news\/wp-content\/uploads\/SputnikBA-768x512.jpg 768w, https:\/\/aeronet.cz\/news\/wp-content\/uploads\/SputnikBA-700x467.jpg 700w, https:\/\/aeronet.cz\/news\/wp-content\/uploads\/SputnikBA-536x357.jpg 536w, https:\/\/aeronet.cz\/news\/wp-content\/uploads\/SputnikBA-725x483.jpg 725w\" alt=\"\" width=\"510\" height=\"340\" \/><\/a><figcaption class=\"wp-caption-text\">Igor Matovi\u010d p\u0159ed bednami s vakc\u00ednami Sputnik na ko\u0161ick\u00e9m leti\u0161ti. Tato z\u00e1silka ho st\u00e1la k\u0159eslo premi\u00e9ra.<\/figcaption><\/figure>\n<p>Lid\u00e9 okolo Petra Kellnera s napojen\u00edm na Rusko a \u010c\u00ednu jsou nyn\u00ed v podstat\u011b bez ochrany a bez v\u016fdce.\u00a0<strong>Podle rusk\u00fdch novin\u00e1\u0159\u016f proto smrt Petra Kellnera nebyla nehodou, ale jednalo se o atent\u00e1t proveden\u00fd americkou \u00dast\u0159edn\u00ed zpravodajskou slu\u017ebou (CIA) se stejn\u00fdm rukopisem, jako byla smrt francouzsk\u00e9ho miliard\u00e1\u0159e a podnikatele v leteck\u00e9m a zbrojn\u00edm pr\u016fmyslu Oliviera Dassaulta<\/strong>, kter\u00fd rovn\u011b\u017e zahynul v helikopt\u00e9\u0159e, a ve stejn\u00e9m typu helikopt\u00e9ry jako Petr Kellner, a stejn\u011b jako oba dva m\u011bli \u00fazk\u00e9 obchodn\u00ed vazby na \u010d\u00ednsk\u00fd telekomunika\u010dn\u00ed gigant Huawei. O t\u00e9to vazb\u011b jsme psali i u n\u00e1s\u00a0<strong>[<a href=\"https:\/\/aeronet.cz\/news\/nejprve-olivier-dassault-nyni-petr-kellner-v-breznu-s-odstupem-20-dni-zahynuli-za-zahadnych-okolnosti-dva-miliardari-ve-stejnem-typu-helikoptery-a-oba-s-napojenim-na-cinsky-telekomunikacni-gigant\/\">4<\/a>]<\/strong>. Ve chv\u00edli, kdy nen\u00ed od Kellnerovy smrti v Praze nikdo, kdo by blokoval americk\u00e9 proti-rusk\u00e9 procesy, se d\u00e1 o\u010dek\u00e1vat pouze pokra\u010duj\u00edc\u00ed a hlubok\u00e1 eskalace vz\u00e1jemn\u00fdch diplomatick\u00fdch, ale zejm\u00e9na ekonomicko-finan\u010dn\u00edch vztah\u016f mezi ob\u011bma zem\u011bmi, uzav\u00edraj\u00ed ru\u0161t\u00ed novin\u00e1\u0159i pro n\u00e1\u0161 server.<\/p>\n<h6><span style=\"font-size: 12pt;\">Dostavba Dukovan bez Rosatomu v podstat\u011b kon\u010d\u00ed, ostatn\u00ed uchaze\u010di v tendru nespl\u0148uj\u00ed po\u017eadavky \u010cEZu. Ameri\u010dan\u016fm to nevad\u00ed, nehraje se o jaderku, hraje se o Trojmo\u0159\u00ed<\/span><\/h6>\n<p>Ano, protirusk\u00e9 hry se v \u010cR objevuj\u00ed v posledn\u00ed dob\u011b ka\u017ed\u00fd rok, ale \u017e\u00e1dn\u00e1 z nich nem\u011bla razanci a gradaci takovou, jako sou\u010dasn\u00e1 bizarn\u00ed akce se dv\u011bma \u00fadajn\u00fdmi rusk\u00fdmi agenty, kte\u0159\u00ed svoj\u00ed ne\u0161ikovnost\u00ed p\u0159ipom\u00ednaj\u00ed postavi\u010dky Pata a Mata.\u00a0<strong>Rosatom byl p\u0159ed n\u011bkolika hodinami odstaven \u010deskou vl\u00e1dou od dostavby Dukovan, \u010de\u0161t\u00ed poslanci po\u017eaduj\u00ed vyho\u0161t\u011bn\u00ed des\u00edtek rusk\u00fdch diplomat\u016f, aby do\u0161lo ke sn\u00ed\u017een\u00ed jejich po\u010dtu na \u00farove\u0148 \u010desk\u00fdch diplomat\u016f v Rusku<\/strong>, dal\u0161\u00ed poslanci po\u017eaduj\u00ed, aby Rusko zaplatilo n\u00e1hrady \u0161kod za exploze ve Vrb\u011btic\u00edch a za \u00famrt\u00ed dvou lid\u00ed, a to p\u0159esto, \u017ee ani Rusko, ani \u010desk\u00e1 ve\u0159ejnost nikdy nespat\u0159\u00ed \u017e\u00e1dn\u00e9 d\u016fkazy, jak uvedla Koudelkova BIS s odkazem na to, \u017ee jde o tajn\u00e9 materi\u00e1ly, kter\u00e9 se nepublikuj\u00ed.<\/p>\n<figure id=\"attachment_45899\" class=\"wp-caption aligncenter\" style=\"width: 561px;\"><a href=\"https:\/\/aeronet.cz\/news\/wp-content\/uploads\/jaderna_elektrarna_Dukovany1280.jpg\"><img decoding=\"async\" loading=\"lazy\" class=\"wp-image-45899 \" src=\"https:\/\/aeronet.cz\/news\/wp-content\/uploads\/jaderna_elektrarna_Dukovany1280-1024x576.jpg\" sizes=\"(max-width: 700px) 100vw, 700px\" srcset=\"https:\/\/aeronet.cz\/news\/wp-content\/uploads\/jaderna_elektrarna_Dukovany1280-1024x576.jpg 1024w, https:\/\/aeronet.cz\/news\/wp-content\/uploads\/jaderna_elektrarna_Dukovany1280-300x169.jpg 300w, https:\/\/aeronet.cz\/news\/wp-content\/uploads\/jaderna_elektrarna_Dukovany1280-768x432.jpg 768w, https:\/\/aeronet.cz\/news\/wp-content\/uploads\/jaderna_elektrarna_Dukovany1280-700x394.jpg 700w, https:\/\/aeronet.cz\/news\/wp-content\/uploads\/jaderna_elektrarna_Dukovany1280-635x357.jpg 635w, https:\/\/aeronet.cz\/news\/wp-content\/uploads\/jaderna_elektrarna_Dukovany1280-859x483.jpg 859w, https:\/\/aeronet.cz\/news\/wp-content\/uploads\/jaderna_elektrarna_Dukovany1280.jpg 1280w\" alt=\"\" width=\"561\" height=\"316\" \/><\/a><figcaption class=\"wp-caption-text\">JE Dukovany<\/figcaption><\/figure>\n<p>Podle posledn\u00edch informac\u00ed v dostavb\u011b Dukovan nespl\u0148uj\u00ed zb\u00fdvaj\u00edc\u00ed kandid\u00e1ti po\u017eadavky \u010cEZu, tedy zadavatele stavby, tak\u017ee tendr se nakonec mo\u017en\u00e1 zru\u0161\u00ed\u00a0<strong>[<a href=\"https:\/\/href.li\/?https:\/\/www.novinky.cz\/domaci\/clanek\/dukovansky-tendr-bez-rosatomu-konci-politici-to-nepriznaji-rika-expert-snobr-40357517\" target=\"_blank\" rel=\"nofollow noopener\">5<\/a>]<\/strong>, stejn\u011b jako se v roce 2013, po p\u00e1du Ne\u010dasovy vl\u00e1dy, ze stejn\u00e9ho d\u016fvodu zru\u0161ila i dostavba Temel\u00edna.\u00a0<strong>Tehdy tak\u00e9 skon\u010dil premi\u00e9r Petr Ne\u010das, proto\u017ee p\u0159i n\u00e1v\u0161t\u011bv\u011b Moskvy \u0159ekl, \u017ee rusko-\u010desk\u00e9 konsorcium Atomstrojexport m\u00e1 nejlep\u0161\u00ed nab\u00eddku, nejlep\u0161\u00ed offsetov\u00e9 nab\u00eddky a nejlep\u0161\u00ed pozici na v\u00fdhru v tendru.<\/strong>\u00a0A hned pot\u00e9 se na \u00da\u0159adu vl\u00e1dy objevila z\u00e1sahovka, plukovn\u00edci a premi\u00e9r byl sest\u0159elen, kv\u016fli kabelk\u00e1m a \u017e\u00e1rlivosti milenky.<\/p>\n<h6><span style=\"font-size: 12pt;\">Pokud se rychle nezacel\u00ed mocensk\u00e1 d\u00edra v PPF po smrti Petra Kellnera, bude \u010ceskou republiku \u010dekat proces polandizace zahrani\u010dn\u00ed politiky<\/span><\/h6>\n<p>Stejn\u011b jako na Slovensku, kdy\u017e se tam objevil Sputnik, tak Ameri\u010dan\u00e9 nechali sest\u0159elit premi\u00e9ra, kter\u00fd si dovolil do zem\u011b p\u0159iv\u00e9zt 2 miliony d\u00e1vek bez souhlasu americk\u00e9ho velvyslanectv\u00ed v Bratislav\u011b, kter\u00e9 dod\u00e1vku slovensk\u00e9 vl\u00e1d\u011b neschv\u00e1lilo.\u00a0<strong>Vysoce neobl\u00edben\u00fd Igor Matovi\u010d cht\u011bl rychlou vakc\u00ednu, a jedin\u00e1 rychl\u00e1 vakc\u00edna byla z Ruska. T\u00edm ale proti sob\u011b postavil velice mocnou americkou ambas\u00e1du v Bratislav\u011b a na n\u00ed t\u011bsn\u011b napojen\u00e1 s\u00f3ro\u0161ovsk\u00e1 m\u00e9dia<\/strong>, kter\u00e1 za\u010dala do t\u00e9 doby milovan\u00e9ho Igora Matovi\u010de cupovat a trhat na kusy jako vztekl\u00ed psi. Jakmile s\u00e1hl po rusk\u00e9 vakc\u00edn\u011b, byl zlikvidov\u00e1n jako Petr Ne\u010das v roce 2013.<\/p>\n<figure id=\"attachment_46334\" class=\"wp-caption aligncenter\" style=\"width: 513px;\"><a href=\"https:\/\/aeronet.cz\/news\/wp-content\/uploads\/KellnerHeliWreckage.jpg\"><img decoding=\"async\" loading=\"lazy\" class=\"wp-image-46334 \" src=\"https:\/\/aeronet.cz\/news\/wp-content\/uploads\/KellnerHeliWreckage-1024x683.jpg\" sizes=\"(max-width: 700px) 100vw, 700px\" srcset=\"https:\/\/aeronet.cz\/news\/wp-content\/uploads\/KellnerHeliWreckage-1024x683.jpg 1024w, https:\/\/aeronet.cz\/news\/wp-content\/uploads\/KellnerHeliWreckage-300x200.jpg 300w, https:\/\/aeronet.cz\/news\/wp-content\/uploads\/KellnerHeliWreckage-768x512.jpg 768w, https:\/\/aeronet.cz\/news\/wp-content\/uploads\/KellnerHeliWreckage-700x467.jpg 700w, https:\/\/aeronet.cz\/news\/wp-content\/uploads\/KellnerHeliWreckage-536x357.jpg 536w, https:\/\/aeronet.cz\/news\/wp-content\/uploads\/KellnerHeliWreckage-725x483.jpg 725w, https:\/\/aeronet.cz\/news\/wp-content\/uploads\/KellnerHeliWreckage.jpg 1599w\" alt=\"\" width=\"513\" height=\"342\" \/><\/a><figcaption class=\"wp-caption-text\">Skut\u00e1len\u00e1 helikopt\u00e9ra Petra Kellnera na m\u00edst\u011b hav\u00e1rie na ledovci Knik na Alja\u0161ce<\/figcaption><\/figure>\n<p>Je proto jasn\u00e9, \u017ee smrt Petra Kellnera na Alja\u0161ce bude m\u00edt katastrof\u00e1ln\u00ed dopady na mocensk\u00e9 procesy v Praze. M\u016f\u017ee to b\u00fdt jen kr\u00e1tkodob\u00e1 v\u00fdchylka, ne\u017e se stabilizuje situace v PPF a dojde k obnov\u011b moci nad Prahou,\u00a0<strong>ale tak\u00e9 se to nemus\u00ed pov\u00e9st a \u010ceskou republiku potk\u00e1 d\u011bsiv\u00fd osud polandizace zahrani\u010dn\u00ed politiky<\/strong>, tedy model zahrani\u010dn\u00ed politiky zem\u011b, kter\u00e1 je zcela odd\u00e1na USA na stran\u011b jedn\u00e9 a pln\u00e1 nen\u00e1visti a zla proti Rusku na stran\u011b druh\u00e9. Budeme si muset po\u010dkat, jestli se PPF poda\u0159\u00ed nahradit tu obrovskou d\u00edru v mocensk\u00e9m \u00fachopu nad Prahou po smrti Petra Kellnera.<\/p>\n<p>-VK- \u0160\u00e9fredaktor AE News<\/p>\n<p><a href=\"https:\/\/aeronet.cz\/news\/rusky-zdroj-americane-tlaci-na-prahu-aby-cr-uplne-prerusila-diplomaticke-styky-s-ruskou-federaci-zaukolovali-tim-ceskou-opozici-po-smrti-petra-kellnera-ktery-jako-posledni-blokoval-americany\/\">ZDROJ<\/a><\/p>\n<p>&nbsp;<\/p>\n","protected":false},"excerpt":{"rendered":"<p>Rusk\u00fd zdroj: Ameri\u010dan\u00e9 tla\u010d\u00ed na Prahu, aby \u010cR \u00fapln\u011b p\u0159eru\u0161ila diplomatick\u00e9 styky s Ruskou federac\u00ed,&#8230;<\/p>\n","protected":false},"author":2,"featured_media":1015,"comment_status":"closed","ping_status":"closed","sticky":false,"template":"","format":"standard","meta":[],"categories":[6],"tags":[126,161,146,143,162,163,22,37],"_links":{"self":[{"href":"https:\/\/www.infokuryr.cz\/n\/wp-json\/wp\/v2\/posts\/1014"}],"collection":[{"href":"https:\/\/www.infokuryr.cz\/n\/wp-json\/wp\/v2\/posts"}],"about":[{"href":"https:\/\/www.infokuryr.cz\/n\/wp-json\/wp\/v2\/types\/post"}],"author":[{"embeddable":true,"href":"https:\/\/www.infokuryr.cz\/n\/wp-json\/wp\/v2\/users\/2"}],"replies":[{"embeddable":true,"href":"https:\/\/www.infokuryr.cz\/n\/wp-json\/wp\/v2\/comments?post=1014"}],"version-history":[{"count":0,"href":"https:\/\/www.infokuryr.cz\/n\/wp-json\/wp\/v2\/posts\/1014\/revisions"}],"wp:featuredmedia":[{"embeddable":true,"href":"https:\/\/www.infokuryr.cz\/n\/wp-json\/wp\/v2\/media\/1015"}],"wp:attachment":[{"href":"https:\/\/www.infokuryr.cz\/n\/wp-json\/wp\/v2\/media?parent=1014"}],"wp:term":[{"taxonomy":"category","embeddable":true,"href":"https:\/\/www.infokuryr.cz\/n\/wp-json\/wp\/v2\/categories?post=1014"},{"taxonomy":"post_tag","embeddable":true,"href":"https:\/\/www.infokuryr.cz\/n\/wp-json\/wp\/v2\/tags?post=1014"}],"curies":[{"name":"wp","href":"https:\/\/api.w.org\/{rel}","templated":true}]}}