{"id":101395,"date":"2026-03-09T00:35:45","date_gmt":"2026-03-08T23:35:45","guid":{"rendered":"https:\/\/www.infokuryr.cz\/n\/?p=101395"},"modified":"2026-03-08T18:49:19","modified_gmt":"2026-03-08T17:49:19","slug":"trump-se-zucastnil-prevozu-tel-prvnich-obeti-valky-v-iranu-v-golfove-cepici-s-americkou-vlajkou","status":"publish","type":"post","link":"https:\/\/www.infokuryr.cz\/n\/2026\/03\/09\/trump-se-zucastnil-prevozu-tel-prvnich-obeti-valky-v-iranu-v-golfove-cepici-s-americkou-vlajkou\/","title":{"rendered":"Trump se z\u00fa\u010dastnil p\u0159evozu t\u011bl prvn\u00edch ob\u011bt\u00ed v\u00e1lky v \u00cdr\u00e1nu v golfov\u00e9 \u010depici s americkou vlajkou"},"content":{"rendered":"<div id=\"fb-root\"><\/div>\n<p class=\"lead\"><strong><span dir=\"auto\">Americk\u00fd prezident Donald Trump se podle britsk\u00e9ho den\u00edku The Guardian z\u00fa\u010dastnil ceremoni\u00e1lu v Doveru v Delaware, kde p\u0159edal t\u011bla americk\u00fdch voj\u00e1k\u016f padl\u00fdch v Kataru b\u011bhem \u00edr\u00e1nsk\u00e9 kampan\u011b.<\/span><\/strong><\/p>\n<p><span dir=\"auto\">\u201eDonald Trump se v sobotu p\u0159ipojil k rodin\u00e1m \u0161esti americk\u00fdch voj\u00e1k\u016f padl\u00fdch ve v\u00e1lce na Bl\u00edzk\u00e9m v\u00fdchod\u011b b\u011bhem d\u016fstojn\u00e9ho p\u0159ed\u00e1v\u00e1n\u00ed poz\u016fstalost\u00ed na leteck\u00e9 z\u00e1kladn\u011b v Doveru. \u201aD\u016fstojn\u00e9 p\u0159ed\u00e1n\u00ed\u2018 je vr\u00e1cen\u00ed ostatk\u016f americk\u00fdch voj\u00e1k\u016f padl\u00fdch v boji do Spojen\u00fdch st\u00e1t\u016f,\u201c p\u00ed\u0161e list.<\/span><\/p>\n<p><span dir=\"auto\">\u0160est americk\u00fdch voj\u00e1k\u016f bylo zabito p\u0159i \u00fatoku \u00edr\u00e1nsk\u00e9ho dronu na americkou vojenskou z\u00e1kladnu v Kuvajtu. V\u0161ichni poch\u00e1zeli ze 103. velitelstv\u00ed podpory se s\u00eddlem v Iow\u011b, kter\u00e9 dod\u00e1v\u00e1 potraviny, palivo, vodu, munici, dopravn\u00ed prost\u0159edky a dal\u0161\u00ed z\u00e1soby, uvedla agentura Associated Press. Zem\u0159eli den pot\u00e9, co USA a Izrael zah\u00e1jily vojenskou kampa\u0148 proti \u00cdr\u00e1nu.<\/span><\/p>\n<p><em><span dir=\"auto\">\u201eP\u0159echod je pova\u017eov\u00e1n za jednu z nejpochmurn\u011bj\u0161\u00edch povinnost\u00ed jak\u00e9hokoli vrchn\u00edho velitele. B\u011bhem sobotn\u00ed akce m\u011bl prezident na sob\u011b golfovou \u010depici s Trumpov\u00fdm n\u00e1pisem \u201eUSA\u201c. B\u011bhem cel\u00e9ho procesu nebyly povoleny mobiln\u00ed telefony&#8230; Krom\u011b prezidenta bylo p\u0159\u00edtomno i n\u011bkolik \u010dlen\u016f jeho kabinetu, v\u010detn\u011b viceprezidenta\u00a0J.\u00a0<\/span><strong><span dir=\"auto\">D. Vance<\/span><\/strong><span dir=\"auto\">\u00a0, ministra obrany\u00a0<\/span><strong><span dir=\"auto\">Peta Hegsetha , gener\u00e1ln\u00ed prokur\u00e1torky\u00a0<\/span><\/strong><strong><span dir=\"auto\">Pam Bondi<\/span><\/strong><span dir=\"auto\">\u00a0a dal\u0161\u00edch.\u201c<\/span><span class=\"after-quote\"><span dir=\"auto\">\u00a0\u2014 uv\u00e1d\u00ed publikace.<\/span><\/span><\/em><\/p>\n<p><span dir=\"auto\">Rodiny padl\u00fdch se z\u00fa\u010dastnily ob\u0159adu. B\u011bhem n\u011bj byly krabice zahalen\u00e9 americk\u00fdmi vlajkami s ostatky voj\u00e1k\u016f, doru\u010den\u00fdmi vojensk\u00fdmi letadly, p\u0159elo\u017eeny do transportn\u00edho vozu, kter\u00fd je p\u0159eprav\u00ed do m\u00e1rnice na z\u00e1kladn\u011b.<\/span><\/p>\n<p><span dir=\"auto\">Jak uvedla m\u00e9dia<\/span><span dir=\"auto\">, USA ji\u017e p\u0159i \u00edr\u00e1nsk\u00e9 kampani \u00fadajn\u011b ztratily \u0161est voj\u00e1k\u016f. <\/span><a href=\"https:\/\/eadaily.com\/ru\/news\/2026\/03\/03\/poteri-ssha-v-iranskoy-kampanii-rastut\" target=\"_blank\" rel=\"noopener\"><span dir=\"auto\">Informoval o<\/span><\/a><span dir=\"auto\"> tom den\u00edk The Washington Post. Ka\u017edop\u00e1dn\u011b ztr\u00e1ty jsou ji\u017e v\u011bt\u0161\u00ed, nejsou ale ve\u0159ejnosti poskytovan\u00e9 a na ve\u0161ker\u00e9 informace o padl\u00fdch a ztr\u00e1t\u00e1ch je uvalen\u00e9 informa\u010dn\u00ed embargo.\u00a0<\/span><\/p>\n<p><img decoding=\"async\" loading=\"lazy\" class=\"alignnone size-full wp-image-1185\" src=\"http:\/\/www.infokuryr.cz\/n\/wp-content\/uploads\/2021\/04\/kuryr-podpis.png\" alt=\"\" width=\"84\" height=\"24\" \/><\/p>\n<p>&nbsp;<\/p>\n<p>&nbsp;<\/p>\n","protected":false},"excerpt":{"rendered":"<p>Americk\u00fd prezident Donald Trump se podle britsk\u00e9ho den\u00edku The Guardian z\u00fa\u010dastnil ceremoni\u00e1lu v Doveru v&#8230;<\/p>\n","protected":false},"author":2,"featured_media":101396,"comment_status":"closed","ping_status":"closed","sticky":false,"template":"","format":"standard","meta":[],"categories":[7],"tags":[898,1487,452,37],"_links":{"self":[{"href":"https:\/\/www.infokuryr.cz\/n\/wp-json\/wp\/v2\/posts\/101395"}],"collection":[{"href":"https:\/\/www.infokuryr.cz\/n\/wp-json\/wp\/v2\/posts"}],"about":[{"href":"https:\/\/www.infokuryr.cz\/n\/wp-json\/wp\/v2\/types\/post"}],"author":[{"embeddable":true,"href":"https:\/\/www.infokuryr.cz\/n\/wp-json\/wp\/v2\/users\/2"}],"replies":[{"embeddable":true,"href":"https:\/\/www.infokuryr.cz\/n\/wp-json\/wp\/v2\/comments?post=101395"}],"version-history":[{"count":0,"href":"https:\/\/www.infokuryr.cz\/n\/wp-json\/wp\/v2\/posts\/101395\/revisions"}],"wp:featuredmedia":[{"embeddable":true,"href":"https:\/\/www.infokuryr.cz\/n\/wp-json\/wp\/v2\/media\/101396"}],"wp:attachment":[{"href":"https:\/\/www.infokuryr.cz\/n\/wp-json\/wp\/v2\/media?parent=101395"}],"wp:term":[{"taxonomy":"category","embeddable":true,"href":"https:\/\/www.infokuryr.cz\/n\/wp-json\/wp\/v2\/categories?post=101395"},{"taxonomy":"post_tag","embeddable":true,"href":"https:\/\/www.infokuryr.cz\/n\/wp-json\/wp\/v2\/tags?post=101395"}],"curies":[{"name":"wp","href":"https:\/\/api.w.org\/{rel}","templated":true}]}}