{"id":101389,"date":"2026-03-09T00:31:03","date_gmt":"2026-03-08T23:31:03","guid":{"rendered":"https:\/\/www.infokuryr.cz\/n\/?p=101389"},"modified":"2026-03-08T18:33:03","modified_gmt":"2026-03-08T17:33:03","slug":"iran-utoci-na-nervovy-system-americke-projekce-moci","status":"publish","type":"post","link":"https:\/\/www.infokuryr.cz\/n\/2026\/03\/09\/iran-utoci-na-nervovy-system-americke-projekce-moci\/","title":{"rendered":"\u00cdr\u00e1n \u00fato\u010d\u00ed na nervov\u00fd syst\u00e9m americk\u00e9 projekce moci"},"content":{"rendered":"<div id=\"fb-root\"><\/div>\n<p><span dir=\"auto\">Abychom pochopili sou\u010dasnou eskalaci na Bl\u00edzk\u00e9m v\u00fdchod\u011b, mus\u00edme se nejprve zastavit. V na\u0161ich z\u00e1padn\u00edch m\u00e9di\u00edch st\u00e1le dominuje zn\u00e1m\u00fd narativ: Spojen\u00e9 st\u00e1ty a Izrael \u00fato\u010d\u00ed na \u00edr\u00e1nsk\u00e9 vojensk\u00e9 kapacity, zat\u00edmco Teher\u00e1n reaguje raketami a drony. Z\u00e1v\u011br pak obvykle b\u00fdv\u00e1 takov\u00fd, \u017ee \u00cdr\u00e1n je vojensky oslaben.<\/span><\/p>\n<p><span dir=\"auto\">Tato perspektiva v\u0161ak opom\u00edj\u00ed kl\u00ed\u010dov\u00fd bod. \u00cdr\u00e1nsk\u00e1 strategie se z\u0159ejm\u011b prim\u00e1rn\u011b nezam\u011b\u0159uje na p\u0159\u00edmou vojenskou konfrontaci. Teher\u00e1n se sp\u00ed\u0161e sna\u017e\u00ed zd\u016fraznit struktur\u00e1ln\u00ed slabiny americk\u00e9 vojensk\u00e9 architektury na Bl\u00edzk\u00e9m v\u00fdchod\u011b.<\/span><\/p>\n<p><span dir=\"auto\">Pr\u00e1v\u011b zde le\u017e\u00ed strategick\u00e9 j\u00e1dro sou\u010dasn\u00fdch operac\u00ed. Modern\u00ed vojensk\u00e9 syst\u00e9my ji\u017e nefunguj\u00ed jako izolovan\u00e9 zbra\u0148ov\u00e9 platformy, ale jako komplexn\u00ed s\u00edt\u011b senzor\u016f, komunika\u010dn\u00edch syst\u00e9m\u016f a zachycovac\u00edch syst\u00e9m\u016f. Nap\u0159\u00edklad syst\u00e9my protiraketov\u00e9 obrany jsou bez radar\u016f a senzor\u016f v\u010dasn\u00e9ho varov\u00e1n\u00ed do zna\u010dn\u00e9 m\u00edry slep\u00e9. Pokud jsou tyto komponenty po\u0161kozeny nebo zni\u010deny, cel\u00fd syst\u00e9m ztr\u00e1c\u00ed svou opera\u010dn\u00ed efektivitu.<\/span><\/p>\n<p><span dir=\"auto\">V t\u00e9to souvislosti se \u00edr\u00e1nsk\u00fd p\u0159\u00edstup jev\u00ed mnohem racion\u00e1ln\u011bj\u0161\u00ed, ne\u017e se \u010dasto prezentuje. Teher\u00e1n st\u00e1le v\u00edce zam\u011b\u0159uje sv\u00e9 \u00fatoky na senzorick\u00e9 a infrastrukturn\u00ed aspekty americk\u00e9 vojensk\u00e9 p\u0159\u00edtomnosti. To zahrnuje zejm\u00e9na:<\/span><\/p>\n<p><strong><span dir=\"auto\">\u2022\u00a0\u00a0<\/span><\/strong><span dir=\"auto\">Syst\u00e9my v\u010dasn\u00e9ho varov\u00e1n\u00ed a strategick\u00e9 radary<\/span><\/p>\n<p><strong><span dir=\"auto\">\u2022\u00a0\u00a0<\/span><\/strong><span dir=\"auto\">Komunika\u010dn\u00ed a datov\u00e1 p\u0159enosov\u00e1 centra<\/span><\/p>\n<p><strong><span dir=\"auto\">\u2022\u00a0\u00a0<\/span><\/strong><span dir=\"auto\">Senzory pro syst\u00e9my protiraketov\u00e9 obrany<\/span><\/p>\n<p><strong><span dir=\"auto\">\u2022\u00a0\u00a0<\/span><\/strong><span dir=\"auto\">Infrastruktura americk\u00fdch vojensk\u00fdch z\u00e1kladen<\/span><\/p>\n<p><span dir=\"auto\">Tato za\u0159\u00edzen\u00ed tvo\u0159\u00ed technologickou p\u00e1te\u0159 americk\u00e9 vojensk\u00e9 s\u00edly v regionu. Bez nich i tak sofistikovan\u00e9 syst\u00e9my, jako je Patriot, ztr\u00e1cej\u00ed velkou \u010d\u00e1st sv\u00e9 \u00fa\u010dinnosti. Opera\u010dn\u00ed logiku lze tedy shrnout jednodu\u0161e: \u00cdr\u00e1n se nesna\u017e\u00ed americkou protiraketovou obranu p\u0159emoci, ale ji oslepit.<\/span><\/p>\n<p><span dir=\"auto\">Jedn\u00e1 se o klasickou asymetrickou strategii, jej\u00edm\u017e c\u00edlem je zm\u011bnit strukturu n\u00e1klad\u016f technologicky nad\u0159azen\u00e9ho protivn\u00edka. Zat\u00edmco \u00edr\u00e1nsk\u00e9 rakety a drony lze vyr\u00e1b\u011bt levn\u011b, infrastruktura modern\u00ed protiraketov\u00e9 obrany je extr\u00e9mn\u011b drah\u00e1 a obt\u00ed\u017en\u011b se rychle nahrazuje. Strategick\u00fd radar nebo komplexn\u00ed komunika\u010dn\u00ed centrum nelze p\u0159es noc znovu vybudovat. Pokud je tato infrastruktura po\u0161kozena, v\u00fdsledkem je trval\u00e1 opera\u010dn\u00ed zranitelnost.<\/span><\/p>\n<h3 class=\"wp-block-heading\"><strong><span dir=\"auto\">Kdy\u017e se vojensk\u00e9 z\u00e1kladny stanou bezpe\u010dnostn\u00edm rizikem<\/span><\/strong><\/h3>\n<p><span dir=\"auto\">Druh\u00fd, \u010dasto p\u0159ehl\u00ed\u017een\u00fd efekt se t\u00fdk\u00e1 role americk\u00fdch vojensk\u00fdch z\u00e1kladen na Bl\u00edzk\u00e9m v\u00fdchod\u011b. Po cel\u00e1 desetilet\u00ed byla p\u0159\u00edtomnost americk\u00fdch sil prezentov\u00e1na jako z\u00e1ruka region\u00e1ln\u00ed stability. V p\u0159\u00edpad\u011b eskalace se v\u0161ak tato logika m\u016f\u017ee obr\u00e1tit.<\/span><\/p>\n<p><span dir=\"auto\">Vojensk\u00e9 z\u00e1kladny nejsou jen n\u00e1stroji projekce moci; jsou to tak\u00e9 strategick\u00e9 c\u00edle vysok\u00e9 hodnoty. To znamen\u00e1, \u017ee st\u00e1ty, v nich\u017e se nach\u00e1z\u00ed americk\u00e1 vojensk\u00e1 infrastruktura, se v p\u0159\u00edpad\u011b konfliktu automaticky st\u00e1vaj\u00ed potenci\u00e1ln\u00edmi c\u00edli, i kdy\u017e se aktivn\u011b ne\u00fa\u010dastn\u00ed nep\u0159\u00e1telsk\u00fdch akc\u00ed.<\/span><\/p>\n<p><span dir=\"auto\">Tato strategick\u00e1 realita se net\u00fdk\u00e1 pouze Bl\u00edzk\u00e9ho v\u00fdchodu. M\u00e1 tak\u00e9 p\u0159\u00edm\u00fd v\u00fdznam pro Evropu.<\/span><\/p>\n<p><span dir=\"auto\">Mnoho evropsk\u00fdch zem\u00ed skute\u010dn\u011b host\u00ed americk\u00e9 vojensk\u00e9 z\u00e1kladny, syst\u00e9my protiraketov\u00e9 obrany a logistick\u00e1 centra.<\/span><\/p>\n<p><span dir=\"auto\">\u00dast\u0159edn\u00ed ot\u00e1zka tedy zn\u00ed: jsou takov\u00e9 struktury v dob\u00e1ch krize ochranou \u2013 nebo se samy o sob\u011b st\u00e1vaj\u00ed rizikem?<\/span><\/p>\n<p><em><span dir=\"auto\">od\u00a0<\/span><a href=\"https:\/\/t.me\/global_affairs_byelena#\"><strong><span dir=\"auto\">Eleny Fritzov\u00e9<\/span><\/strong><\/a><\/em><\/p>\n<p>&nbsp;<\/p>\n","protected":false},"excerpt":{"rendered":"<p>Abychom pochopili sou\u010dasnou eskalaci na Bl\u00edzk\u00e9m v\u00fdchod\u011b, mus\u00edme se nejprve zastavit. V na\u0161ich z\u00e1padn\u00edch m\u00e9di\u00edch&#8230;<\/p>\n","protected":false},"author":2,"featured_media":101390,"comment_status":"closed","ping_status":"closed","sticky":false,"template":"","format":"standard","meta":[],"categories":[7],"tags":[1042,38,37,40],"_links":{"self":[{"href":"https:\/\/www.infokuryr.cz\/n\/wp-json\/wp\/v2\/posts\/101389"}],"collection":[{"href":"https:\/\/www.infokuryr.cz\/n\/wp-json\/wp\/v2\/posts"}],"about":[{"href":"https:\/\/www.infokuryr.cz\/n\/wp-json\/wp\/v2\/types\/post"}],"author":[{"embeddable":true,"href":"https:\/\/www.infokuryr.cz\/n\/wp-json\/wp\/v2\/users\/2"}],"replies":[{"embeddable":true,"href":"https:\/\/www.infokuryr.cz\/n\/wp-json\/wp\/v2\/comments?post=101389"}],"version-history":[{"count":0,"href":"https:\/\/www.infokuryr.cz\/n\/wp-json\/wp\/v2\/posts\/101389\/revisions"}],"wp:featuredmedia":[{"embeddable":true,"href":"https:\/\/www.infokuryr.cz\/n\/wp-json\/wp\/v2\/media\/101390"}],"wp:attachment":[{"href":"https:\/\/www.infokuryr.cz\/n\/wp-json\/wp\/v2\/media?parent=101389"}],"wp:term":[{"taxonomy":"category","embeddable":true,"href":"https:\/\/www.infokuryr.cz\/n\/wp-json\/wp\/v2\/categories?post=101389"},{"taxonomy":"post_tag","embeddable":true,"href":"https:\/\/www.infokuryr.cz\/n\/wp-json\/wp\/v2\/tags?post=101389"}],"curies":[{"name":"wp","href":"https:\/\/api.w.org\/{rel}","templated":true}]}}