{"id":101382,"date":"2026-03-09T00:26:18","date_gmt":"2026-03-08T23:26:18","guid":{"rendered":"https:\/\/www.infokuryr.cz\/n\/?p=101382"},"modified":"2026-03-08T18:20:09","modified_gmt":"2026-03-08T17:20:09","slug":"caitlin-johnstone-americti-vojaci-padli-behem-teto-valky-nebyli-hrdinove","status":"publish","type":"post","link":"https:\/\/www.infokuryr.cz\/n\/2026\/03\/09\/caitlin-johnstone-americti-vojaci-padli-behem-teto-valky-nebyli-hrdinove\/","title":{"rendered":"Caitlin Johnstone: Ameri\u010dt\u00ed voj\u00e1ci padl\u00ed b\u011bhem t\u00e9to v\u00e1lky nebyli hrdinov\u00e9&#8230;"},"content":{"rendered":"<div id=\"fb-root\"><\/div>\n<p><strong><span dir=\"auto\">Ameri\u010dt\u00ed voj\u00e1ci padl\u00ed ve v\u00e1lce proti \u00cdr\u00e1nu nebyli hrdinov\u00e9. Nezem\u0159eli p\u0159i obran\u011b sv\u00e9 zem\u011b. Nezem\u0159eli v boji za ochranu Ameri\u010dan\u016f. Zem\u0159eli ve slu\u017eb\u011b geostrategick\u00fdm z\u00e1jm\u016fm oligarch\u016f a v\u016fdc\u016f imp\u00e9ri\u00ed, kte\u0159\u00ed ned\u011blaj\u00ed nic pro prosp\u011bch oby\u010dejn\u00fdch Ameri\u010dan\u016f.<\/span><\/strong><\/p>\n<p><span dir=\"auto\">Je d\u016fle\u017eit\u00e9 tyto jednotlivce neoslavovat ze dvou d\u016fvod\u016f. Zaprv\u00e9 to usnad\u0148uje n\u00e1bor do americk\u00e9 arm\u00e1dy t\u00edm, \u017ee to fale\u0161n\u011b vykresluje kari\u00e9ru t\u011bchto voj\u00e1k\u016f v imp\u00e9riu jako u\u0161lechtilou a hrdinskou. Zadruh\u00e9 to fale\u0161n\u011b prezentuje v\u00e1lku, v n\u00ed\u017e zem\u0159eli, jako spravedlivou v\u011bc, kter\u00e1 zlep\u0161ila sv\u011bt, sp\u00ed\u0161e ne\u017e jako \u00fato\u010dnou v\u00e1lku proti n\u00e1rodu, kter\u00fd pro jejich vlast nep\u0159edstavoval absolutn\u011b \u017e\u00e1dnou hrozbu.<\/span><\/p>\n<p><span dir=\"auto\">To nejsou ne\u0161kodn\u00e9 mal\u00e9 l\u017ei. Jsou to extr\u00e9mn\u011b destruktivn\u00ed propagandistick\u00e9 narativy, kter\u00e9 usnad\u0148uj\u00ed masov\u00e9 vojensk\u00e9 masakry proti skute\u010dn\u00fdm lidsk\u00fdm bytostem.<\/span><\/p>\n<p><span dir=\"auto\">Nep\u0159isp\u00edvejte k \u0161\u00ed\u0159en\u00ed t\u011bchto l\u017e\u00ed v\u00e1le\u010dn\u00fdmi \u0161tv\u00e1\u010di. Nep\u0159edst\u00edrejte, \u017ee jsou pravdiv\u00e9, abyste vyvolali soucit s mrtv\u00fdmi voj\u00e1ky. Nikdo by nem\u011bl s mrtv\u00fdmi voj\u00e1ky c\u00edtit soucit. Lid\u00e9 by m\u011bli b\u00fdt na\u0161tvan\u00ed a pobou\u0159eni a po\u017eadovat okam\u017eit\u00e9 ukon\u010den\u00ed t\u00e9to hrozn\u00e9 v\u00e1lky.<\/span><\/p>\n<p><span dir=\"auto\">Tito voj\u00e1ci nezem\u0159eli pro u\u0161lechtilou v\u011bc. Zem\u0159eli pro pen\u00edze, pro moc a pro Izrael. Promarnili sv\u00e9 \u017eivoty a zem\u0159eli z hloup\u00fdch a hanebn\u00fdch d\u016fvod\u016f. Nenechte si od nikoho namluvit opak.<\/span><\/p>\n<h2 class=\"wp-block-heading has-text-align-center\" style=\"text-align: center;\"><span dir=\"auto\">*<\/span><\/h2>\n<p><span dir=\"auto\">Prezident Trump 28. \u00fanora \u0159ekl\u00a0<\/span><em><a title=\"\" href=\"https:\/\/search.brave.com\/search?q=axios+28+feb+trump&amp;source=web&amp;summary=1&amp;conversation=08d1bba2a0cba303031e9e718188de22bac0\" target=\"_blank\" rel=\"noopener\"><span dir=\"auto\">televizi Axios<\/span><\/a><\/em><span dir=\"auto\">\u00a0, \u017ee v\u00e1lka proti \u00cdr\u00e1nu by mohla skon\u010dit \u201e\u00a0<\/span><em><span dir=\"auto\">za dva nebo t\u0159i dny<\/span><\/em><span dir=\"auto\">\u00a0\u201c\u00a0<\/span><em><span dir=\"auto\">.<\/span><\/em><\/p>\n<p><span dir=\"auto\">1. b\u0159ezna Trump zve\u0159ejnil videozpr\u00e1vu,\u00a0<\/span><a title=\"\" href=\"https:\/\/www.cbsnews.com\/live-updates\/us-iran-war-israel-supreme-leader-khamenei-funeral-day-2\/\" target=\"_blank\" rel=\"noopener\"><span dir=\"auto\">v n\u00ed\u017e tvrdil<\/span><\/a><span dir=\"auto\">\u00a0, \u017ee v\u00e1lka bude trvat \u201e\u00a0<\/span><em><span dir=\"auto\">\u010dty\u0159i t\u00fddny nebo m\u00e9n\u011b<\/span><\/em><span dir=\"auto\">\u00a0\u201c\u00a0<\/span><em><span dir=\"auto\">.<\/span><\/em><\/p>\n<p><span dir=\"auto\">2. b\u0159ezna Trump z B\u00edl\u00e9ho domu\u00a0<\/span><a title=\"\" href=\"https:\/\/www.aljazeera.com\/news\/2026\/3\/2\/trump-says-iran-war-projected-to-last-4-to-5-weeks-could-go-far-longer\" target=\"_blank\" rel=\"noopener\"><span dir=\"auto\">prohl\u00e1sil<\/span><\/a><span dir=\"auto\">\u00a0, \u017ee v\u00e1lka by m\u011bla trvat \u201e\u00a0<\/span><em><span dir=\"auto\">\u010dty\u0159i a\u017e p\u011bt t\u00fddn\u016f<\/span><\/em><span dir=\"auto\">\u00a0\u201c a dodal, \u017ee americk\u00e1 arm\u00e1da m\u00e1 \u201e\u00a0<\/span><em><span dir=\"auto\">schopnost vydr\u017eet mnohem d\u00e9le<\/span><\/em><span dir=\"auto\">\u00a0\u201c\u00a0<\/span><em><span dir=\"auto\">.<\/span><\/em><\/p>\n<p><span dir=\"auto\">4. b\u0159ezna ministr v\u00e1lky Pete Hegseth\u00a0<\/span><a title=\"\" href=\"https:\/\/www.war.gov\/News\/Transcripts\/Transcript\/Article\/4421037\/secretary-of-war-pete-hegseth-and-chairman-of-the-joint-chiefs-of-staff-gen-dan\/\" target=\"_blank\" rel=\"noopener\"><span dir=\"auto\">\u0159ekl<\/span><\/a><span dir=\"auto\">\u00a0tisku: \u201e\u00a0<\/span><em><span dir=\"auto\">M\u016f\u017eeme \u0159\u00edci \u010dty\u0159i t\u00fddny, ale mohlo by to b\u00fdt \u0161est, mohlo by to b\u00fdt osm<\/span><\/em><span dir=\"auto\">\u00a0.\u201c<\/span><\/p>\n<p><span dir=\"auto\">6. b\u0159ezna\u00a0<\/span><em><span dir=\"auto\">Politico\u00a0<\/span><\/em><a href=\"https:\/\/www.politico.com\/news\/2026\/03\/04\/evacuation-middle-east-iran-war-00812898\"><span dir=\"auto\">informoval<\/span><\/a><span dir=\"auto\">\u00a0, \u017ee Pentagon o\u010dek\u00e1v\u00e1, \u017ee v\u00e1lka bude pokra\u010dovat a\u017e do z\u00e1\u0159\u00ed.<\/span><\/p>\n<p><span dir=\"auto\">Zaj\u00edmalo by m\u011b, co \u0159eknou po z\u00e1\u0159\u00ed?<\/span><\/p>\n<h2 class=\"wp-block-heading has-text-align-center\" style=\"text-align: center;\"><span dir=\"auto\">*<\/span><\/h2>\n<figure class=\"wp-block-embed is-type-rich is-provider-twitter wp-block-embed-twitter\">\n<div class=\"wp-block-embed__wrapper\">\n<div class=\"embed-twitter\">\n<div class=\"twitter-tweet twitter-tweet-rendered\"><iframe id=\"twitter-widget-0\" class=\"\" title=\"X Post\" src=\"https:\/\/platform.twitter.com\/embed\/Tweet.html?dnt=true&amp;embedId=twitter-widget-0&amp;features=eyJ0ZndfdGltZWxpbmVfbGlzdCI6eyJidWNrZXQiOltdLCJ2ZXJzaW9uIjpudWxsfSwidGZ3X2ZvbGxvd2VyX2NvdW50X3N1bnNldCI6eyJidWNrZXQiOnRydWUsInZlcnNpb24iOm51bGx9LCJ0ZndfdHdlZXRfZWRpdF9iYWNrZW5kIjp7ImJ1Y2tldCI6Im9uIiwidmVyc2lvbiI6bnVsbH0sInRmd19yZWZzcmNfc2Vzc2lvbiI6eyJidWNrZXQiOiJvbiIsInZlcnNpb24iOm51bGx9LCJ0ZndfZm9zbnJfc29mdF9pbnRlcnZlbnRpb25zX2VuYWJsZWQiOnsiYnVja2V0Ijoib24iLCJ2ZXJzaW9uIjpudWxsfSwidGZ3X21peGVkX21lZGlhXzE1ODk3Ijp7ImJ1Y2tldCI6InRyZWF0bWVudCIsInZlcnNpb24iOm51bGx9LCJ0ZndfZXhwZXJpbWVudHNfY29va2llX2V4cGlyYXRpb24iOnsiYnVja2V0IjoxMjA5NjAwLCJ2ZXJzaW9uIjpudWxsfSwidGZ3X3Nob3dfYmlyZHdhdGNoX3Bpdm90c19lbmFibGVkIjp7ImJ1Y2tldCI6Im9uIiwidmVyc2lvbiI6bnVsbH0sInRmd19kdXBsaWNhdGVfc2NyaWJlc190b19zZXR0aW5ncyI6eyJidWNrZXQiOiJvbiIsInZlcnNpb24iOm51bGx9LCJ0ZndfdXNlX3Byb2ZpbGVfaW1hZ2Vfc2hhcGVfZW5hYmxlZCI6eyJidWNrZXQiOiJvbiIsInZlcnNpb24iOm51bGx9LCJ0ZndfdmlkZW9faGxzX2R5bmFtaWNfbWFuaWZlc3RzXzE1MDgyIjp7ImJ1Y2tldCI6InRydWVfYml0cmF0ZSIsInZlcnNpb24iOm51bGx9LCJ0ZndfbGVnYWN5X3RpbWVsaW5lX3N1bnNldCI6eyJidWNrZXQiOnRydWUsInZlcnNpb24iOm51bGx9LCJ0ZndfdHdlZXRfZWRpdF9mcm9udGVuZCI6eyJidWNrZXQiOiJvbiIsInZlcnNpb24iOm51bGx9fQ%3D%3D&amp;frame=false&amp;hideCard=false&amp;hideThread=false&amp;id=2028577136932798823&amp;lang=cs&amp;origin=https%3A%2F%2Freseauinternational.net%2Fles-soldats-americains-tues-pendant-cette-guerre-netaient-pas-des-heros-et-autres-remarques%2F&amp;sessionId=4c638c810649f008eb512683862dfe88f4e7dc92&amp;theme=light&amp;widgetsVersion=2615f7e52b7e0%3A1702314776716&amp;width=550px\" frameborder=\"0\" scrolling=\"no\" allowfullscreen=\"allowfullscreen\" data-tweet-id=\"2028577136932798823\" data-mce-fragment=\"1\"><\/iframe><\/div>\n<\/div>\n<\/div>\n<\/figure>\n<div class=\"wp-block-spacer\" aria-hidden=\"true\">Doposud byl levicov\u00fd odpor v\u016f\u010di v\u00e1lce proti \u00cdr\u00e1nu relativn\u011b tlumen\u00fd a nedostate\u010dn\u00fd. To je z velk\u00e9 \u010d\u00e1sti zp\u016fsobeno infiltrac\u00ed \u010detn\u00fdch hlas\u016f podporuj\u00edc\u00edch zm\u011bnu re\u017eimu do propalestinsk\u00e9ho hnut\u00ed, kde sv\u00e9 my\u0161lenky prosazuj\u00ed ji\u017e t\u0159i roky.<\/div>\n<p><span dir=\"auto\">Sledoval jsem n\u011bkolik propalestinsk\u00fdch \u00fa\u010dt\u016f na TikToku a Instagramu, kter\u00e9 kdy\u017e mluv\u00ed o Gaze, uv\u00e1d\u011bj\u00ed velmi p\u0159esv\u011bd\u010div\u00e9 argumenty, ale v okam\u017eiku, kdy se t\u00e9ma sto\u010d\u00ed k \u00cdr\u00e1nu, se n\u00e1hle prom\u011bn\u00ed v Lindsey Grahamovy. Trochu p\u0159eh\u00e1n\u00edm \u2013 pou\u017e\u00edvaj\u00ed levicov\u011b orientovan\u00fd jazyk atd. \u2013 ale ve skute\u010dnosti se jejich postoj od postoje Marca Rubia moc neli\u0161\u00ed. Nem\u00e1m \u010das se pou\u0161t\u011bt do bezp\u0159edm\u011btn\u00e9 debaty s m\u00e9n\u011b v\u00fdznamn\u00fdmi internetov\u00fdmi osobnostmi, tak\u017ee nebudu jmenovat ani uv\u00e1d\u011bt konkr\u00e9tn\u00ed p\u0159\u00edklady. Zkr\u00e1tka cht\u011bli zm\u011bnu re\u017eimu a propagovali my\u0161lenku, \u017ee bychom m\u011bli \u201eup\u0159ednost\u0148ovat \u00edr\u00e1nsk\u00e9 hlasy\u201c, tedy hlasy jest\u0159\u00e1b\u00ed \u00edr\u00e1nsk\u00e9 diaspory.<\/span><\/p>\n<p><span dir=\"auto\">To se d\u011bje uvnit\u0159 samotn\u00e9ho propalestinsk\u00e9ho hnut\u00ed, a to jak online, tak offline, a ot\u0159\u00e1slo to d\u016fv\u011brou lid\u00ed v jejich schopnost odolat Trumpovu nejnov\u011bj\u0161\u00edmu masov\u00e9mu zv\u011brstvu.<\/span><\/p>\n<p><span dir=\"auto\">P\u0159edstava, \u017ee bychom se m\u011bli spol\u00e9hat na \u00edr\u00e1nskou diasporu p\u0159i posuzov\u00e1n\u00ed mor\u00e1lky t\u00e9to v\u00e1lky, je naprosto absurdn\u00ed a nezaslou\u017e\u00ed si \u017e\u00e1dnou pozornost. P\u0159\u00edli\u0161 mnoho levi\u010d\u00e1k\u016f bylo v t\u00e9to ot\u00e1zce \u0161ikanov\u00e1no a uml\u010dov\u00e1no v\u00e1le\u010dn\u00fdmi \u0161tv\u00e1\u010di narozen\u00fdmi v \u00cdr\u00e1nu, stejn\u011b jako byli po cel\u00e1 desetilet\u00ed \u0161ikanov\u00e1ni z\u00e1padn\u00edmi \u017didy ohledn\u011b Palestiny. Jejich dobromysln\u00ed levi\u010d\u00e1ci jsou zneu\u017e\u00edv\u00e1ni cynick\u00fdmi manipul\u00e1tory, kte\u0159\u00ed cht\u011bj\u00ed p\u016fsobit vn\u00edmav\u011b k tomu, co vn\u00edmaj\u00ed jako marginalizovanou skupinu, co\u017e je vede k zauj\u00edm\u00e1n\u00ed stejn\u00fdch postoj\u016f v zahrani\u010dn\u00ed politice jako CIA a americk\u00e9 ministerstvo zahrani\u010d\u00ed.<\/span><\/p>\n<p><span dir=\"auto\">Tohle je hloup\u00e9 a mus\u00ed to p\u0159estat. Va\u0161e intuice ohledn\u011b hr\u016fz t\u00e9to v\u00e1lky je spr\u00e1vn\u00e1. Ka\u017ed\u00fd, kdo v\u00e1m \u0159\u00edkal, abyste se j\u00ed nepostavili, je hlup\u00e1k. Nenechte se nik\u00fdm uml\u010det, bez ohledu na jeho p\u016fvod. Mluvte s nimi o tom. \u0158ekn\u011bte jim, a\u0165 dr\u017e\u00ed hubu. Vy m\u00e1te pravdu a oni se m\u00fdl\u00ed. Jd\u011bte ven a vzdorujte!<\/span><\/p>\n<figure class=\"wp-block-embed is-type-rich is-provider-twitter wp-block-embed-twitter\">\n<div class=\"wp-block-embed__wrapper\">\n<div class=\"embed-twitter\">\n<div class=\"twitter-tweet twitter-tweet-rendered\"><iframe id=\"twitter-widget-1\" class=\"\" title=\"X Post\" src=\"https:\/\/platform.twitter.com\/embed\/Tweet.html?dnt=true&amp;embedId=twitter-widget-1&amp;features=eyJ0ZndfdGltZWxpbmVfbGlzdCI6eyJidWNrZXQiOltdLCJ2ZXJzaW9uIjpudWxsfSwidGZ3X2ZvbGxvd2VyX2NvdW50X3N1bnNldCI6eyJidWNrZXQiOnRydWUsInZlcnNpb24iOm51bGx9LCJ0ZndfdHdlZXRfZWRpdF9iYWNrZW5kIjp7ImJ1Y2tldCI6Im9uIiwidmVyc2lvbiI6bnVsbH0sInRmd19yZWZzcmNfc2Vzc2lvbiI6eyJidWNrZXQiOiJvbiIsInZlcnNpb24iOm51bGx9LCJ0ZndfZm9zbnJfc29mdF9pbnRlcnZlbnRpb25zX2VuYWJsZWQiOnsiYnVja2V0Ijoib24iLCJ2ZXJzaW9uIjpudWxsfSwidGZ3X21peGVkX21lZGlhXzE1ODk3Ijp7ImJ1Y2tldCI6InRyZWF0bWVudCIsInZlcnNpb24iOm51bGx9LCJ0ZndfZXhwZXJpbWVudHNfY29va2llX2V4cGlyYXRpb24iOnsiYnVja2V0IjoxMjA5NjAwLCJ2ZXJzaW9uIjpudWxsfSwidGZ3X3Nob3dfYmlyZHdhdGNoX3Bpdm90c19lbmFibGVkIjp7ImJ1Y2tldCI6Im9uIiwidmVyc2lvbiI6bnVsbH0sInRmd19kdXBsaWNhdGVfc2NyaWJlc190b19zZXR0aW5ncyI6eyJidWNrZXQiOiJvbiIsInZlcnNpb24iOm51bGx9LCJ0ZndfdXNlX3Byb2ZpbGVfaW1hZ2Vfc2hhcGVfZW5hYmxlZCI6eyJidWNrZXQiOiJvbiIsInZlcnNpb24iOm51bGx9LCJ0ZndfdmlkZW9faGxzX2R5bmFtaWNfbWFuaWZlc3RzXzE1MDgyIjp7ImJ1Y2tldCI6InRydWVfYml0cmF0ZSIsInZlcnNpb24iOm51bGx9LCJ0ZndfbGVnYWN5X3RpbWVsaW5lX3N1bnNldCI6eyJidWNrZXQiOnRydWUsInZlcnNpb24iOm51bGx9LCJ0ZndfdHdlZXRfZWRpdF9mcm9udGVuZCI6eyJidWNrZXQiOiJvbiIsInZlcnNpb24iOm51bGx9fQ%3D%3D&amp;frame=false&amp;hideCard=false&amp;hideThread=false&amp;id=2028953598210576631&amp;lang=cs&amp;origin=https%3A%2F%2Freseauinternational.net%2Fles-soldats-americains-tues-pendant-cette-guerre-netaient-pas-des-heros-et-autres-remarques%2F&amp;sessionId=4c638c810649f008eb512683862dfe88f4e7dc92&amp;theme=light&amp;widgetsVersion=2615f7e52b7e0%3A1702314776716&amp;width=550px\" frameborder=\"0\" scrolling=\"no\" allowfullscreen=\"allowfullscreen\" data-tweet-id=\"2028953598210576631\" data-mce-fragment=\"1\"><\/iframe><\/div>\n<\/div>\n<\/div>\n<\/figure>\n<p><span dir=\"auto\">Nech\u00e1pu ty, kte\u0159\u00ed se ob\u00e1vaj\u00ed vysl\u00e1n\u00ed americk\u00fdch voj\u00e1k\u016f do pozemn\u00ed v\u00e1lky, kter\u00e1 u\u017e tak denn\u011b masakruje stovky civilist\u016f. Tito lid\u00e9 mi p\u0159ipadaj\u00ed jako z jin\u00e9 planety. Nedok\u00e1\u017eu si p\u0159edstavit, jak\u00e9 to je \u017e\u00edt v mysli, kter\u00e1 pova\u017euje bombardov\u00e1n\u00ed civilist\u016f za p\u0159ijateln\u00e9 a d\u011bs\u00ed se hr\u016fzn\u00e9ho vojensk\u00e9ho konfliktu pouze tehdy, riskuje-li smrt mnoha voj\u00e1k\u016f vlastn\u00ed zem\u011b.<\/span><\/p>\n<h2 class=\"wp-block-heading has-text-align-center\" style=\"text-align: center;\"><span dir=\"auto\">*<\/span><\/h2>\n<p><em><span dir=\"auto\">CNN<\/span><\/em><span dir=\"auto\">\u00a0zve\u0159ejnila \u010dl\u00e1nek s n\u00e1zvem \u201e\u00a0<\/span><a title=\"\" href=\"https:\/\/edition.cnn.com\/world\/live-news\/iran-war-us-israel-trump-03-06-26?post-id=cmmey05e300003b6wh2y15uj1\" target=\"_blank\" rel=\"noopener\"><em><span dir=\"auto\">Obyvatel Teher\u00e1nu doufal ve v\u00e1lku, ale smrt p\u0159\u00edtele p\u0159i bombardov\u00e1n\u00ed ho zni\u010dila<\/span><\/em><\/a><span dir=\"auto\">\u00a0\u201c, kter\u00fd uv\u00e1d\u00ed n\u00e1sleduj\u00edc\u00ed:<\/span><\/p>\n<p><span dir=\"auto\">Obyvatel Teher\u00e1nu\u00a0<\/span><em><span dir=\"auto\">, kter\u00e9ho v p\u00e1tek v rozhovoru s CNN zpov\u00eddala, uvedl, \u017ee doufal ve v\u00e1lku, kter\u00e1 by svrhla \u00edr\u00e1nskou vl\u00e1du, ale smrt jeho p\u0159\u00edtele p\u0159i bombov\u00e9m \u00fatoku ho zdrtila.<\/span><\/em><\/p>\n<p><em><span dir=\"auto\">\u201e\u010cekal jsem na v\u00e1lku, prosil jsem o ni,\u201c \u0159ekl CNN. \u201eV\u011bd\u011bl jsem, \u017ee bude smutek a bolest, ale ne\u010dekal jsem, \u017ee se do n\u00ed zapoj\u00edm tak rychle<\/span><\/em><span dir=\"auto\">\u00a0.\u201c<\/span><\/p>\n<p><span dir=\"auto\">Omlouv\u00e1m se za svou necitlivost, ale co si proboha mysleli ti prov\u00e1le\u010dn\u00ed \u00cdr\u00e1nci, kdy\u017e vyz\u00fdvali k \u201ebombardov\u00e1n\u00ed na\u0161\u00ed zem\u011b\u201c? Co vlastn\u011b o\u010dek\u00e1vali?<\/span><\/p>\n<p><span dir=\"auto\">Proto mus\u00edme odm\u00edtnout V\u0160ECHNY, kdo tuto v\u00e1lku podporuj\u00ed. Dokonce i \u00edr\u00e1nskou diasporu a dokonce i \u00cdr\u00e1nce \u017eij\u00edc\u00ed v \u00cdr\u00e1nu. Nikdo z t\u011bch, kdo cht\u011bj\u00ed, aby Spojen\u00e9 st\u00e1ty a Izrael bombardovaly m\u00edsto, kde \u017eij\u00ed jejich rodiny, doopravdy nech\u00e1pe, o co vlastn\u011b \u017e\u00e1daj\u00ed.<\/span><\/p>\n<p><span dir=\"auto\">Jejich sv\u011bton\u00e1zor je odtr\u017een\u00fd od reality; spolkli v\u00e1le\u010dnou propagandu a nechali se ukol\u00e9bat fantazi\u00ed, stejn\u011b jako ti v\u00e1le\u010dn\u00ed \u0161tv\u00e1\u010di a idioti ze Z\u00e1padu. Nikdo se zdrav\u00fdm vztahem k realit\u011b by si o n\u011bco takov\u00e9ho nikdy nep\u0159\u00e1l.<\/span><\/p>\n<p><span dir=\"auto\">Nyn\u00ed dos\u00e1hli, co cht\u011bli, a pravd\u011bpodobn\u011b budou sv\u011bdky zni\u010den\u00ed sv\u00e9 zem\u011b bombardov\u00e1n\u00edm a n\u00e1sledn\u00e9ho jej\u00edho p\u00e1du do chaosu a nestability v dohledn\u00e9 budoucnosti, zat\u00edmco se Spojen\u00e9 st\u00e1ty a Izrael budou sna\u017eit vytvo\u0159it\u2026 gigantickou Libyi v z\u00e1padn\u00ed Asii.<\/span><\/p>\n<p><span dir=\"auto\">N\u011bkdy mus\u00edte lidem \u0159\u00edct,\u00a0<\/span><a title=\"\" href=\"https:\/\/www.caitlinjohnst.one\/p\/tell-iranian-and-cuban-diaspora-warmongers\" target=\"_blank\" rel=\"noopener\"><span dir=\"auto\">aby dr\u017eeli hubu a p\u0159estali volat po<\/span><\/a><span dir=\"auto\">\u00a0nesmysln\u00fdch v\u00e1le\u010dn\u00fdch akc\u00edch, bez ohledu na zemi p\u016fvodu jejich rodiny.<\/span><\/p>\n<p><em><span dir=\"auto\">Zdroj:\u00a0<\/span><a title=\"\" href=\"https:\/\/www.caitlinjohnst.one\/p\/the-us-soldiers-killed-in-this-war?utm_source=post-email-title&amp;publication_id=82124&amp;post_id=190164901&amp;utm_campaign=email-post-title&amp;isFreemail=false&amp;r=kuh7y&amp;triedRedirect=true&amp;utm_medium=email\" target=\"_blank\" rel=\"noopener\"><span dir=\"auto\">Caitlin Johnstone<\/span><\/a><\/em><\/p>\n<p>&nbsp;<\/p>\n","protected":false},"excerpt":{"rendered":"<p>Ameri\u010dt\u00ed voj\u00e1ci padl\u00ed ve v\u00e1lce proti \u00cdr\u00e1nu nebyli hrdinov\u00e9. Nezem\u0159eli p\u0159i obran\u011b sv\u00e9 zem\u011b. Nezem\u0159eli&#8230;<\/p>\n","protected":false},"author":2,"featured_media":101383,"comment_status":"closed","ping_status":"closed","sticky":false,"template":"","format":"standard","meta":[],"categories":[7],"tags":[738,898,1503,4494],"_links":{"self":[{"href":"https:\/\/www.infokuryr.cz\/n\/wp-json\/wp\/v2\/posts\/101382"}],"collection":[{"href":"https:\/\/www.infokuryr.cz\/n\/wp-json\/wp\/v2\/posts"}],"about":[{"href":"https:\/\/www.infokuryr.cz\/n\/wp-json\/wp\/v2\/types\/post"}],"author":[{"embeddable":true,"href":"https:\/\/www.infokuryr.cz\/n\/wp-json\/wp\/v2\/users\/2"}],"replies":[{"embeddable":true,"href":"https:\/\/www.infokuryr.cz\/n\/wp-json\/wp\/v2\/comments?post=101382"}],"version-history":[{"count":0,"href":"https:\/\/www.infokuryr.cz\/n\/wp-json\/wp\/v2\/posts\/101382\/revisions"}],"wp:featuredmedia":[{"embeddable":true,"href":"https:\/\/www.infokuryr.cz\/n\/wp-json\/wp\/v2\/media\/101383"}],"wp:attachment":[{"href":"https:\/\/www.infokuryr.cz\/n\/wp-json\/wp\/v2\/media?parent=101382"}],"wp:term":[{"taxonomy":"category","embeddable":true,"href":"https:\/\/www.infokuryr.cz\/n\/wp-json\/wp\/v2\/categories?post=101382"},{"taxonomy":"post_tag","embeddable":true,"href":"https:\/\/www.infokuryr.cz\/n\/wp-json\/wp\/v2\/tags?post=101382"}],"curies":[{"name":"wp","href":"https:\/\/api.w.org\/{rel}","templated":true}]}}