{"id":10138,"date":"2022-05-01T06:26:58","date_gmt":"2022-05-01T04:26:58","guid":{"rendered":"http:\/\/www.infokuryr.cz\/n\/?p=10138"},"modified":"2022-05-01T06:26:58","modified_gmt":"2022-05-01T04:26:58","slug":"velvyslanec-jevhen-perebyjnis-vyzval-pravoslavnou-cirkev-v-ceskych-zemich-a-na-slovensku-aby-se-vymezila-proti-ruske-agresi","status":"publish","type":"post","link":"https:\/\/www.infokuryr.cz\/n\/2022\/05\/01\/velvyslanec-jevhen-perebyjnis-vyzval-pravoslavnou-cirkev-v-ceskych-zemich-a-na-slovensku-aby-se-vymezila-proti-ruske-agresi\/","title":{"rendered":"Velvyslanec Jevhen Perebyjnis vyzval Pravoslavnou c\u00edrkev v \u010desk\u00fdch zem\u00edch a na Slovensku, aby se vymezila proti rusk\u00e9 agresi"},"content":{"rendered":"<div id=\"fb-root\"><\/div>\n<p>Velvyslanectv\u00ed Ukrajiny v \u010cesk\u00e9 republice nav\u0161t\u00edvil ve \u010dtvrtek 28. dubna biskup Izai\u00e1\u0161, biskup \u0161umpersk\u00fd a vik\u00e1\u0159 Olomoucko-brn\u011bnsk\u00e9 eparchie, kter\u00fd poblahop\u0159\u00e1l panu velvyslanci Jevhenu Perebyjnisovi k velikono\u010dn\u00edm sv\u00e1tk\u016fm a ujistil ho o sv\u00e9 podpo\u0159e Ukrajiny v jej\u00edm boji proti rusk\u00e9 agresi.<\/p>\n<p>Velvyslanec pod\u011bkoval vladykovi Izai\u00e1\u0161ovi za jeho pevn\u00e9 stanovisko ohledn\u011b rusk\u00e9 agrese proti Ukrajin\u011b. Biskup Izai\u00e1\u0161 hned po za\u010d\u00e1tku rusk\u00e9 invaze razn\u011b odsoudil vojenskou intervenci do Ukrajiny a ve sv\u00e9m dopise panu velvyslanci napsal, \u201eJednozna\u010dn\u011b odsuzuji rusk\u00fd \u00fatok na Va\u0161i zemi a na ukrajinsk\u00fd n\u00e1rod. Pova\u017euji agresi Rusk\u00e9 federace proti Va\u0161emu suver\u00e9nn\u00edmu st\u00e1tu za neospravedlnitelnou\u201c.<\/p>\n<p>Velvyslanec jednal s vladykou Izai\u00e1\u0161em o cirkevn\u00ed situaci v Ukrajin\u011b a v \u010cesk\u00e9 republice, zejm\u00e9na v kontextu rusk\u00e9 agrese, kter\u00e1 donutila miliony Ukrajinc\u016f opustit sv\u00e9 domovy a odjet do zahrani\u010d\u00ed.<\/p>\n<p>Velvyslanec Jevhen Perebyjnis vyj\u00e1d\u0159il sv\u00e9 rozho\u0159\u010den\u00ed nad t\u00edm, \u017ee z\u00e1stupci ostatn\u00edch eparchi\u00ed Pravoslavn\u00e9 c\u00edrkve v \u010desk\u00fdch zem\u00edch a na Slovensku, zejm\u00e9na arcibiskup pra\u017esk\u00fd a \u010desk\u00fdch zem\u00ed Michal (Dandar), st\u00e1le nevyj\u00e1d\u0159ili sv\u016fj postoj k rusk\u00e9 v\u00e1lce v Ukrajin\u011b. Velvyslanec je vyzval, aby odsoudili ruskou agresi a distancovali se od rusk\u00e9 pravoslavn\u00ed c\u00edrkve, kter\u00e1 otev\u0159en\u011b schvaluje a fakticky \u017eehn\u00e1 zlo\u010din\u016fm rusk\u00e9 arm\u00e1dy v Ukrajin\u011b. \u201eV sou\u010dasn\u00e9 situaci, kdy Rusko zah\u00e1jilo a vede brut\u00e1ln\u00ed v\u00e1lku proti ukrajinsk\u00e9mu lidu, zabije civiln\u00ed obyvatele, ni\u010d\u00ed ukrajinsk\u00e1 m\u011bsta a pravoslavn\u00e9 chr\u00e1my v nich, c\u00edrkev nem\u016f\u017ee z\u016fstat neutr\u00e1ln\u00ed. Nyn\u00ed ji\u017e nen\u00ed mo\u017en\u00e9 b\u00fdt uprost\u0159ed a v\u00e1hat, zda jsme na stran\u011b dobra nebo zla. Jsem p\u0159esv\u011bd\u010den, \u017ee by ka\u017ed\u00fd kn\u011bz m\u011bl b\u00fdt na stran\u011b spravedlnosti a pravdy. Dnes je pravda na stran\u011b Ukrajiny\u201c, uvedl Jevhen Perebyjnis.<\/p>\n<p>Velvyslance zd\u016fraznil, \u017ee by Pravoslavn\u00e1 c\u00edrkev v \u010desk\u00fdch zem\u00edch a na Slovensku m\u011bla co nejd\u0159\u00edve zaujmout z\u0159ejm\u00e9 stanovisko zejm\u00e9na proto, \u017ee mezi jej\u00edmi nov\u00fdmi v\u011b\u0159\u00edc\u00ed je mnoho Ukrajinc\u016f, kte\u0159\u00ed osobn\u011b za\u017eili genocidu Ruska proti ukrajinsk\u00e9mu lidu. Velvyslanec nazval neup\u0159\u00edmn\u00fdmi a pokryteck\u00fdmi snahy c\u00edrkve se nevyjad\u0159ovat p\u0159esn\u011b a d\u00e1le zachov\u00e1vat rozml\u017een\u00fd a neur\u010dit\u00fd postoj k rusk\u00e9 agresi. \u201eI c\u00edrkev by m\u011bla naj\u00edt v sob\u011b s\u00edlu nazvat v\u011bci jejich prav\u00fdmi jm\u00e9ny a postavit se na obranu pravoslavn\u00fdch k\u0159es\u0165an\u016f v Ukrajin\u011b, kte\u0159\u00ed jsou zab\u00edjeni rusk\u00fdmi barbary\u201c, zd\u016fraznil velvyslanec.<\/p>\n<p><a href=\"https:\/\/czechia.mfa.gov.ua\/cs\/news\/yevgen-perebijnis-zaklikav-pravoslavnu-cerkvu-cheskih-zemel-vidmezhuvatisya-vid-rosiyi\">ZDROJ<\/a><\/p>\n<p>&nbsp;<\/p>\n","protected":false},"excerpt":{"rendered":"<p>Velvyslanectv\u00ed Ukrajiny v \u010cesk\u00e9 republice nav\u0161t\u00edvil ve \u010dtvrtek 28. dubna biskup Izai\u00e1\u0161, biskup \u0161umpersk\u00fd a&#8230;<\/p>\n","protected":false},"author":2,"featured_media":10139,"comment_status":"closed","ping_status":"closed","sticky":false,"template":"","format":"standard","meta":[],"categories":[6],"tags":[2039,250,26,1731],"_links":{"self":[{"href":"https:\/\/www.infokuryr.cz\/n\/wp-json\/wp\/v2\/posts\/10138"}],"collection":[{"href":"https:\/\/www.infokuryr.cz\/n\/wp-json\/wp\/v2\/posts"}],"about":[{"href":"https:\/\/www.infokuryr.cz\/n\/wp-json\/wp\/v2\/types\/post"}],"author":[{"embeddable":true,"href":"https:\/\/www.infokuryr.cz\/n\/wp-json\/wp\/v2\/users\/2"}],"replies":[{"embeddable":true,"href":"https:\/\/www.infokuryr.cz\/n\/wp-json\/wp\/v2\/comments?post=10138"}],"version-history":[{"count":0,"href":"https:\/\/www.infokuryr.cz\/n\/wp-json\/wp\/v2\/posts\/10138\/revisions"}],"wp:featuredmedia":[{"embeddable":true,"href":"https:\/\/www.infokuryr.cz\/n\/wp-json\/wp\/v2\/media\/10139"}],"wp:attachment":[{"href":"https:\/\/www.infokuryr.cz\/n\/wp-json\/wp\/v2\/media?parent=10138"}],"wp:term":[{"taxonomy":"category","embeddable":true,"href":"https:\/\/www.infokuryr.cz\/n\/wp-json\/wp\/v2\/categories?post=10138"},{"taxonomy":"post_tag","embeddable":true,"href":"https:\/\/www.infokuryr.cz\/n\/wp-json\/wp\/v2\/tags?post=10138"}],"curies":[{"name":"wp","href":"https:\/\/api.w.org\/{rel}","templated":true}]}}