{"id":101371,"date":"2026-03-09T00:16:36","date_gmt":"2026-03-08T23:16:36","guid":{"rendered":"https:\/\/www.infokuryr.cz\/n\/?p=101371"},"modified":"2026-03-08T14:56:47","modified_gmt":"2026-03-08T13:56:47","slug":"pavel-sik-trumpova-nebezpecna-nevidana-a-bezprecedentni-hra","status":"publish","type":"post","link":"https:\/\/www.infokuryr.cz\/n\/2026\/03\/09\/pavel-sik-trumpova-nebezpecna-nevidana-a-bezprecedentni-hra\/","title":{"rendered":"Pavel \u0160ik: Trumpova nebezpe\u010dn\u00e1, nev\u00eddan\u00e1 a bezprecedentn\u00ed hra"},"content":{"rendered":"<div id=\"fb-root\"><\/div>\n<p><strong>Ve standardn\u00ed \u0161achov\u00e9 partii hr\u00e1\u010d za\u010d\u00edn\u00e1 s figurkami na prvn\u00ed a druh\u00e9 \u0159ad\u011b a teprve postupn\u011b je vyv\u00edj\u00ed do st\u0159edu.<\/strong><\/p>\n<p>Trump vstoupil do druh\u00e9ho funk\u010dn\u00edho obdob\u00ed s\u00a0figurkami ji\u017e uprost\u0159ed \u0161achov\u00e9ho pole. M\u011bl loaj\u00e1ln\u00ed administrativu, poddajn\u00fd Kongres a\u00a0konzervativn\u00ed v\u011bt\u0161inu v\u00a0\u00dastavn\u00edm soudu. A\u00a0systematicky toho vyu\u017e\u00edv\u00e1. Chaos nen\u00ed selh\u00e1n\u00ed jeho strategie. Je to z\u00e1m\u011brn\u00fd styl hry.<\/p>\n<p>Ve druh\u00e9m prezidentstv\u00ed podepsal m\u00e9n\u011b z\u00e1kon\u016f ne\u017e kter\u00fdkoli modern\u00ed americk\u00fd prezident. Nepot\u0159ebuje je. Zat\u00edmco prezidenti od roku 1980 vyd\u00e1vaj\u00ed v\u00a0pr\u016fm\u011bru sedm v\u00fdkonn\u00fdch na\u0159\u00edzen\u00ed za cel\u00e9 \u010dty\u0159let\u00e9 funk\u010dn\u00ed obdob\u00ed, Trump jich podepsal p\u0159es 200 za rok.<\/p>\n<p>Jeho \u0161achov\u00ed st\u0159elci m\u00ed\u0159\u00ed r\u016fzn\u00fdmi sm\u011bry. Na m\u00e9dia (\u017ealoby na CBS, NYT, tlak na odn\u011bt\u00ed vys\u00edlac\u00edch licenc\u00ed), na univerzity (zadr\u017een\u00e9 miliardy pro Harvard a\u00a0Columbia), na nez\u00e1visl\u00e9 instituce (\u010distky gener\u00e1ln\u00edch inspektor\u016f, tlak na Fed, pokus o\u00a0odvol\u00e1n\u00ed jeho \u0161\u00e9fa).<\/p>\n<p>Jeho kon\u011b ovl\u00e1daj\u00ed jin\u00e1 pole. Deportace bez soudn\u00edho sly\u0161en\u00ed na z\u00e1klad\u011b z\u00e1kona z\u00a0roku 1798, n\u00e1mo\u0159n\u00ed vojensk\u00e9 operace proti narkomafii bez souhlasu Kongresu, nasazen\u00ed N\u00e1rodn\u00ed gardy bez souhlasu m\u00edstn\u00edch vl\u00e1d.<\/p>\n<p>V\u011b\u017ee jist\u00ed boky. Kontrola m\u00e9di\u00ed p\u0159es Ellisonovu \u0159\u00ed\u0161i zahrnuj\u00edc\u00ed v\u00a0budoucnu CNN, HBO a\u00a0dv\u011b hollywoodsk\u00e1 studia, \u010dern\u00e1 listina pro vzpurn\u00fd Anthropic, nej\u017ehav\u011bj\u0161\u00ed AI firmu planety.<\/p>\n<p><strong>\u00dasp\u011bch u\u00a0Tiktoku.<\/strong><\/p>\n<p>A nyn\u00ed vzal d\u00e1mu a\u00a0prost\u0159edkem \u0161achovnice zam\u00ed\u0159il na \u00cdr\u00e1n. Ud\u011blal to, co si p\u0159ed n\u00edm nedovolil \u017e\u00e1dn\u00fd americk\u00fd prezident a\u00a0zah\u00e1jil p\u0159\u00edm\u00fd vojensk\u00fd \u00fatok na \u00edr\u00e1nsk\u00fd re\u017eim.<\/p>\n<p>N\u011bkde mus\u00ed ud\u011blat tah zp\u011bt a\u00a0p\u0159eskupit jako u\u00a0cel po\u00a0rozhodnut\u00ed Nejvy\u0161\u0161\u00edho soudu, nebo po\u00a0chyb\u00e1ch ICE na americk\u00fdch ulic\u00edch, kdy\u017e se vzdal sv\u00e9 ministryn\u011b. Je schopn\u00fd ustoupit, p\u0159eskupit a\u00a0zm\u011bnit strategii.<\/p>\n<p>Ale Venezuela ukazuje nejl\u00e9pe jeho p\u0159\u00edstup. Co vypadalo na prvn\u00ed pohled jako selh\u00e1n\u00ed p\u0159edvolebn\u00edch slib\u016f (kritizoval jsem to velice hlasit\u011b) a\u00a0dal\u0161\u00ed americk\u00e9 rozvracen\u00ed ciz\u00edch zem\u00ed, skon\u010dilo aktu\u00e1ln\u00ed historickou diplomatickou dohodou mezi USA a\u00a0Venezuelou o\u00a0obnoven\u00ed diplomatick\u00fdch vztah\u016f a\u00a0fotkou nov\u00e9 prezidentky s\u00a0americk\u00fdm ministrem vnitra.<\/p>\n<p>Proto se zat\u00edm zdr\u017euji u hlasit\u00e9 kritiky a hodnocen\u00ed \u00cdr\u00e1nu. Na kritiku, pokud to sel\u017ee, bude \u010dasu dost a prohra bude podle m\u00e9ho znamenat Trump\u016fv konec. Ale pokud se mu to poda\u0159\u00ed, jeho figurky byly op\u011bt rozestav\u011bn\u00e9 p\u0159ekvapiv\u011b dob\u0159e a \u00cdr\u00e1n skute\u010dn\u011b p\u0159ejde pod jin\u00fd druh re\u017eimu bez ob\u010dansk\u00e9 v\u00e1lky atd., stane se Trump z americk\u00e9ho pohledu legendou.<\/p>\n<p><em>Pavel \u0160ik,\u00a0<a href=\"https:\/\/www.facebook.com\/pavel.sik.1\">FB<\/a><\/em><\/p>\n<p>&nbsp;<\/p>\n","protected":false},"excerpt":{"rendered":"<p>Ve standardn\u00ed \u0161achov\u00e9 partii hr\u00e1\u010d za\u010d\u00edn\u00e1 s figurkami na prvn\u00ed a druh\u00e9 \u0159ad\u011b a teprve&#8230;<\/p>\n","protected":false},"author":2,"featured_media":99116,"comment_status":"closed","ping_status":"closed","sticky":false,"template":"","format":"standard","meta":[],"categories":[6],"tags":[1503,452,40],"_links":{"self":[{"href":"https:\/\/www.infokuryr.cz\/n\/wp-json\/wp\/v2\/posts\/101371"}],"collection":[{"href":"https:\/\/www.infokuryr.cz\/n\/wp-json\/wp\/v2\/posts"}],"about":[{"href":"https:\/\/www.infokuryr.cz\/n\/wp-json\/wp\/v2\/types\/post"}],"author":[{"embeddable":true,"href":"https:\/\/www.infokuryr.cz\/n\/wp-json\/wp\/v2\/users\/2"}],"replies":[{"embeddable":true,"href":"https:\/\/www.infokuryr.cz\/n\/wp-json\/wp\/v2\/comments?post=101371"}],"version-history":[{"count":0,"href":"https:\/\/www.infokuryr.cz\/n\/wp-json\/wp\/v2\/posts\/101371\/revisions"}],"wp:featuredmedia":[{"embeddable":true,"href":"https:\/\/www.infokuryr.cz\/n\/wp-json\/wp\/v2\/media\/99116"}],"wp:attachment":[{"href":"https:\/\/www.infokuryr.cz\/n\/wp-json\/wp\/v2\/media?parent=101371"}],"wp:term":[{"taxonomy":"category","embeddable":true,"href":"https:\/\/www.infokuryr.cz\/n\/wp-json\/wp\/v2\/categories?post=101371"},{"taxonomy":"post_tag","embeddable":true,"href":"https:\/\/www.infokuryr.cz\/n\/wp-json\/wp\/v2\/tags?post=101371"}],"curies":[{"name":"wp","href":"https:\/\/api.w.org\/{rel}","templated":true}]}}