{"id":101361,"date":"2026-03-09T00:22:43","date_gmt":"2026-03-08T23:22:43","guid":{"rendered":"https:\/\/www.infokuryr.cz\/n\/?p=101361"},"modified":"2026-03-08T14:32:04","modified_gmt":"2026-03-08T13:32:04","slug":"odsolovaci-zarizeni-a-zakladna-pate-flotily-usa-tercem-iranskych-utoku-na-bahrajn","status":"publish","type":"post","link":"https:\/\/www.infokuryr.cz\/n\/2026\/03\/09\/odsolovaci-zarizeni-a-zakladna-pate-flotily-usa-tercem-iranskych-utoku-na-bahrajn\/","title":{"rendered":"Odsolovac\u00ed za\u0159\u00edzen\u00ed a z\u00e1kladna p\u00e1t\u00e9 flotily USA ter\u010dem \u00edr\u00e1nsk\u00fdch \u00fatok\u016f na Bahrajn"},"content":{"rendered":"<div id=\"fb-root\"><\/div>\n<p><strong><span dir=\"auto\">\u00cdr\u00e1nsk\u00e9 ministerstvo vnitra 8. b\u0159ezna ozn\u00e1milo, \u017ee \u00fatok dronu zp\u016fsobil materi\u00e1ln\u00ed \u0161kody na odsolovac\u00edm za\u0159\u00edzen\u00ed v Bahrajnu.<\/span><\/strong><\/p>\n<p><em><span dir=\"auto\">\u201e\u00cdr\u00e1nsk\u00e9 ozbrojen\u00e9 s\u00edly bez rozd\u00edlu \u00fato\u010dily na civiln\u00ed c\u00edle a po \u00fatoku dronu zp\u016fsobila materi\u00e1ln\u00ed \u0161kody na odsolovac\u00edm za\u0159\u00edzen\u00ed,\u201c uvedlo ministerstvo ve sv\u00e9m prohl\u00e1\u0161en\u00ed bez poskytnut\u00ed dal\u0161\u00edch podrobnost\u00ed.<\/span><\/em><\/p>\n<p><span dir=\"auto\">\u00da\u0159ad pro elekt\u0159inu a vodu v zemi ve sv\u00e9m prohl\u00e1\u0161en\u00ed uvedl, \u017ee \u201e\u00edr\u00e1nsk\u00fd \u00fatok nem\u011bl \u017e\u00e1dn\u00fd dopad na dod\u00e1vky vody ani na elektrickou s\u00ed\u0165\u201c.<\/span><\/p>\n<p><span dir=\"auto\">P\u0159i samostatn\u00e9m \u00fatoku byli t\u0159i lid\u00e9 zran\u011bni, kdy\u017e \u00falomky \u00edr\u00e1nsk\u00e9 rakety zas\u00e1hly univerzitn\u00ed budovu v severn\u00edm Bahrajnu, uvedlo ministerstvo vnitra.<\/span><\/p>\n<p><span dir=\"auto\">Ministerstvo rovn\u011b\u017e ozn\u00e1milo, \u017ee \u00fader zas\u00e1hl za\u0159\u00edzen\u00ed pobl\u00ed\u017e p\u0159\u00edstavu Salm\u00e1n a zp\u016fsobil po\u017e\u00e1r. Nach\u00e1z\u00ed se zde z\u00e1kladna podp\u016frn\u00e9 \u010dinnosti n\u00e1mo\u0159nictva Spojen\u00fdch st\u00e1t\u016f, kter\u00e1 je hlavn\u00edm velitelstv\u00edm 5. flotily n\u00e1mo\u0159nictva a \u00dast\u0159edn\u00edho velitelstv\u00ed n\u00e1mo\u0159n\u00edch sil.<\/span><\/p>\n<p><iframe loading=\"lazy\" src=\"https:\/\/s1.cdnstatic.space\/wp-content\/uploads\/2026\/03\/port2.mp4\" width=\"600\" height=\"338\" data-mce-fragment=\"1\"><\/iframe><\/p>\n<p><iframe loading=\"lazy\" src=\"https:\/\/s1.cdnstatic.space\/wp-content\/uploads\/2026\/03\/port3.mp4\" width=\"600\" height=\"338\" data-mce-fragment=\"1\"><\/iframe><\/p>\n<p><iframe loading=\"lazy\" src=\"https:\/\/s1.cdnstatic.space\/wp-content\/uploads\/2026\/03\/port5.mp4\" width=\"600\" height=\"338\" data-mce-fragment=\"1\"><\/iframe><\/p>\n<p><iframe loading=\"lazy\" src=\"https:\/\/s1.cdnstatic.space\/wp-content\/uploads\/2026\/03\/port4.mp4\" width=\"600\" height=\"338\" data-mce-fragment=\"1\"><\/iframe><\/p>\n<p><span dir=\"auto\">Video zve\u0159ejn\u011bn\u00e9 na internetu tak\u00e9 ukazuje, jak do hotelu Crowne Plaza Manama v hlavn\u00edm m\u011bst\u011b zas\u00e1hl z\u0159ejm\u011b \u00edr\u00e1nsk\u00fd dron. \u00dadajn\u011b se tam nach\u00e1zej\u00ed americk\u00e9 jednotky.<\/span><\/p>\n<p><iframe loading=\"lazy\" src=\"https:\/\/s1.cdnstatic.space\/wp-content\/uploads\/2026\/03\/bah1-1.mp4\" width=\"600\" height=\"338\" data-mce-fragment=\"1\"><\/iframe><\/p>\n<p><span dir=\"auto\">\u00cdr\u00e1n v reakci na v\u00e1lku vyvolanou USA a Izraelem v uplynul\u00e9m t\u00fddnu odp\u00e1lil stovky raket a dron\u016f na sousedn\u00ed zem\u011b, zejm\u00e9na v Persk\u00e9m z\u00e1livu. \u00datoky se zam\u011b\u0159ily na vojensk\u00e1 za\u0159\u00edzen\u00ed, kter\u00e1 host\u00ed nebo podporuj\u00ed americkou arm\u00e1du, a tak\u00e9 na energetick\u00e1 za\u0159\u00edzen\u00ed a infrastrukturu.<\/span><\/p>\n<p><span dir=\"auto\">Jen o den d\u0159\u00edve \u00edr\u00e1nsk\u00fd ministr zahrani\u010d\u00ed Seyed Abbas Araghchi obvinil Spojen\u00e9 st\u00e1ty z \u00fatoku na odsolovac\u00ed za\u0159\u00edzen\u00ed sladk\u00e9 vody na ostrov\u011b Ke\u0161m.<\/span><\/p>\n<p><em><span dir=\"auto\">\u201eUSA se dopustily do o\u010d\u00ed bij\u00edc\u00edho a zoufal\u00e9ho zlo\u010dinu \u00fatokem na odsolovac\u00ed za\u0159\u00edzen\u00ed sladk\u00e9 vody na ostrov\u011b Ke\u0161m. Dod\u00e1vky vody ve 30 vesnic\u00edch byly ovlivn\u011bny,\u201c napsal na X<\/span><\/em><\/p>\n<p><span dir=\"auto\">Araghchi varoval, \u017ee \u201e\u00fatok na \u00edr\u00e1nskou infrastrukturu je nebezpe\u010dn\u00fd krok s v\u00e1\u017en\u00fdmi n\u00e1sledky. Tento precedent vytvo\u0159ily USA, ne \u00cdr\u00e1n.\u201c<\/span><\/p>\n<p><span dir=\"auto\">V\u011bt\u0161ina zem\u00ed Persk\u00e9ho z\u00e1livu je pro spot\u0159ebu sv\u00fdch obyvatel do zna\u010dn\u00e9 m\u00edry z\u00e1visl\u00e1 na odsolen\u00e9 vod\u011b. Asi 60 procent pitn\u00e9 vody v Bahrajnu poch\u00e1z\u00ed z odsolovac\u00edch za\u0159\u00edzen\u00ed, v Kuvajtu je to 90 procent, v Om\u00e1nu 86 procent, v Sa\u00fadsk\u00e9 Ar\u00e1bii 70 procent a ve Spojen\u00fdch arabsk\u00fdch emir\u00e1tech 42 procent.<\/span><\/p>\n<p><span dir=\"auto\">\u00datok na odsolovac\u00ed za\u0159\u00edzen\u00ed vody v Bahrajnu byl pravd\u011bpodobn\u011b reakc\u00ed na \u00fatok na ostrov\u011b Ke\u0161m, ale \u00cdr\u00e1n se k n\u011bmu dosud ofici\u00e1ln\u011b nep\u0159ihl\u00e1sil.<\/span><\/p>\n<p><span dir=\"auto\">Jak\u00e9koli dal\u0161\u00ed \u00fatoky na \u00edr\u00e1nskou infrastrukturu by mohly vyvolat siln\u011bj\u0161\u00ed reakci ze strany Isl\u00e1msk\u00e9 republiky, kter\u00e1 m\u00e1 schopnost zam\u011b\u0159it se na v\u0161echny odsolovac\u00ed za\u0159\u00edzen\u00ed v sousedn\u00edch zem\u00edch. Takov\u00e1 eskalace by jist\u011b vyvolala bezprecedentn\u00ed vodn\u00ed krizi.<\/span><\/p>\n<p><img decoding=\"async\" loading=\"lazy\" class=\"alignnone size-full wp-image-1185\" src=\"http:\/\/www.infokuryr.cz\/n\/wp-content\/uploads\/2021\/04\/kuryr-podpis.png\" alt=\"\" width=\"84\" height=\"24\" \/><\/p>\n<p>&nbsp;<\/p>\n","protected":false},"excerpt":{"rendered":"<p>\u00cdr\u00e1nsk\u00e9 ministerstvo vnitra 8. b\u0159ezna ozn\u00e1milo, \u017ee \u00fatok dronu zp\u016fsobil materi\u00e1ln\u00ed \u0161kody na odsolovac\u00edm za\u0159\u00edzen\u00ed&#8230;<\/p>\n","protected":false},"author":2,"featured_media":52011,"comment_status":"closed","ping_status":"closed","sticky":false,"template":"","format":"standard","meta":[],"categories":[7],"tags":[38,37,1863,5135],"_links":{"self":[{"href":"https:\/\/www.infokuryr.cz\/n\/wp-json\/wp\/v2\/posts\/101361"}],"collection":[{"href":"https:\/\/www.infokuryr.cz\/n\/wp-json\/wp\/v2\/posts"}],"about":[{"href":"https:\/\/www.infokuryr.cz\/n\/wp-json\/wp\/v2\/types\/post"}],"author":[{"embeddable":true,"href":"https:\/\/www.infokuryr.cz\/n\/wp-json\/wp\/v2\/users\/2"}],"replies":[{"embeddable":true,"href":"https:\/\/www.infokuryr.cz\/n\/wp-json\/wp\/v2\/comments?post=101361"}],"version-history":[{"count":1,"href":"https:\/\/www.infokuryr.cz\/n\/wp-json\/wp\/v2\/posts\/101361\/revisions"}],"predecessor-version":[{"id":101362,"href":"https:\/\/www.infokuryr.cz\/n\/wp-json\/wp\/v2\/posts\/101361\/revisions\/101362"}],"wp:featuredmedia":[{"embeddable":true,"href":"https:\/\/www.infokuryr.cz\/n\/wp-json\/wp\/v2\/media\/52011"}],"wp:attachment":[{"href":"https:\/\/www.infokuryr.cz\/n\/wp-json\/wp\/v2\/media?parent=101361"}],"wp:term":[{"taxonomy":"category","embeddable":true,"href":"https:\/\/www.infokuryr.cz\/n\/wp-json\/wp\/v2\/categories?post=101361"},{"taxonomy":"post_tag","embeddable":true,"href":"https:\/\/www.infokuryr.cz\/n\/wp-json\/wp\/v2\/tags?post=101361"}],"curies":[{"name":"wp","href":"https:\/\/api.w.org\/{rel}","templated":true}]}}