{"id":101343,"date":"2026-03-09T00:13:27","date_gmt":"2026-03-08T23:13:27","guid":{"rendered":"https:\/\/www.infokuryr.cz\/n\/?p=101343"},"modified":"2026-03-08T13:56:47","modified_gmt":"2026-03-08T12:56:47","slug":"jsme-na-zacatku-treti-svetove-valky","status":"publish","type":"post","link":"https:\/\/www.infokuryr.cz\/n\/2026\/03\/09\/jsme-na-zacatku-treti-svetove-valky\/","title":{"rendered":"Jsme na za\u010d\u00e1tku t\u0159et\u00ed sv\u011btov\u00e9 v\u00e1lky?"},"content":{"rendered":"<div id=\"fb-root\"><\/div>\n<h3 class=\"wp-block-heading\"><span dir=\"auto\">Rozhovor s Jeffreym Sachsem<\/span><\/h3>\n<p><span dir=\"auto\">V\u00edtejte zp\u011bt. Profesor Jeffrey Sachs je dnes s n\u00e1mi, aby hovo\u0159il o tom, co se c\u00edt\u00ed jako hroucen\u00ed sv\u011bta. D\u011bkujeme, \u017ee jste se k n\u00e1m op\u011bt p\u0159ipojili.<\/span><\/p>\n<p><span dir=\"auto\">V dob\u011b dramatick\u00fdch glob\u00e1ln\u00edch ot\u0159es\u016f, kdy v\u00e1lka proti \u00cdr\u00e1nu vstupuje do druh\u00e9ho t\u00fddne a konflikty se \u0161\u00ed\u0159\u00ed nap\u0159\u00ed\u010d kontinenty, varoval v exkluzivn\u00edm rozhovoru renomovan\u00fd ekonom a politick\u00fd poradce Jeffrey Sachs p\u0159ed prvn\u00edmi zn\u00e1mkami t\u0159et\u00ed sv\u011btov\u00e9 v\u00e1lky. Sachs, \u0159editel Centra pro udr\u017eiteln\u00fd rozvoj na Kolumbijsk\u00e9 univerzit\u011b, analyzoval chaotickou strategii USA za prezidenta Donalda Trumpa, erozi mezin\u00e1rodn\u00edho pr\u00e1va a roli Evropy jako poddajn\u00e9ho vazala.<\/span><\/p>\n<p><span dir=\"auto\">Na z\u00e1klad\u011b ned\u00e1vn\u00fdch ud\u00e1lost\u00ed, jako jsou \u00fatoky na americk\u00e9 z\u00e1kladny, zapojen\u00ed prost\u0159edn\u00edk\u016f a hroz\u00edc\u00ed energetick\u00e1 krize, Sachsov\u00e1 vykresluje bez\u00fat\u011b\u0161n\u00fd obraz sv\u011bta, kter\u00fd je ji\u017e tak zasa\u017een glob\u00e1ln\u00edm konfliktem. Tento \u010dl\u00e1nek shrnuje diskusi a hloub\u011bji se pono\u0159uje do \u00fast\u0159edn\u00edch t\u00e9mat, aby objasnil slo\u017eitost krize.<\/span><\/p>\n<p><strong><span dir=\"auto\">Video v n\u011bmeck\u00e9m dabingu<\/span><\/strong><\/p>\n<figure class=\"wp-block-embed is-type-video is-provider-youtube wp-block-embed-youtube wp-embed-aspect-16-9 wp-has-aspect-ratio\">\n<div class=\"wp-block-embed__wrapper\"><iframe loading=\"lazy\" title=\"Jeffrey Sachs: Jsme na za\u010d\u00e1tku t\u0159et\u00ed sv\u011btov\u00e9 v\u00e1lky?\" src=\"https:\/\/www.youtube.com\/embed\/BLTOr6Pd08k?feature=oembed\" width=\"800\" height=\"450\" frameborder=\"0\" allowfullscreen=\"allowfullscreen\" data-mce-fragment=\"1\"><\/iframe><\/div>\n<\/figure>\n<h3 class=\"wp-block-heading\"><span dir=\"auto\">Americk\u00e1 strategie ve v\u00e1lce s \u00cdr\u00e1nem: Chaos a \u0161\u00edlenstv\u00ed<\/span><\/h3>\n<p><span dir=\"auto\">V\u00fdchoz\u00edm bodem rozhovoru byla prob\u00edhaj\u00edc\u00ed v\u00e1lka proti \u00cdr\u00e1nu, kter\u00e1 za\u010dala jako pokus o zm\u011bnu re\u017eimu, ale rychle se zm\u011bnila ve fiasko.<\/span><\/p>\n<p><span dir=\"auto\">Sachs zd\u016fraznil, \u017ee za Trumpa neexistovala \u017e\u00e1dn\u00e1 ucelen\u00e1 strategie:<\/span><br \/>\n<span dir=\"auto\">\u201eStrategie je u Donalda Trumpa velk\u00e9 slovo. Nev\u011b\u0159\u00edm, \u017ee n\u011bjak\u00e1 strategie existuje.\u201c<\/span><\/p>\n<p><span dir=\"auto\">M\u00edsto toho p\u0159evl\u00e1d\u00e1 zmatek \u2013 ohledn\u011b o\u010dek\u00e1v\u00e1n\u00ed, c\u00edl\u016f a situace v ter\u00e9nu. \u201eV\u00e1le\u010dn\u00e1 mlha\u201c je ve Washingtonu v\u0161udyp\u0159\u00edtomn\u00e1 a jedinou ve\u0159ejnou mluv\u010d\u00ed jsou Trumpovy p\u0159\u00edsp\u011bvky na Truth Social, kter\u00e9 Sachsov\u00e1 popisuje jako \u201enesourod\u00e1 prohl\u00e1\u0161en\u00ed \u0161\u00edlence\u201c.<\/span><\/p>\n<p><span dir=\"auto\">Trump je vn\u00edm\u00e1n jako psychicky labiln\u00ed, co\u017e zhor\u0161uje slo\u017eitost konfliktu. V\u00e1lka se ji\u017e vyost\u0159ila: \u00cdr\u00e1n se chlub\u00ed \u00fatoky na americk\u00e9 z\u00e1kladny v n\u011bkolika zem\u00edch, ale pop\u00edr\u00e1 zapojen\u00ed do \u00fatok\u016f na Sa\u00fadskou Ar\u00e1bii, \u00c1zerb\u00e1jd\u017e\u00e1n a Turecko.<\/span><\/p>\n<p><span dir=\"auto\">USA vyzbrojuj\u00ed kurdsk\u00e9 bojovn\u00edky jako sv\u00e9 n\u00e1m\u011bstky, zat\u00edmco Rusko m\u016f\u017ee poskytovat \u00cdr\u00e1nu zpravodajskou pomoc \u2013 podobn\u011b jako USA podporuj\u00ed Ukrajinu.<\/span><\/p>\n<p><span dir=\"auto\">Sachs varoval p\u0159ed \u201eiluz\u00ed kontrolovateln\u00e9 eskalace\u201c, kter\u00e1 by mohla v\u00e9st p\u0159esn\u011b ke sv\u011btov\u00e9 v\u00e1lce. Moskva je pod tlakem, aby obnovila sv\u016fj odstra\u0161uj\u00edc\u00ed \u00fa\u010dinek proti \u00fatok\u016fm NATO, a Evropa diskutuje o dal\u0161\u00edch jadern\u00fdch zbran\u00edch.<\/span><\/p>\n<h3 class=\"wp-block-heading\"><span dir=\"auto\">Glob\u00e1ln\u00ed konflikt: Od Ukrajiny po Kubu<\/span><\/h3>\n<p><span dir=\"auto\">Sachsov\u00e1 tvrdila, \u017ee se ji\u017e nach\u00e1z\u00edme \u201ev ran\u00fdch dob\u00e1ch t\u0159et\u00ed sv\u011btov\u00e9 v\u00e1lky\u201c:<\/span><\/p>\n<p><span dir=\"auto\">\u201ePravd\u011bpodobn\u011b se nach\u00e1z\u00edme v ran\u00fdch dob\u00e1ch t\u0159et\u00ed sv\u011btov\u00e9 v\u00e1lky a ot\u00e1zkou je, zda ji lze je\u0161t\u011b zastavit.\u201c<\/span><\/p>\n<p><span dir=\"auto\">V\u00e1lka se neomezuje pouze na \u00cdr\u00e1n; boje zu\u0159\u00ed na z\u00e1padn\u00ed polokouli, Trump signalizuje p\u0159evzet\u00ed Kuby, v\u00e1lka na Ukrajin\u011b pokra\u010duje, Bl\u00edzk\u00fd v\u00fdchod je v chaosu a konflikty, jako nap\u0159\u00edklad mezi P\u00e1kist\u00e1nem a Afgh\u00e1nist\u00e1nem nebo potopen\u00ed \u00edr\u00e1nsk\u00e9 lodi u pob\u0159e\u017e\u00ed Indie, spolu voln\u011b souvisej\u00ed.<\/span><\/p>\n<p><span dir=\"auto\">Kl\u00ed\u010dov\u00fdm aspektem je americk\u00e1 strategie kontroly energetick\u00fdch trh\u016f \u2013 ale ta selh\u00e1v\u00e1:<\/span><\/p>\n<p><span dir=\"auto\">&#8222;Z\u00e1soby energie jsou ni\u010deny ka\u017edou hodinu.&#8220;<\/span><\/p>\n<p><span dir=\"auto\">Hroz\u00ed glob\u00e1ln\u00ed energetick\u00e1 krize, kter\u00e1 v\u00e1\u017en\u011b postihne Evropu a Asii a roz\u0161\u00ed\u0159\u00ed v\u00e1lku.<\/span><\/p>\n<p><span dir=\"auto\">Sachs o\u010dek\u00e1v\u00e1 podporu pro \u00cdr\u00e1n od Ruska a \u010c\u00edny:<\/span><\/p>\n<p><span dir=\"auto\">\u201eByl bych naprosto \u0161okov\u00e1n, kdyby Rusko a \u010c\u00edna nepodporovaly \u00cdr\u00e1n.\u201c<\/span><\/p>\n<p><span dir=\"auto\">\u010c\u00edna je z\u00e1visl\u00e1 na \u00edr\u00e1nsk\u00e9 rop\u011b a americk\u00e9 kroky sm\u011b\u0159uj\u00ed k zastaven\u00ed dod\u00e1vek do \u010c\u00edny \u2013 podobn\u011b jako to bylo provedeno s Venezuelou a Ruskem. To je sou\u010d\u00e1st\u00ed \u0161ir\u0161\u00ed v\u00e1lky proti \u010c\u00edn\u011b.<\/span><\/p>\n<h3 class=\"wp-block-heading\"><span dir=\"auto\">\u00datok na Organizaci spojen\u00fdch n\u00e1rod\u016f a mezin\u00e1rodn\u00ed pr\u00e1vo<\/span><\/h3>\n<p><span dir=\"auto\">\u00dast\u0159edn\u00edm bodem byla Sachsova teze, \u017ee americko-izraelsk\u00fd \u00fatok na \u00cdr\u00e1n byl z\u00e1rove\u0148 \u00fatokem na OSN.<\/span><\/p>\n<p><span dir=\"auto\">Americk\u00e1 vl\u00e1da pohrd\u00e1 Organizac\u00ed spojen\u00fdch n\u00e1rod\u016f a usiluje o jej\u00ed zni\u010den\u00ed:<\/span><\/p>\n<p><span dir=\"auto\">\u201eAmerick\u00e1 vl\u00e1da pod veden\u00edm Trumpa pohrd\u00e1 Organizac\u00ed spojen\u00fdch n\u00e1rod\u016f a chce ji zni\u010dit.\u201c<\/span><\/p>\n<p><span dir=\"auto\">USA vystoupily z v\u00edce ne\u017e 30 organizac\u00ed OSN, odm\u00edtly smlouvy, neplatily \u017e\u00e1dn\u00e9 p\u0159\u00edsp\u011bvky a ignorovaly instituce.<\/span><\/p>\n<p><span dir=\"auto\">Sachs\u016fv ka\u017edoro\u010dn\u00ed index dodr\u017eov\u00e1n\u00ed p\u0159edpis\u016f OSN ukazuje, \u017ee USA jsou nejm\u00e9n\u011b spolupracuj\u00edc\u00ed zem\u00ed.<\/span><\/p>\n<p><span dir=\"auto\">J\u00e1dro Charty OSN \u2013 z\u00e1kaz pou\u017eit\u00ed s\u00edly (\u010dl\u00e1nek 2, odstavec 4) \u2013 je ignorov\u00e1no. Trump po\u017eaduje \u201ebezpodm\u00edne\u010dnou kapitulaci\u201c a chce jmenovat dal\u0161\u00edho \u00edr\u00e1nsk\u00e9ho v\u016fdce, kter\u00e9ho Sachs p\u0159irovn\u00e1v\u00e1 k Hitlerovi nebo Napoleonovi.<\/span><\/p>\n<p><span dir=\"auto\">\u010c\u00e1ste\u010dn\u011b za to m\u016f\u017ee Evropa:<\/span><\/p>\n<p><span dir=\"auto\">\u201eEvropa neprojevuje ani sebemen\u0161\u00ed m\u00edru podpory syst\u00e9mu OSN.\u201c<\/span><\/p>\n<p><span dir=\"auto\">V Rad\u011b bezpe\u010dnosti OSN evrop\u0161t\u00ed velvyslanci kritizovali \u00cdr\u00e1n, ani\u017e by se zm\u00ednili o \u00fatoku USA.<\/span><\/p>\n<p><span dir=\"auto\">Sachs popsal surrealistickou sc\u00e9nu, v n\u00ed\u017e i D\u00e1nsko \u2013 potenci\u00e1ln\u011b ohro\u017een\u00e9 americk\u00fdmi n\u00e1roky na Gr\u00f3nsko \u2013 ignorovalo mezin\u00e1rodn\u00ed pr\u00e1vo.<\/span><\/p>\n<h3 class=\"wp-block-heading\"><span dir=\"auto\">P\u00e1d Evropy: Od m\u00edrov\u00e9ho projektu k vazalu<\/span><\/h3>\n<p><span dir=\"auto\">Sachs ost\u0159e kritizoval evropsk\u00e9 veden\u00ed:<\/span><\/p>\n<p><span dir=\"auto\">\u201eEvropa zcela ztratila ve\u0161ker\u00fd vliv, ve\u0161kerou identitu a ve\u0161ker\u00fd zdrav\u00fd rozum.\u201c<\/span><\/p>\n<p><span dir=\"auto\">Projekt EU se rozpad\u00e1 jako vazal USA.<\/span><\/p>\n<p><span dir=\"auto\">N\u011bme\u010dt\u00ed kancl\u00e9\u0159i jako Scholz a Merz (pravd\u011bpodobn\u011b p\u0159eklep u Baerbocka nebo Habecka, ale v tomto kontextu prezentov\u00e1ni jako sou\u010dasn\u00ed) jsou slab\u00ed a v\u00e1le\u010dn\u00ed \u0161tv\u00e1\u010di. Merz chce \u201en\u00e1vrat k n\u011bmeck\u00e9mu militarismu\u201c, ignoruje Rusko a up\u0159ednost\u0148uje z\u00e1jmy USA.<\/span><\/p>\n<p><span dir=\"auto\">Macron argumentuje pro v\u00edce jadern\u00fdch zbran\u00ed, aby se ho \u201eb\u00e1li\u201c \u2013 co\u017e je opak m\u00edrov\u00e9ho projektu.<\/span><\/p>\n<p><span dir=\"auto\">N\u011bmecko se prezentuje jako Trump\u016fv nejv\u011bt\u0161\u00ed podporovatel a douf\u00e1 v pomoc USA na Ukrajin\u011b. Velk\u00e1 Brit\u00e1nie a Francie prosazuj\u00ed p\u0159\u00edmou intervenci.<\/span><\/p>\n<p><span dir=\"auto\">Sachs to srovnal s historick\u00fdmi postavami, jako byli Willy Brandt nebo Helmut Kohl, kte\u0159\u00ed vn\u00edmali Evropu jako m\u00edrov\u00fd projekt.<\/span><\/p>\n<p><span dir=\"auto\">Sou\u010dasn\u00e1 \u201epod\u0159\u00edzenost\u201c d\u011bl\u00e1 z Evropy spolupachatele \u0161\u00edlenstv\u00ed.<\/span><\/p>\n<h3 class=\"wp-block-heading\"><span dir=\"auto\">Zhroucen\u00ed pr\u00e1vn\u00edho st\u00e1tu v dob\u011b v\u00e1lky<\/span><\/h3>\n<p><span dir=\"auto\">Sachs varoval, \u017ee v dob\u00e1ch v\u00e1lky vl\u00e1da z\u00e1kona sl\u00e1bne.<\/span><\/p>\n<p><span dir=\"auto\">V USA je zahrani\u010dn\u00ed politika po cel\u00e1 desetilet\u00ed v rukou CIA, kter\u00e1 funguje jako \u201eneofici\u00e1ln\u00ed vojensk\u00e1 struktura\u201c. Trump pouze nahlas konstatuje, co je politika USA: zm\u011bna re\u017eimu.<\/span><\/p>\n<p><span dir=\"auto\">P\u0159\u00edklady sahaj\u00ed od \u00cdr\u00e1nu v roce 1953 a\u017e po Obamu v S\u00fdrii, Libyi a na Ukrajin\u011b.<\/span><\/p>\n<p><span dir=\"auto\">Sachsov\u00e1 se odvol\u00e1vala na zachycen\u00fd rozhovor Victorie Nulandov\u00e9 z roku 2014, v n\u011bm\u017e hlasovala pro ukrajinsk\u00e9ho v\u016fdce.<\/span><\/p>\n<p><span dir=\"auto\">Pr\u00e1vn\u00ed st\u00e1t je v americk\u00e9 zahrani\u010dn\u00ed politice jen fas\u00e1dou: Eisenhower v roce 1961 varoval p\u0159ed vojensko-pr\u016fmyslov\u00fdm komplexem, ale vojensk\u00fd st\u00e1t ji\u017e existuje.<\/span><\/p>\n<p><span dir=\"auto\">Sachs spekuloval, \u017ee CIA zabila Kennedyho v roce 1963, proto\u017ee usiloval o m\u00edr \u2013 od t\u00e9 doby prezidenti n\u00e1sleduj\u00ed bezpe\u010dnostn\u00ed apar\u00e1t.<\/span><\/p>\n<p><span dir=\"auto\">V Evrop\u011b EU postihuje kritiky jako \u201enep\u0159\u00e1tele\u201c.<\/span><\/p>\n<p><span dir=\"auto\">Bez pr\u00e1vn\u00edho st\u00e1tu v USA \u010dek\u00e1 Evropu stejn\u00fd osud.<\/span><\/p>\n<h3 class=\"wp-block-heading\"><span dir=\"auto\">Hegemonie nebo multipolarita: Cesta k v\u00e1lce<\/span><\/h3>\n<p><span dir=\"auto\">J\u00e1drem probl\u00e9mu je neochota USA vzd\u00e1t se hegemonie.<\/span><\/p>\n<p><span dir=\"auto\">Po roce 1991, v \u201eunipol\u00e1rn\u00edm okam\u017eiku\u201c, se USA pova\u017eovaly za vl\u00e1dce sv\u011bta.<\/span><\/p>\n<p><span dir=\"auto\">Sachsov\u00e1 p\u0159ipomn\u011bla Roosevelta, kter\u00fd v roce 1945 vytvo\u0159il multipol\u00e1rn\u00ed OSN, ale Truman ji transformoval do boje proti komunismu. NSC-68 z roku 1950 to formalizovalo.<\/span><\/p>\n<p><span dir=\"auto\">\u010c\u00edna a Rusko byly podcen\u011bny: V\u00e1lka na Ukrajin\u011b byla v\u00fdsledkem sebeklamu USA (Brzezinski 1997).<\/span><\/p>\n<p><span dir=\"auto\">Izrael, popisovan\u00fd jako \u201e\u0161\u00edlen\u00fd, odpadlick\u00fd st\u00e1t\u201c, s podporou americk\u00e9 lobby \u017eene v\u00e1lku na Bl\u00edzk\u00e9m v\u00fdchod\u011b vp\u0159ed.<\/span><\/p>\n<p><span dir=\"auto\">Angloamerick\u00fd zp\u016fsob my\u0161len\u00ed \u2013 zalo\u017een\u00fd na Hobbesov\u011b Leviathanovi \u2013 vid\u00ed jako z\u00e1ruku m\u00edru pouze dominanci:<\/span><\/p>\n<p><span dir=\"auto\">&#8222;M\u016f\u017ee b\u00fdt jen jeden.&#8220;<\/span><\/p>\n<p><span dir=\"auto\">Sachs se zasazoval o multipolaritu:<\/span><\/p>\n<p><span dir=\"auto\">&#8222;K m\u00edru nepot\u0159ebujete vl\u00e1dce sv\u011bta.&#8220;<\/span><\/p>\n<h3 class=\"wp-block-heading\"><span dir=\"auto\">V\u00fdhled: Pragmatismus, nebo katastrofa?<\/span><\/h3>\n<p><span dir=\"auto\">Sachsov\u00e1 zakon\u010dila pesimisticky: Pokud se toto \u0161\u00edlenstv\u00ed nezastav\u00ed, hroz\u00ed glob\u00e1ln\u00ed krize.<\/span><\/p>\n<p><span dir=\"auto\">\u010c\u00edna, Rusko a Indie by mohly zas\u00e1hnout, ale Z\u00e1pad prod\u00e1v\u00e1 dominanci jako \u201esvobodu\u201c.<\/span><\/p>\n<p><span dir=\"auto\">Roosevelt a Kennedy ch\u00e1pali spolupr\u00e1ci, ale sou\u010dasn\u00ed v\u016fdci \u2013 uv\u011bzn\u011bni v Hobbesov\u011b logice \u2013 riskuj\u00ed v\u0161echno.<\/span><\/p>\n<p><span dir=\"auto\">T\u0159et\u00ed sv\u011btov\u00e1 v\u00e1lka je skute\u010dn\u00e1; je na\u010dase, aby ji pragmatismus zastavil.<\/span><\/p>\n<p><span dir=\"auto\">Tento rozhovor zd\u016fraz\u0148uje nal\u00e9havost situace: Ve sv\u011bt\u011b, kde se v\u00e1lky sl\u00e9vaj\u00ed a instituce se hrout\u00ed, by katastrof\u011b mohla zabr\u00e1nit pouze radik\u00e1ln\u00ed zm\u011bna kurzu.<\/span><\/p>\n<p><span dir=\"auto\">Sachsovo varov\u00e1n\u00ed je v\u00fdzvou k akci \u2013 ne\u017e bude p\u0159\u00edli\u0161 pozd\u011b.<\/span><\/p>\n<p><img decoding=\"async\" loading=\"lazy\" class=\"alignnone size-full wp-image-1185\" src=\"http:\/\/www.infokuryr.cz\/n\/wp-content\/uploads\/2021\/04\/kuryr-podpis.png\" alt=\"\" width=\"84\" height=\"24\" \/><\/p>\n<p>&nbsp;<\/p>\n","protected":false},"excerpt":{"rendered":"<p>Rozhovor s Jeffreym Sachsem V\u00edtejte zp\u011bt. Profesor Jeffrey Sachs je dnes s n\u00e1mi, aby hovo\u0159il&#8230;<\/p>\n","protected":false},"author":2,"featured_media":101344,"comment_status":"closed","ping_status":"closed","sticky":false,"template":"","format":"standard","meta":[],"categories":[7],"tags":[1042,1052,40,889],"_links":{"self":[{"href":"https:\/\/www.infokuryr.cz\/n\/wp-json\/wp\/v2\/posts\/101343"}],"collection":[{"href":"https:\/\/www.infokuryr.cz\/n\/wp-json\/wp\/v2\/posts"}],"about":[{"href":"https:\/\/www.infokuryr.cz\/n\/wp-json\/wp\/v2\/types\/post"}],"author":[{"embeddable":true,"href":"https:\/\/www.infokuryr.cz\/n\/wp-json\/wp\/v2\/users\/2"}],"replies":[{"embeddable":true,"href":"https:\/\/www.infokuryr.cz\/n\/wp-json\/wp\/v2\/comments?post=101343"}],"version-history":[{"count":0,"href":"https:\/\/www.infokuryr.cz\/n\/wp-json\/wp\/v2\/posts\/101343\/revisions"}],"wp:featuredmedia":[{"embeddable":true,"href":"https:\/\/www.infokuryr.cz\/n\/wp-json\/wp\/v2\/media\/101344"}],"wp:attachment":[{"href":"https:\/\/www.infokuryr.cz\/n\/wp-json\/wp\/v2\/media?parent=101343"}],"wp:term":[{"taxonomy":"category","embeddable":true,"href":"https:\/\/www.infokuryr.cz\/n\/wp-json\/wp\/v2\/categories?post=101343"},{"taxonomy":"post_tag","embeddable":true,"href":"https:\/\/www.infokuryr.cz\/n\/wp-json\/wp\/v2\/tags?post=101343"}],"curies":[{"name":"wp","href":"https:\/\/api.w.org\/{rel}","templated":true}]}}