{"id":101340,"date":"2026-03-09T00:11:47","date_gmt":"2026-03-08T23:11:47","guid":{"rendered":"https:\/\/www.infokuryr.cz\/n\/?p=101340"},"modified":"2026-03-08T13:50:52","modified_gmt":"2026-03-08T12:50:52","slug":"thomas-roper-jak-ukrajinske-zakony-na-ochranu-deti-vedou-k-zmizeni-deti-beze-stopy","status":"publish","type":"post","link":"https:\/\/www.infokuryr.cz\/n\/2026\/03\/09\/thomas-roper-jak-ukrajinske-zakony-na-ochranu-deti-vedou-k-zmizeni-deti-beze-stopy\/","title":{"rendered":"Thomas R\u00f6per: Jak ukrajinsk\u00e9 z\u00e1kony na ochranu d\u011bt\u00ed vedou k zmizen\u00ed d\u011bt\u00ed beze stopy"},"content":{"rendered":"<div id=\"fb-root\"><\/div>\n<p><strong><span dir=\"auto\">Na Ukrajin\u011b byl zaveden z\u00e1kon, kter\u00fd by v\u00fdrazn\u011b usnadnil odeb\u00edr\u00e1n\u00ed d\u011bt\u00ed, zejm\u00e9na etnick\u00fdm Rus\u016fm v jihov\u00fdchodn\u00ed Ukrajin\u011b. Jak\u00e9 je pozad\u00ed tohoto z\u00e1kona?<\/span><\/strong><\/p>\n<p><span dir=\"auto\">V posledn\u00edch letech se na Ukrajin\u011b opakovan\u011b objevuj\u00ed zpr\u00e1vy o d\u011btech odeb\u00edran\u00fdch rodi\u010d\u016fm pod fale\u0161n\u00fdmi z\u00e1minkami nebo o d\u011btech mizej\u00edc\u00edch z d\u011btsk\u00fdch domov\u016f. N\u011bkter\u00e9 z t\u011bchto d\u011bt\u00ed se pozd\u011bji znovu objevily v z\u00e1padn\u00edch zem\u00edch jako ob\u011bti pedofiln\u00edch s\u00edt\u00ed. Z\u00e1padn\u00ed m\u00e9dia v\u0161ak o t\u011bchto p\u0159\u00edpadech neinformuj\u00ed.<\/span><\/p>\n<p><span dir=\"auto\">Z\u00e1padn\u00ed m\u00e9dia informuj\u00ed, \u017ee Rusko deportovalo tis\u00edce (nebo dokonce stovky tis\u00edc, \u010d\u00edsla se zna\u010dn\u011b li\u0161\u00ed) ukrajinsk\u00fdch d\u011bt\u00ed. Zdr\u00e1haj\u00ed se v\u0161ak zm\u00ednit, \u017ee Kyjev byl schopen p\u0159edlo\u017eit seznam pouze 339 d\u011bt\u00ed, o kter\u00fdch m\u00e1 podez\u0159en\u00ed, \u017ee byly do Ruska odvezeny proti sv\u00e9 v\u016fli. V\u00edce o tom, jak k t\u011bmto velmi odli\u0161n\u00fdm \u010d\u00edsl\u016fm do\u0161lo, si m\u016f\u017eete p\u0159e\u010d\u00edst\u00a0<\/span><a href=\"https:\/\/anti-spiegel.ru\/2025\/die-legende-der-angeblich-nach-russland-deportierten-ukrainischen-kinder\/\"><u><span dir=\"auto\">zde<\/span><\/u><\/a><span dir=\"auto\">\u00a0.<\/span><\/p>\n<p><span dir=\"auto\">A z\u00e1padn\u00ed m\u00e9dia se tak\u00e9 zdr\u00e1haj\u00ed informovat o tom, \u017ee kontrola 339 jmen odhalila, \u017ee n\u011bkter\u00e9 z d\u011bt\u00ed v\u016fbec nebyly v Rusku, ale ode\u0161ly do EU se sv\u00fdmi rodi\u010di nebo p\u011bstouny.<\/span><\/p>\n<p><span dir=\"auto\">Nyn\u00ed byl na Ukrajin\u011b pod z\u00e1minkou ochrany d\u011bt\u00ed p\u0159ijat z\u00e1kon, jeho\u017e hlavn\u00edm c\u00edlem je zjednodu\u0161it proces zbavov\u00e1n\u00ed rodi\u010dovsk\u00fdch pr\u00e1v a odeb\u00edr\u00e1n\u00ed d\u011bt\u00ed etnick\u00fdm Rus\u016fm. M\u00e9 tvrzen\u00ed, \u017ee tento z\u00e1kon c\u00edl\u00ed prim\u00e1rn\u011b na etnick\u00e9 Rusy, pramen\u00ed z jednoduch\u00e9ho d\u016fvodu: z\u00e1kon umo\u017e\u0148uje n\u00e1siln\u00e9 odeb\u00edr\u00e1n\u00ed d\u011bt\u00ed rodi\u010d\u016fm, kte\u0159\u00ed \u017eij\u00ed pobl\u00ed\u017e frontov\u00e9 linie a odm\u00edtaj\u00ed evakuaci. A ti, kdo odm\u00edtaj\u00ed evakuaci, jsou ve skute\u010dnosti etni\u010dt\u00ed Rusov\u00e9 \u010dekaj\u00edc\u00ed na osvobozen\u00ed ruskou arm\u00e1dou, a proto rad\u011bji z\u016fst\u00e1vaj\u00ed v bojov\u00e9 z\u00f3n\u011b, ne\u017e aby jeli na z\u00e1padn\u00ed Ukrajinu.<\/span><\/p>\n<p><span dir=\"auto\">Agentura TASS o tomto z\u00e1konu\u00a0zve\u0159ejnila\u00a0<\/span><a href=\"https:\/\/tass.ru\/opinions\/26668121\"><u><span dir=\"auto\">\u010dl\u00e1nek , kter\u00fd jsem p\u0159elo\u017eil, proto\u017ee jinak by se o n\u011bm lid\u00e9 v N\u011bmecku pravd\u011bpodobn\u011b nikdy nedozv\u011bd\u011bli.<\/span><\/u><\/a><\/p>\n<p><em><strong><span dir=\"auto\">Za\u010d\u00e1tek p\u0159ekladu:<\/span><\/strong><\/em><\/p>\n<h2 class=\"wp-block-heading\"><span dir=\"auto\">N\u00e1sil\u00ed za maskou humanismu: Jak nov\u00fd z\u00e1kon d\u011bs\u00ed rodi\u010de na Ukrajin\u011b<\/span><\/h2>\n<p><strong><span dir=\"auto\">Andrej Nizamutdinow o z\u00e1konu t\u00fdkaj\u00edc\u00edm se nucen\u00e9 evakuace d\u011bt\u00ed a jejich n\u00e1sledn\u00e9m osudu.<\/span><\/strong><\/p>\n<p><span dir=\"auto\">Tento t\u00fdden Volodymyr Zelenskyj podepsal z\u00e1kon na\u0159izuj\u00edc\u00ed evakuaci obyvatel z oblast\u00ed s potenci\u00e1ln\u00edmi nep\u0159\u00e1telsk\u00fdmi akcemi. Jedno z ustanoven\u00ed z\u00e1kona umo\u017e\u0148uje n\u00e1siln\u00e9 odebr\u00e1n\u00ed d\u011bt\u00ed, a to i proti v\u016fli rodi\u010d\u016f. Kyjev to prezentuje jako obavu mlad\u0161\u00ed generace, ale existuj\u00ed siln\u00e9 d\u016fkazy nazna\u010duj\u00edc\u00ed, \u017ee za schv\u00e1len\u00edm z\u00e1kona se skr\u00fdvaj\u00ed dalekos\u00e1hl\u00e9 politick\u00e9 a ekonomick\u00e9 c\u00edle.<\/span><\/p>\n<h3 class=\"wp-block-heading\"><span dir=\"auto\">Generace bez m\u00edru<\/span><\/h3>\n<p><span dir=\"auto\">Jednoho prosincov\u00e9ho r\u00e1na roku 2014, kdy\u017e jsem odch\u00e1zel z p\u011btipatrov\u00e9 budovy v Don\u011bcku, kde jsem se do\u010dasn\u011b ubytoval, jsem si v\u0161iml mal\u00e9ho oplocen\u00e9ho are\u00e1lu pat\u0159\u00edc\u00edho mate\u0159sk\u00e9 \u0161kole ve stejn\u00e9 budov\u011b. T\u0159\u00edlet\u00e9 a \u010dty\u0159let\u00e9 d\u011bti si vesele hr\u00e1ly ve sn\u011bhu a nenechaly se vyv\u00e9st z m\u00edry d\u011blost\u0159eleckou palbou, kter\u00e1 opakovan\u011b donutila dv\u011b u\u010ditelky posko\u010dit. Don\u011bck byl u\u017e tehdy skute\u010dn\u00fdm m\u011bstem na frontov\u00e9 linii.<\/span><\/p>\n<p><span dir=\"auto\">Prvotn\u00ed emoce z t\u00e9to sc\u00e9ny rychle vyst\u0159\u00eddal \u0161ok z rozsahu toho, co se d\u011bje: D\u011bti si u\u017e\u00edvaly prvn\u00ed sn\u00edh a za posledn\u00ed m\u011bs\u00edce si zvykly na neust\u00e1l\u00fd hluk, v\u00fdbuchy a d\u011blost\u0159eleckou palbu. D\u011bti si zvykly na \u017eivot ve v\u00e1lce!<\/span><\/p>\n<p><span dir=\"auto\">Od t\u00e9 doby uplynulo v\u00edce ne\u017e jeden\u00e1ct let. B\u011bhem t\u00e9to doby vyrostla na Donbasu cel\u00e1 generace, kter\u00e1 nezn\u00e1 m\u00edr, proto\u017ee ost\u0159elov\u00e1n\u00ed m\u011bst a vesnic ukrajinsk\u00fdmi silami pokra\u010dovalo v pr\u016fb\u011bhu let, by\u0165 s r\u016fznou intenzitou. A\u010dkoli se rusk\u00fdm jednotk\u00e1m b\u011bhem vojensk\u00e9 operace poda\u0159ilo v\u00fdrazn\u011b posunout frontovou linii, z\u00e1padn\u00ed podporovatel\u00e9 nacistick\u00e9ho re\u017eimu nastolen\u00e9ho v Kyjev\u011b se sna\u017eili v\u0161emo\u017en\u011b m\u00edru zabr\u00e1nit. Ukrajinsk\u00fdm ozbrojen\u00fdm sil\u00e1m a n\u00e1rodn\u00edm prapor\u016fm bylo dod\u00e1v\u00e1no d\u011blost\u0159electvo dlouh\u00e9ho doletu, raketomety a raketomety s v\u00edcen\u00e1sobn\u00fdm po\u010dtem \u0159\u00edzen\u00fdch st\u0159el; nasazeny byly tak\u00e9 drony, kazetov\u00e1 munice a improvizovan\u00e1 v\u00fdbu\u0161n\u00e1 za\u0159\u00edzen\u00ed.<\/span><\/p>\n<p><span dir=\"auto\">Cel\u00fd tento smrt\u00edc\u00ed arzen\u00e1l, kter\u00fd obdr\u017eeli z USA a evropsk\u00e9 \u201ekvetouc\u00ed zahrady\u201c, je nad\u00e1le pou\u017e\u00edv\u00e1n p\u0159edev\u0161\u00edm proti civiln\u00edmu obyvatelstvu Donbasu a Novoruska, jeho\u017e jedin\u00fdm zlo\u010dinem je odm\u00edtnut\u00ed st\u00e1t se ob\u010dany druh\u00e9 kategorie v nacistick\u00e9m st\u00e1t\u011b, kter\u00fd v roce 2014 vznikl z trosek b\u00fdval\u00e9 Ukrajiny.<\/span><\/p>\n<p><span dir=\"auto\">\u010ciny Zelensk\u00e9ho re\u017eimu v\u0161ak ovliv\u0148uj\u00ed i \u200b\u200bobyvatelstvo dal\u0161\u00edch rusk\u00fdch region\u016f, a to jak pohrani\u010dn\u00edch, tak i t\u011bch vzd\u00e1len\u00fdch od linie kontaktu. Nap\u0159\u00edklad v noci 4. b\u0159ezna bylo p\u0159i \u00fatoku ukrajinsk\u00e9ho dronu ve Volgogradsk\u00e9 oblasti zran\u011bno p\u011bt lid\u00ed. Podle Rodiona Miro\u0161nika, zvl\u00e1\u0161tn\u00edho vyslance rusk\u00e9ho ministerstva zahrani\u010d\u00ed, bylo minul\u00fd t\u00fdden ukrajinsk\u00fdmi silami zabito 22 lid\u00ed a 131 civilist\u016f, v\u010detn\u011b d\u00edt\u011bte, bylo zran\u011bno. V\u011bt\u0161ina ob\u011bt\u00ed byla zaznamen\u00e1na v B\u011blgorodsk\u00e9, Chersonsk\u00e9 a Z\u00e1poro\u017esk\u00e9 oblasti, kter\u00e9 byly ter\u010dem \u00fatok\u016f dron\u016f, raket a d\u011blost\u0159electva. Bylo tak\u00e9 hl\u00e1\u0161eno n\u011bkolik p\u0159\u00edpad\u016f v\u00fdbuch\u016f zp\u016fsoben\u00fdch d\u00e1lkov\u011b odp\u00e1len\u00fdmi minami.<\/span><\/p>\n<p><span dir=\"auto\">Ukrajinsk\u00e9 ozbrojen\u00e9 s\u00edly \u010dasto \u00fato\u010d\u00ed na zdravotnick\u00e1 a vzd\u011bl\u00e1vac\u00ed za\u0159\u00edzen\u00ed. Podle rusk\u00e9ho velvyslance p\u0159i OSN Vasilije N\u011bbenzji, kter\u00fd 2. b\u0159ezna na zased\u00e1n\u00ed Rady bezpe\u010dnosti o ochran\u011b d\u011bt\u00ed a vzd\u011bl\u00e1v\u00e1n\u00ed v konfliktech p\u0159edstavil \u00fadaje, byly rusk\u00e9 \u0161koly jen v uplynul\u00e9m t\u00fddnu napadeny p\u011btkr\u00e1t.<\/span><\/p>\n<p><span dir=\"auto\">Jak m\u011b informoval Miroshnik, mezi lety 2014 a 22. \u00fanorem 2026 se stalo ob\u011bt\u00ed ukrajinsk\u00fdch nacist\u016f p\u0159es 41 000 lid\u00ed. Mezi nimi bylo 1 976 d\u011bt\u00ed (1 627 bylo zran\u011bno, 349 zabito). Po celou dobu ani \u201eosv\u00edcen\u00fd a demokratick\u00fd\u201c Z\u00e1pad, ani Kyjev nepova\u017eovaly za vhodn\u00e9 vyj\u00e1d\u0159it t\u011bmto ob\u011btem soustrast.<\/span><\/p>\n<p><span dir=\"auto\">Pro\u010d tedy Zelensk\u00e9ho re\u017eim najednou vyjad\u0159uje dojemnou soustrast d\u011btem t\u011bch lid\u00ed, kter\u00e9 s\u00e1m odch\u00e1zej\u00edc\u00ed ukrajinsk\u00fd prezident a mnoho dal\u0161\u00edch \u201epolitick\u00fdch Ukrajinc\u016f\u201c otev\u0159en\u011b naz\u00fdvali \u201espodinou\u201c, \u201ebl\u00e1zny\u201c, \u201eotroky\u201c, \u201erakovinami\u201c a \u201egenetick\u00fdm odpadem\u201c? A kte\u0159\u00ed se ne\u0161t\u00edt\u00ed \u201ed\u00e1vat jim nejr\u016fzn\u011bj\u0161\u00ed sliby, \u017ee je pov\u011bs\u00ed, tedy \u017ee je pov\u011bs\u00ed pozd\u011bji\u201c.<\/span><\/p>\n<h3 class=\"wp-block-heading\"><span dir=\"auto\">Trumpovi se to l\u00edbilo<\/span><\/h3>\n<p><span dir=\"auto\">Domn\u00edv\u00e1m se, \u017ee pl\u00e1n Kyjeva spo\u010d\u00edval v tom, aby schv\u00e1len\u00ed z\u00e1kona prob\u011bhlo p\u0159esn\u011b v dob\u011b zased\u00e1n\u00ed Rady bezpe\u010dnosti OSN, kde se bude diskutovat o ochran\u011b d\u011bt\u00ed v konfliktn\u00edch situac\u00edch. Sch\u016fzi p\u0159edsedala prvn\u00ed d\u00e1ma USA Melania Trumpov\u00e1, kter\u00e1 se od lo\u0148sk\u00e9ho roku intenzivn\u011b v\u011bnuje ot\u00e1zce slu\u010dov\u00e1n\u00ed rodin v konfliktn\u00ed z\u00f3n\u011b na Ukrajin\u011b. D\u00edky jej\u00edm kontakt\u016fm s ruskou d\u011btskou ombudsmankou Mari\u00ed Lvovovou-B\u011blovou se ji\u017e n\u011bkolik d\u011bt\u00ed setkalo se sv\u00fdmi p\u0159\u00edbuzn\u00fdmi v Rusku nebo na Ukrajin\u011b.<\/span><\/p>\n<p><span dir=\"auto\">Vzhledem k t\u00e9to metodick\u00e9, diskr\u00e9tn\u00ed, ale z\u00e1rove\u0148 efektivn\u00ed a nepochybn\u011b u\u0161lechtil\u00e9 pr\u00e1ci musel Kyjev prok\u00e1zat i svou proaktivitu, a proto usp\u011bchan\u00e1 p\u0159\u00edprava a schv\u00e1len\u00ed z\u00e1kona. Jsem si jist\u00fd, \u017ee se jedn\u00e1 o pokus zap\u016fsobit na Melanii Trumpovou a jej\u00edm prost\u0159ednictv\u00edm pot\u011b\u0161it i jej\u00edho man\u017eela, prezidenta. Zvl\u00e1\u0161\u0165 kdy\u017e Zelensk\u00e9ho osobn\u00ed vztah s Trumpem nen\u00ed, m\u00edrn\u011b \u0159e\u010deno, moc dobr\u00fd.<\/span><\/p>\n<h3 class=\"wp-block-heading\"><span dir=\"auto\">Propaga\u010dn\u00ed kampa\u0148<\/span><\/h3>\n<p><span dir=\"auto\">Schv\u00e1len\u00ed z\u00e1kona o nucen\u00e9 evakuaci d\u011bt\u00ed nepochybn\u011b slou\u017e\u00ed k zes\u00edlen\u00ed propagandistick\u00e9 kampan\u011b proti Rusku, kterou Kyjev vede ji\u017e l\u00e9ta. Zat\u00edmco z\u00e1stupci kyjevsk\u00e9ho re\u017eimu zpo\u010d\u00e1tku hovo\u0159ili o \u201estovk\u00e1ch\u201c d\u011bt\u00ed, kter\u00e9 Rusko \u00fadajn\u011b neleg\u00e1ln\u011b odvezlo z Ukrajiny, pozd\u011bji se jejich po\u010det zv\u00fd\u0161il na tis\u00edce.<\/span><\/p>\n<p><span dir=\"auto\">V b\u0159eznu 2023 vydal Mezin\u00e1rodn\u00ed trestn\u00ed soud (ICC) zatyka\u010de na rusk\u00e9ho prezidenta Vladimira Putina a ruskou d\u011btskou ombudsmanku Lvovovou-B\u011blovovou za \u201enez\u00e1konnou deportaci\u201c d\u011bt\u00ed z Ukrajiny. Moskva toto rozhodnut\u00ed prohl\u00e1sila za \u201eneplatn\u00e9\u201c, proto\u017ee Rusko a priori neuzn\u00e1v\u00e1 jurisdikci ICC.<\/span><\/p>\n<p><span dir=\"auto\">\u201eNavzdory dezinformac\u00edm, l\u017e\u00edm a odporn\u00e9 kampani proti Rusku za \u00fadajn\u00fd \u00fanos 20 000 ukrajinsk\u00fdch d\u011bt\u00ed \u2013 a\u010dkoli to nikdo nikdy neprok\u00e1zal \u2013 pracujeme na slou\u010den\u00ed nezletil\u00fdch s jejich rodinami, kter\u00e9 s nimi v d\u016fsledku konfliktu ztratily kontakt. Katar, Mezin\u00e1rodn\u00ed v\u00fdbor \u010cerven\u00e9ho k\u0159\u00ed\u017ee a Vatik\u00e1n n\u00e1s v tom podporuj\u00ed,\u201c zd\u016fraznil na zased\u00e1n\u00ed Rady bezpe\u010dnosti OSN st\u00e1l\u00fd rusk\u00fd z\u00e1stupce Nebesja.<\/span><\/p>\n<p><span dir=\"auto\">Kyjev\u0161t\u00ed propagandist\u00e9 \u200b\u200bnicm\u00e9n\u011b vytrv\u00e1vaj\u00ed a \u0161\u00ed\u0159\u00ed pomluvy, kter\u00e9 snadno zachyt\u00ed evropsk\u00e1 m\u00e9dia. Nap\u0159\u00edklad kr\u00e1tce p\u0159ed zased\u00e1n\u00edm Rady bezpe\u010dnosti britsk\u00e9 noviny \u201eThe Sunday Telegraph\u201c otiskly \u010dl\u00e1nek o utrpen\u00ed ukrajinsk\u00fdch d\u011bt\u00ed ve v\u00e1lce. Bez ohledu na jejich p\u016fvod by nem\u011bly vyr\u016fstat v takov\u00fdch podm\u00ednk\u00e1ch (zejm\u00e9na ne pod vlivem nacionalist\u016f). Nejsem si v\u0161ak v\u011bdom jedin\u00e9ho \u010dl\u00e1nku v t\u011bchto ani v jin\u00fdch britsk\u00fdch novin\u00e1ch, kter\u00fd by vyj\u00e1d\u0159il soucit s d\u011btmi na Donbasu, kter\u00e9 \u017eij\u00ed pod neust\u00e1l\u00fdm ost\u0159elov\u00e1n\u00edm. Nemluv\u011b o tom, \u017ee noviny opomn\u011bly smrt v\u00edce ne\u017e 160 mlad\u00fdch \u0161kola\u010dek v d\u016fsledku americko-izraelsk\u00e9ho \u00fatoku na \u00cdr\u00e1n.<\/span><\/p>\n<h3 class=\"wp-block-heading\"><span dir=\"auto\">Nucen\u00e1 ukrajinizace jako prost\u0159edek vyv\u00edjen\u00ed tlaku<\/span><\/h3>\n<p><span dir=\"auto\">Z\u00e1kon o evakuaci d\u011bt\u00ed je pln\u011b v souladu s politikou nucen\u00e9 ukrajinizace, kter\u00e1 aktivn\u011b za\u010dala na po\u010d\u00e1tku roku 2000 a nabrala na obr\u00e1tk\u00e1ch zejm\u00e9na po p\u0159evratu v roce 2014.<\/span><\/p>\n<p><span dir=\"auto\">Dokument, kter\u00fd schv\u00e1lila Nejvy\u0161\u0161\u00ed rada a podepsal Zelenskyj, stanov\u00ed, \u017ee v p\u0159\u00edpadech, kdy se osada nach\u00e1z\u00ed v oblasti aktivn\u00edch boj\u016f a rodi\u010de odm\u00edtnou povinnou evakuaci sv\u00fdch d\u011bt\u00ed, n\u00e1rodn\u00ed policie je \u201eodveze do bezpe\u010dn\u00fdch oblast\u00ed a n\u00e1sledn\u011b je p\u0159ed\u00e1 org\u00e1n\u016fm opatrovnictv\u00ed\u201c. Podot\u00fdk\u00e1m, \u017ee obyvatelstvo jihov\u00fdchodn\u00ed Ukrajiny je p\u0159ev\u00e1\u017en\u011b rusky mluv\u00edc\u00ed. Podle nov\u00e9ho z\u00e1kona budou d\u011bti nejen n\u00e1siln\u011b odebr\u00e1ny od rodin, ale tak\u00e9 od sv\u00e9ho jazykov\u00e9ho a soci\u00e1ln\u00edho prost\u0159ed\u00ed a um\u00edst\u011bny do instituce, kde budou vzd\u011bl\u00e1v\u00e1ny a \u0161koleny podle program\u016f charakterizovan\u00fdch radik\u00e1ln\u00edm nacionalismem a rusofobi\u00ed.<\/span><\/p>\n<p><span dir=\"auto\">V podstat\u011b se jedn\u00e1 o politiku rozd\u011blov\u00e1n\u00ed rodin, kter\u00e1 se v rukou kyjevsk\u00fdch \u00fa\u0159ad\u016f st\u00e1v\u00e1 \u00fa\u010dinn\u00fdm prost\u0159edkem n\u00e1tlaku v\u016f\u010di obyvatel\u016fm jihov\u00fdchodn\u00ed Ukrajiny. Rusk\u00fd d\u011btsk\u00fd ombudsman to v\u00fdslovn\u011b kritizoval a obvinil Kyjev z pokrytectv\u00ed. \u201ePodpora na\u0161\u00ed zem\u011b rodin\u00e1m prchaj\u00edc\u00edm do bezpe\u010dn\u011bj\u0161\u00edch oblast\u00ed je ozna\u010dov\u00e1na za deportaci. Kyjevsk\u00e9 \u00fa\u0159ady m\u00edsto dialogu s rodinami zastra\u0161uj\u00ed nucen\u00fdm odd\u011blen\u00edm a evakuac\u00ed, \u010d\u00edm\u017e vyv\u00edjej\u00ed tlak na lidi v ji\u017e tak prek\u00e9rn\u00ed situaci,\u201c poznamenala Lvovov\u00e1-B\u011blov\u00e1.<\/span><\/p>\n<p><span dir=\"auto\">Obzvl\u00e1\u0161t\u011b cynick\u00e9 je, \u017ee rodi\u010d\u016fm hroz\u00ed i ztr\u00e1ta p\u00e9\u010de o d\u00edt\u011b. Podle nov\u00e9ho z\u00e1kona vede odm\u00edtnut\u00ed opustit ur\u010den\u00e9 m\u00edsto k nucen\u00e9mu odebr\u00e1n\u00ed d\u00edt\u011bte a soci\u00e1ln\u00ed slu\u017eby okam\u017eit\u011b postoup\u00ed p\u0159\u00edpad soudu, kter\u00fd rozhodne o omezen\u00ed nebo \u00fapln\u00e9m odn\u011bt\u00ed p\u00e9\u010de o d\u00edt\u011b. Za t\u011bchto okolnost\u00ed se n\u00e1vrat d\u00edt\u011bte do jeho p\u016fvodn\u00ed rodiny st\u00e1v\u00e1 extr\u00e9mn\u011b obt\u00ed\u017en\u00fdm.<\/span><\/p>\n<h3 class=\"wp-block-heading\"><span dir=\"auto\">Pro milovn\u00edky d\u011bt\u00ed<\/span><\/h3>\n<p><span dir=\"auto\">Lwova-Belowa se tak\u00e9 zab\u00fdvala dal\u0161\u00edm aspektem, o kter\u00e9m takzvan\u00ed z\u00e1padn\u00ed aktivist\u00e9 za lidsk\u00e1 pr\u00e1va a ukrajin\u0161t\u00ed politici, kte\u0159\u00ed je chr\u00e1n\u00ed, rad\u011bji ml\u010d\u00ed: \u201eExistuj\u00ed zpr\u00e1vy od rodi\u010d\u016f o aktivit\u00e1ch organizac\u00ed, kter\u00e9 evakuuj\u00ed d\u011bti z frontov\u00e9 linie, a tak\u00e9 od nadac\u00ed, kter\u00e9 evakuuj\u00ed d\u011bti ze sirot\u010dinc\u016f. Osud d\u011bt\u00ed je \u010dasto nezn\u00e1m\u00fd a rodi\u010de je nad\u00e1le hledaj\u00ed. N\u011bkdy skon\u010d\u00ed v p\u011bstounsk\u00fdch rodin\u00e1ch nebo sirot\u010dinc\u00edch, kter\u00e9 je pak odvezou do jin\u00fdch zem\u00ed, nap\u0159\u00edklad do z\u00e1padn\u00ed Evropy, a n\u00e1vrat d\u011bt\u00ed se tak st\u00e1v\u00e1 prakticky nemo\u017en\u00fdm,\u201c uvedla d\u011btsk\u00e1 ombudsmanka.<\/span><\/p>\n<p><span dir=\"auto\">Ano, v Kyjev\u011b i na Z\u00e1pad\u011b se prob\u00edhaj\u00ed pokusy o zatajen\u00ed nep\u0159\u00edjemn\u00fdch pravd, i kdy\u017e pravda n\u011bkdy vyjde najevo. Nap\u0159\u00edklad loni vy\u0161lo najevo, \u017ee ukrajin\u0161t\u00ed sirotci byli evakuov\u00e1ni do Turecka v r\u00e1mci \u201echaritativn\u00edho programu\u201c Jeleny Zelensk\u00e9. Uk\u00e1zalo se, \u017ee mlad\u00ed lid\u00e9 tam hladov\u011bli, byli nuceni si vyd\u011bl\u00e1vat vlastn\u00ed pen\u00edze a byli trest\u00e1ni, pokud odm\u00edtli. Byly odhaleny p\u0159\u00edpady psychick\u00e9ho a sexu\u00e1ln\u00edho zneu\u017e\u00edv\u00e1n\u00ed a dv\u011b nezletil\u00e9 d\u00edvky se z \u201eevakuace\u201c vr\u00e1tily t\u011bhotn\u00e9.<\/span><\/p>\n<p><span dir=\"auto\">A to je nepochybn\u011b jen \u0161pi\u010dka ledovce. Nezapom\u00ednejme, \u017ee mlad\u00e9 \u201emodelky\u201c z Ukrajiny byly zm\u00edn\u011bny i v \u201eEpsteinov\u00fdch spisech\u201c, v nich\u017e se mimochodem objevuje i s\u00e1m Vladimir Zelenskyj. Je to opravdov\u00fd rodinn\u00fd podnik: Man\u017eelka vezme d\u011bti do zahrani\u010d\u00ed, kde beze stopy zmiz\u00ed, zat\u00edmco man\u017eel jim zajist\u00ed pr\u00e1vn\u00ed ochranu. A pak si dokonce dovol\u00ed mluvit o mor\u00e1lce\u2026<\/span><\/p>\n<h3 class=\"wp-block-heading\"><span dir=\"auto\">V rozporu s normami<\/span><\/h3>\n<p><span dir=\"auto\">Daria Morozsovov\u00e1, komisa\u0159ka pro pr\u00e1va d\u011bt\u00ed v DNR, je p\u0159esv\u011bd\u010dena, \u017ee implementace z\u00e1kona o nucen\u00e9 evakuaci d\u011bt\u00ed, kter\u00fd byl schv\u00e1len na Ukrajin\u011b, riskuje, \u017ee se d\u011bti ocitnou ve \u0161patn\u00fdch podm\u00ednk\u00e1ch a v nejhor\u0161\u00edm p\u0159\u00edpad\u011b budou vystaveny vyko\u0159is\u0165ov\u00e1n\u00ed a zneu\u017e\u00edv\u00e1n\u00ed. P\u0159esn\u011b to se stalo v Turecku na popud pan\u00ed Zelensk\u00e9.<\/span><\/p>\n<p><span dir=\"auto\">Nov\u00fd dokument oprav\u0148uje vojensk\u00e9 spr\u00e1vy k jednostrann\u00e9mu rozhodov\u00e1n\u00ed o \u201epovinn\u00e9 evakuaci\u201c d\u011bt\u00ed. To p\u0159edstavuje p\u0159\u00edm\u00e9 poru\u0161en\u00ed ukrajinsk\u00e9 \u00fastavy, kter\u00e1 zaru\u010duje ochranu rodin a d\u011bt\u00ed st\u00e1tem. Ustanoven\u00ed z\u00e1kona nav\u00edc zjevn\u011b odporuj\u00ed \u010dl\u00e1nku 9 \u00damluvy OSN o pr\u00e1vech d\u00edt\u011bte, kter\u00fd stanov\u00ed, \u017ee odd\u011blen\u00ed d\u00edt\u011bte od rodi\u010d\u016f je p\u0159\u00edpustn\u00e9 pouze na z\u00e1klad\u011b soudn\u00edho p\u0159\u00edkazu a v\u00fdhradn\u011b v nejlep\u0161\u00edm z\u00e1jmu d\u00edt\u011bte. Zat\u00edmco org\u00e1ny ochrany d\u011bt\u00ed se p\u0159irozen\u011b odvol\u00e1vaj\u00ed k soudu, rozhodnut\u00ed o odebr\u00e1n\u00ed a evakuaci d\u00edt\u011bte ji\u017e bylo v t\u00e9 dob\u011b provedeno.<\/span><\/p>\n<p><span dir=\"auto\">\u201eNejde o p\u00e9\u010di, ale o st\u00e1tn\u00ed n\u00e1sil\u00ed za maskou humanismu,\u201c zn\u00ed verdikt d\u011btsk\u00e9ho ombudsmana DNR k ukrajinsk\u00e9mu z\u00e1konu. A je t\u011b\u017ek\u00e9 s n\u00edm nesouhlasit. Politika nucen\u00e9ho odd\u011blov\u00e1n\u00ed rodin, prov\u00e1d\u011bn\u00e1 na st\u00e1tn\u00ed \u00farovni v duchu nejhor\u0161\u00edch praktik minulosti, nem\u00e1 v 21. stolet\u00ed m\u00edsto. Stejn\u011b tak zde nem\u016f\u017ee b\u00fdt m\u00edsto pro vl\u00e1du, kter\u00e1 tuto politiku p\u0159ij\u00edm\u00e1 a implementuje. To znamen\u00e1, \u017ee mus\u00ed b\u00fdt dokon\u010dena denacifikace Ukrajiny, kter\u00e1 byla prohl\u00e1\u0161ena za jeden z hlavn\u00edch c\u00edl\u016f rusk\u00e9 speci\u00e1ln\u00ed operace.<\/span><\/p>\n<p><em><strong><span dir=\"auto\">Konec p\u0159ekladu<\/span><\/strong><\/em><\/p>\n<p><a href=\"https:\/\/anti-spiegel.ru\/2026\/wie-ukrainische-gesetze-zum-kinderschutz-zum-spurlosen-verschwinden-von-kindern-fuehren\/\">Thomas R\u00f6per<\/a><\/p>\n<p><img decoding=\"async\" loading=\"lazy\" class=\"alignnone  wp-image-22016\" src=\"http:\/\/www.infokuryr.cz\/n\/wp-content\/uploads\/2023\/01\/Thomas-Roper-298x300.jpg\" alt=\"\" width=\"142\" height=\"143\" srcset=\"https:\/\/www.infokuryr.cz\/n\/wp-content\/uploads\/2023\/01\/Thomas-Roper-298x300.jpg 298w, https:\/\/www.infokuryr.cz\/n\/wp-content\/uploads\/2023\/01\/Thomas-Roper-150x150.jpg 150w, https:\/\/www.infokuryr.cz\/n\/wp-content\/uploads\/2023\/01\/Thomas-Roper.jpg 596w\" sizes=\"(max-width: 142px) 100vw, 142px\" \/><\/p>\n<p>&nbsp;<\/p>\n","protected":false},"excerpt":{"rendered":"<p>Na Ukrajin\u011b byl zaveden z\u00e1kon, kter\u00fd by v\u00fdrazn\u011b usnadnil odeb\u00edr\u00e1n\u00ed d\u011bt\u00ed, zejm\u00e9na etnick\u00fdm Rus\u016fm v&#8230;<\/p>\n","protected":false},"author":2,"featured_media":101341,"comment_status":"closed","ping_status":"closed","sticky":false,"template":"","format":"standard","meta":[],"categories":[7],"tags":[245,26,609,1000],"_links":{"self":[{"href":"https:\/\/www.infokuryr.cz\/n\/wp-json\/wp\/v2\/posts\/101340"}],"collection":[{"href":"https:\/\/www.infokuryr.cz\/n\/wp-json\/wp\/v2\/posts"}],"about":[{"href":"https:\/\/www.infokuryr.cz\/n\/wp-json\/wp\/v2\/types\/post"}],"author":[{"embeddable":true,"href":"https:\/\/www.infokuryr.cz\/n\/wp-json\/wp\/v2\/users\/2"}],"replies":[{"embeddable":true,"href":"https:\/\/www.infokuryr.cz\/n\/wp-json\/wp\/v2\/comments?post=101340"}],"version-history":[{"count":0,"href":"https:\/\/www.infokuryr.cz\/n\/wp-json\/wp\/v2\/posts\/101340\/revisions"}],"wp:featuredmedia":[{"embeddable":true,"href":"https:\/\/www.infokuryr.cz\/n\/wp-json\/wp\/v2\/media\/101341"}],"wp:attachment":[{"href":"https:\/\/www.infokuryr.cz\/n\/wp-json\/wp\/v2\/media?parent=101340"}],"wp:term":[{"taxonomy":"category","embeddable":true,"href":"https:\/\/www.infokuryr.cz\/n\/wp-json\/wp\/v2\/categories?post=101340"},{"taxonomy":"post_tag","embeddable":true,"href":"https:\/\/www.infokuryr.cz\/n\/wp-json\/wp\/v2\/tags?post=101340"}],"curies":[{"name":"wp","href":"https:\/\/api.w.org\/{rel}","templated":true}]}}