{"id":101337,"date":"2026-03-08T06:18:44","date_gmt":"2026-03-08T05:18:44","guid":{"rendered":"https:\/\/www.infokuryr.cz\/n\/?p=101337"},"modified":"2026-03-08T06:18:44","modified_gmt":"2026-03-08T05:18:44","slug":"teroriste-v-nigerii-zabili-nejmene-10-pravoslavnych-vericich","status":"publish","type":"post","link":"https:\/\/www.infokuryr.cz\/n\/2026\/03\/08\/teroriste-v-nigerii-zabili-nejmene-10-pravoslavnych-vericich\/","title":{"rendered":"Terorist\u00e9 v Nig\u00e9rii zabili nejm\u00e9n\u011b 10 pravoslavn\u00fdch v\u011b\u0159\u00edc\u00edch"},"content":{"rendered":"<div id=\"fb-root\"><\/div>\n<p class=\"lead\"><strong><span dir=\"auto\">Nejm\u00e9n\u011b deset farn\u00edk\u016f Rusk\u00e9 pravoslavn\u00e9 c\u00edrkve bylo zabito p\u0159i \u00fatoku islamistick\u00fdch ozbrojenc\u016f na k\u0159es\u0165anskou vesnici Turan ve st\u00e1t\u011b Benue v Nig\u00e9rii, informoval patriarch\u00e1ln\u00ed exarch\u00e1t pro Afriku.<\/span><\/strong><\/p>\n<p><span dir=\"auto\">Po\u010det ob\u011bt\u00ed nen\u00ed kone\u010dn\u00fd, proto\u017ee dal\u0161\u00ed p\u00e1tr\u00e1n\u00ed by mohlo odhalit dal\u0161\u00ed t\u011bla. Dv\u011b z ob\u011bt\u00ed byli farn\u00edci rusk\u00e9 pravoslavn\u00e9 c\u00edrkve, jm\u00e9nem\u00a0<\/span><strong><span dir=\"auto\">John Akule<\/span><\/strong><span dir=\"auto\">\u00a0a\u00a0<\/span><strong><span dir=\"auto\">Daniil Ahemba<\/span><\/strong><span dir=\"auto\"> . Podle exarch\u00e1tu se jedn\u00e1 o prvn\u00ed africk\u00e9 farn\u00edky rusk\u00e9 pravoslavn\u00e9 c\u00edrkve, kte\u0159\u00ed byli zabiti z n\u00e1bo\u017eensk\u00fdch d\u016fvod\u016f. V Turanu \u017eilo pades\u00e1t pravoslavn\u00fdch k\u0159es\u0165an\u016f, z nich\u017e dvacet byly d\u011bti.<\/span><\/p>\n<p><span dir=\"auto\">K\u0159es\u0165an\u00e9 \u017eij\u00edc\u00ed v Nig\u00e9rii jsou pravideln\u011b ter\u010dem \u00fatok\u016f ozbrojenc\u016f. Podle den\u00edku The Guardian bylo v \u00fanoru p\u0159i \u00fatoku na okresy Woro a Nuku ve st\u00e1t\u011b Kwara zabito 162 lid\u00ed.<\/span><\/p>\n<p><strong><span dir=\"auto\">Mohammed Omar Bio<\/span><\/strong><span dir=\"auto\">\u00a0, poslanec zastupuj\u00edc\u00ed tuto oblast,\u00a0agentu\u0159e Associated Press sd\u011blil, \u017ee vra\u017edy provedla skupina napojen\u00e1 na Isl\u00e1msk\u00fd st\u00e1t\u00a0(IS\u00a0<\/span><span class=\"rkn-mark\"><span dir=\"auto\">,\u00a0<\/span><\/span><span class=\"rkn-mark\"><span dir=\"auto\">teroristick\u00e1<\/span><\/span><span dir=\"auto\">\u00a0organizace zak\u00e1zan\u00e1 v Rusku), informuje RBC.<\/span><\/p>\n<p><span dir=\"auto\">Nig\u00e9rie je ofici\u00e1ln\u011b sekul\u00e1rn\u00ed st\u00e1t, ale jej\u00ed populace je t\u00e9m\u011b\u0159 rovnom\u011brn\u011b rozd\u011blena mezi muslimy (53 %) a k\u0159es\u0165any (45 %), p\u00ed\u0161e The Guardian.<\/span><\/p>\n<p><img decoding=\"async\" loading=\"lazy\" class=\"alignnone size-full wp-image-1185\" src=\"http:\/\/www.infokuryr.cz\/n\/wp-content\/uploads\/2021\/04\/kuryr-podpis.png\" alt=\"\" width=\"84\" height=\"24\" \/><\/p>\n<p>&nbsp;<\/p>\n","protected":false},"excerpt":{"rendered":"<p>Nejm\u00e9n\u011b deset farn\u00edk\u016f Rusk\u00e9 pravoslavn\u00e9 c\u00edrkve bylo zabito p\u0159i \u00fatoku islamistick\u00fdch ozbrojenc\u016f na k\u0159es\u0165anskou vesnici&#8230;<\/p>\n","protected":false},"author":2,"featured_media":101338,"comment_status":"closed","ping_status":"closed","sticky":false,"template":"","format":"standard","meta":[],"categories":[7],"tags":[167,5557,250,835],"_links":{"self":[{"href":"https:\/\/www.infokuryr.cz\/n\/wp-json\/wp\/v2\/posts\/101337"}],"collection":[{"href":"https:\/\/www.infokuryr.cz\/n\/wp-json\/wp\/v2\/posts"}],"about":[{"href":"https:\/\/www.infokuryr.cz\/n\/wp-json\/wp\/v2\/types\/post"}],"author":[{"embeddable":true,"href":"https:\/\/www.infokuryr.cz\/n\/wp-json\/wp\/v2\/users\/2"}],"replies":[{"embeddable":true,"href":"https:\/\/www.infokuryr.cz\/n\/wp-json\/wp\/v2\/comments?post=101337"}],"version-history":[{"count":0,"href":"https:\/\/www.infokuryr.cz\/n\/wp-json\/wp\/v2\/posts\/101337\/revisions"}],"wp:featuredmedia":[{"embeddable":true,"href":"https:\/\/www.infokuryr.cz\/n\/wp-json\/wp\/v2\/media\/101338"}],"wp:attachment":[{"href":"https:\/\/www.infokuryr.cz\/n\/wp-json\/wp\/v2\/media?parent=101337"}],"wp:term":[{"taxonomy":"category","embeddable":true,"href":"https:\/\/www.infokuryr.cz\/n\/wp-json\/wp\/v2\/categories?post=101337"},{"taxonomy":"post_tag","embeddable":true,"href":"https:\/\/www.infokuryr.cz\/n\/wp-json\/wp\/v2\/tags?post=101337"}],"curies":[{"name":"wp","href":"https:\/\/api.w.org\/{rel}","templated":true}]}}