{"id":101336,"date":"2026-03-08T06:14:59","date_gmt":"2026-03-08T05:14:59","guid":{"rendered":"https:\/\/www.infokuryr.cz\/n\/?p=101336"},"modified":"2026-03-08T06:25:40","modified_gmt":"2026-03-08T05:25:40","slug":"izrael-rozpoutal-energetickou-valku-utokem-na-iranska-ropna-zarizeni","status":"publish","type":"post","link":"https:\/\/www.infokuryr.cz\/n\/2026\/03\/08\/izrael-rozpoutal-energetickou-valku-utokem-na-iranska-ropna-zarizeni\/","title":{"rendered":"Izrael rozpoutal energetickou v\u00e1lku \u00fatokem na \u00edr\u00e1nsk\u00e1 ropn\u00e1 za\u0159\u00edzen\u00ed"},"content":{"rendered":"<div id=\"fb-root\"><\/div>\n<p><strong><span dir=\"auto\">Izraelsk\u00e9 obrann\u00e9 s\u00edly (IDF) ve\u010der 7. b\u0159ezna ozn\u00e1mily, \u017ee zah\u00e1jily vlnu \u00fader\u016f zam\u011b\u0159en\u00fdch na \u00edr\u00e1nskou infrastrukturu v hlavn\u00edm m\u011bst\u011b Teher\u00e1nu, co\u017e je prvn\u00ed takov\u00fd \u00fatok od za\u010d\u00e1tku v\u00e1lky proti \u00edr\u00e1nsk\u00e9 Isl\u00e1msk\u00e9 republice minul\u00fd t\u00fdden.<\/span><\/strong><\/p>\n<p><span dir=\"auto\">Izraelsk\u00e1 ve\u0159ejnopr\u00e1vn\u00ed televize KAN kr\u00e1tce pot\u00e9 informovala, \u017ee izraelsk\u00e9 \u00fatoky se zam\u011b\u0159ily na sklady ropy a rafin\u00e9rie v Teher\u00e1nu.<\/span><\/p>\n<p><span dir=\"auto\">\u00cdr\u00e1nsk\u00e1 poloofici\u00e1ln\u00ed tiskov\u00e1 agentura Mehr uvedla, \u017ee po \u00faderech byly v Teher\u00e1nu sly\u0161et exploze a pozd\u011bji na internetu zve\u0159ejn\u011bn\u00e1 videa ukazuj\u00ed rozs\u00e1hl\u00e9 po\u017e\u00e1ry.<\/span><\/p>\n<p><span dir=\"auto\">Pozd\u011bj\u0161\u00ed zpr\u00e1va tiskov\u00e9 agentury Fars odhalila, \u017ee izraelsk\u00e9 \u00fatoky zas\u00e1hly t\u0159i ropn\u00e9 sklady v z\u00e1padn\u00edm Teher\u00e1nu. Podle zpr\u00e1vy byly sklady zasa\u017eeny v oblastech Kuhak a Shahran v hlavn\u00edm m\u011bst\u011b a tak\u00e9 v nedalek\u00e9m m\u011bst\u011b Karad\u017e.<\/span><\/p>\n<p><iframe loading=\"lazy\" src=\"https:\/\/s1.cdnstatic.space\/wp-content\/uploads\/2026\/03\/oil1.mp4\" width=\"600\" height=\"338\" data-mce-fragment=\"1\"><\/iframe><\/p>\n<p><iframe loading=\"lazy\" src=\"https:\/\/s1.cdnstatic.space\/wp-content\/uploads\/2026\/03\/oil2.mp4\" width=\"600\" height=\"338\" data-mce-fragment=\"1\"><\/iframe><\/p>\n<p><iframe loading=\"lazy\" src=\"https:\/\/s1.cdnstatic.space\/wp-content\/uploads\/2026\/03\/oil3.mp4\" width=\"600\" height=\"338\" data-mce-fragment=\"1\"><\/iframe><\/p>\n<p><iframe loading=\"lazy\" src=\"https:\/\/s1.cdnstatic.space\/wp-content\/uploads\/2026\/03\/oil4.mp4\" width=\"600\" height=\"338\" data-mce-fragment=\"1\"><\/iframe><\/p>\n<p><span dir=\"auto\">\u00cdr\u00e1nsk\u00e9 Isl\u00e1msk\u00e9 revolu\u010dn\u00ed gardy reagovaly rychle ozn\u00e1men\u00edm raketov\u00e9ho \u00fatoku na rafinerii v severoizraelsk\u00e9m p\u0159\u00edstavn\u00edm m\u011bst\u011b Haifa.<\/span><\/p>\n<p><span dir=\"auto\">Izraelsk\u00e9 obrann\u00e9 s\u00edly ve stru\u010dn\u00e9m prohl\u00e1\u0161en\u00ed uvedly, \u017ee byla pravd\u011bpodobn\u011b zachycena jedin\u00e1 raketa odp\u00e1len\u00e1 z \u00cdr\u00e1nu. Z\u00e1b\u011bry zve\u0159ejn\u011bn\u00e9 online nazna\u010duj\u00ed, \u017ee raketa byla pravd\u011bpodobn\u011b vyzbrojena kazetovou hlavic\u00ed. Podle hebrejsk\u00fdch m\u00e9di\u00ed nejsou zat\u00edm hl\u00e1\u0161eny \u017e\u00e1dn\u00e9 p\u0159\u00edm\u00e9 z\u00e1sahy ani zran\u011bn\u00ed p\u0159i \u00fatoku, kter\u00fd je ji\u017e jeden\u00e1ct\u00fdm z \u00cdr\u00e1nsk\u00e9 isl\u00e1msk\u00e9 republiky od p\u016flnoci.<\/span><\/p>\n<p><iframe loading=\"lazy\" src=\"https:\/\/s1.cdnstatic.space\/wp-content\/uploads\/2026\/03\/WhatsApp-Video-2026-03-07-at-20.38.20.mp4\" width=\"600\" height=\"338\" data-mce-fragment=\"1\"><\/iframe><\/p>\n<p><span dir=\"auto\">K \u00fatoku na \u00edr\u00e1nsk\u00e1 ropn\u00e1 za\u0159\u00edzen\u00ed do\u0161lo pot\u00e9, co \u00edr\u00e1nsk\u00fd ministr zahrani\u010d\u00ed Seyed Abbas Araghchi d\u0159\u00edve v\u010dera obvinil Spojen\u00e9 st\u00e1ty z \u00fatoku na odsolovac\u00ed za\u0159\u00edzen\u00ed sladk\u00e9 vody na ostrov\u011b Ke\u0161m.<\/span><\/p>\n<p><em><span dir=\"auto\">\u201eUSA se dopustily do o\u010d\u00ed bij\u00edc\u00edho a zoufal\u00e9ho zlo\u010dinu \u00fatokem na odsolovac\u00ed za\u0159\u00edzen\u00ed sladk\u00e9 vody na ostrov\u011b Ke\u0161m. Dod\u00e1vky vody ve 30 vesnic\u00edch byly ovlivn\u011bny,\u201c napsal na X<\/span><\/em><\/p>\n<p><span dir=\"auto\">Araghchi varoval, \u017ee \u201e\u00fatok na \u00edr\u00e1nskou infrastrukturu je nebezpe\u010dn\u00fd krok s v\u00e1\u017en\u00fdmi n\u00e1sledky. Tento precedent vytvo\u0159ily USA, ne \u00cdr\u00e1n.\u201c<\/span><\/p>\n<p><span dir=\"auto\">\u00cdr\u00e1n byl od za\u010d\u00e1tku v\u00e1lky n\u011bkolikr\u00e1t obvin\u011bn z \u00fatok\u016f na ropn\u00e1 za\u0159\u00edzen\u00ed v sousedn\u00edch zem\u00edch, p\u0159i\u010dem\u017e jeho p\u0159edstavitel\u00e9 z n\u011bkter\u00fdch \u00fatok\u016f vin\u00ed Izrael a ozna\u010duj\u00ed je za \u201eoperace typu flase-flag\u201c.<\/span><\/p>\n<p><span dir=\"auto\">Nejnov\u011bj\u0161\u00ed izraelsk\u00fd \u00fatok by mohl na Bl\u00edzk\u00e9m v\u00fdchod\u011b rozpoutat tot\u00e1ln\u00ed energetickou v\u00e1lku. \u00cdr\u00e1nsk\u00e1 odveta se pravd\u011bpodobn\u011b neomez\u00ed pouze na ropn\u00e1 za\u0159\u00edzen\u00ed v Izraeli, ale tak\u00e9 na ta, kter\u00e1 vlastn\u00ed nebo provozuj\u00ed americk\u00e9 spole\u010dnosti v sousedn\u00edch zem\u00edch, jako je Katar, Sa\u00fadsk\u00e1 Ar\u00e1bie a Spojen\u00e9 arabsk\u00e9 emir\u00e1ty.<\/span><\/p>\n<p><img decoding=\"async\" loading=\"lazy\" class=\"alignnone size-full wp-image-1185\" src=\"http:\/\/www.infokuryr.cz\/n\/wp-content\/uploads\/2021\/04\/kuryr-podpis.png\" alt=\"\" width=\"84\" height=\"24\" \/><\/p>\n<p>&nbsp;<\/p>\n","protected":false},"excerpt":{"rendered":"<p>Izraelsk\u00e9 obrann\u00e9 s\u00edly (IDF) ve\u010der 7. b\u0159ezna ozn\u00e1mily, \u017ee zah\u00e1jily vlnu \u00fader\u016f zam\u011b\u0159en\u00fdch na \u00edr\u00e1nskou&#8230;<\/p>\n","protected":false},"author":2,"featured_media":80168,"comment_status":"closed","ping_status":"closed","sticky":false,"template":"","format":"standard","meta":[],"categories":[7],"tags":[38,107,7046,5135],"_links":{"self":[{"href":"https:\/\/www.infokuryr.cz\/n\/wp-json\/wp\/v2\/posts\/101336"}],"collection":[{"href":"https:\/\/www.infokuryr.cz\/n\/wp-json\/wp\/v2\/posts"}],"about":[{"href":"https:\/\/www.infokuryr.cz\/n\/wp-json\/wp\/v2\/types\/post"}],"author":[{"embeddable":true,"href":"https:\/\/www.infokuryr.cz\/n\/wp-json\/wp\/v2\/users\/2"}],"replies":[{"embeddable":true,"href":"https:\/\/www.infokuryr.cz\/n\/wp-json\/wp\/v2\/comments?post=101336"}],"version-history":[{"count":0,"href":"https:\/\/www.infokuryr.cz\/n\/wp-json\/wp\/v2\/posts\/101336\/revisions"}],"wp:featuredmedia":[{"embeddable":true,"href":"https:\/\/www.infokuryr.cz\/n\/wp-json\/wp\/v2\/media\/80168"}],"wp:attachment":[{"href":"https:\/\/www.infokuryr.cz\/n\/wp-json\/wp\/v2\/media?parent=101336"}],"wp:term":[{"taxonomy":"category","embeddable":true,"href":"https:\/\/www.infokuryr.cz\/n\/wp-json\/wp\/v2\/categories?post=101336"},{"taxonomy":"post_tag","embeddable":true,"href":"https:\/\/www.infokuryr.cz\/n\/wp-json\/wp\/v2\/tags?post=101336"}],"curies":[{"name":"wp","href":"https:\/\/api.w.org\/{rel}","templated":true}]}}