{"id":101325,"date":"2026-03-08T05:51:02","date_gmt":"2026-03-08T04:51:02","guid":{"rendered":"https:\/\/www.infokuryr.cz\/n\/?p=101325"},"modified":"2026-03-08T05:51:02","modified_gmt":"2026-03-08T04:51:02","slug":"nemecky-medialni-gigant-kupuje-nejvyznamnejsi-britske-konzervativni-noviny","status":"publish","type":"post","link":"https:\/\/www.infokuryr.cz\/n\/2026\/03\/08\/nemecky-medialni-gigant-kupuje-nejvyznamnejsi-britske-konzervativni-noviny\/","title":{"rendered":"N\u011bmeck\u00fd medi\u00e1ln\u00ed gigant kupuje nejv\u00fdznamn\u011bj\u0161\u00ed britsk\u00e9 konzervativn\u00ed noviny"},"content":{"rendered":"<div id=\"fb-root\"><\/div>\n<h3>Spole\u010dnost Axel Springer SE se chyst\u00e1 koupit britsk\u00fd den\u00edk The Telegraph, kter\u00fd je napojen na Konzervativn\u00ed stranu<\/h3>\n<p><span dir=\"auto\">N\u011bmeck\u00e1 spole\u010dnost Axel Springer SE, vlastn\u00edk den\u00edk\u016f Bild, Politico a Business Insider, ozn\u00e1mila, \u017ee odkoup\u00ed den\u00edk The Telegraph za 575 milion\u016f liber (771 milion\u016f dolar\u016f). Dohoda by sjednotila dv\u011b z nejvlivn\u011bj\u0161\u00edch konzervativn\u00edch evropsk\u00fdch zna\u010dek a zhatila by snahy majitele jeho bulv\u00e1rn\u00edho rivala, den\u00edku Daily Mail, o koupi st\u0159edopravicov\u00fdch novin.<\/span><\/p>\n<p><span dir=\"auto\">V p\u00e1te\u010dn\u00ed tiskov\u00e9 zpr\u00e1v\u011b gener\u00e1ln\u00ed \u0159editel spole\u010dnosti Axel Springer Mathias Dopfner uvedl, \u017ee zachov\u00e1 redak\u010dn\u00ed nez\u00e1vislost spole\u010dnosti Telegraph Media Group (TMG), bude rozv\u00edjet vyu\u017e\u00edv\u00e1n\u00ed um\u011bl\u00e9 inteligence a investovat do expanze t\u00e9to spole\u010dnosti na americk\u00fd trh.<\/span><\/p>\n<p><em><span dir=\"auto\">\u201eSpole\u010dnost Axel Springer podpo\u0159\u00ed investi\u010dn\u00ed program v TMG, jeho\u017e c\u00edlem je r\u016fst a roz\u0161\u00ed\u0159en\u00ed podnik\u00e1n\u00ed, aby se spole\u010dnost stala p\u0159edn\u00edm st\u0159edopravicov\u00fdm m\u00e9diem v anglicky mluv\u00edc\u00edm sv\u011bt\u011b,\u201c<\/span><\/em><span dir=\"auto\">\u00a0uvedl.<\/span><\/p>\n<p><span dir=\"auto\">Hodnoty den\u00edku Telegraph se \u00fazce shoduj\u00ed s podporou Izraele ze strany Axel Springer a s \u00fazk\u00fdmi vazbami mezi Evropou a USA, citovala agentura Bloomberg Dopfnera v ned\u00e1vn\u00e9 intern\u00ed zpr\u00e1v\u011b pro zam\u011bstnance Politica.<\/span><\/p>\n<p><span dir=\"auto\">N\u011bmeck\u00e1 medi\u00e1ln\u00ed gigant souhlasila s dohodou se spole\u010dnost\u00ed RedBird IMI, spole\u010dn\u00fdm podnikem americk\u00e9 private equity firmy Redbird a glob\u00e1ln\u00ed medi\u00e1ln\u00ed spole\u010dnosti International Media Investments, kterou vlastn\u00ed \u0161ejk Mans\u00far bin Zayed Al-Nahyan ze Spojen\u00fdch arabsk\u00fdch emir\u00e1t\u016f, vl\u00e1dce Dubaje.<\/span><\/p>\n<p><span dir=\"auto\">Spole\u010dnost RedBird IMI v roce 2023 splatila 600 milion\u016f liber (760 milion\u016f dolar\u016f) z \u00fav\u011br\u016f TMG, \u010d\u00edm\u017e fakticky p\u0159evzala kontrolu nad skupinou. Jej\u00ed pokusy o vlastnictv\u00ed v\u0161ak byly ne\u00fasp\u011b\u0161n\u00e9 kv\u016fli obav\u00e1m Spojen\u00e9ho kr\u00e1lovstv\u00ed z zapojen\u00ed st\u00e1t\u016f Bl\u00edzk\u00e9ho v\u00fdchodu do hlavn\u00edch britsk\u00fdch novin.<\/span><\/p>\n<p><span dir=\"auto\">V listopadu se pokus majitel\u016f konzervativn\u00edho bulv\u00e1rn\u00edho den\u00edku Daily Mail o koupi den\u00edku The Telegraph zastavil pot\u00e9, co ministryn\u011b kultury Lisa Nandyov\u00e1 na\u0159\u00eddila regula\u010dn\u00ed vy\u0161et\u0159ov\u00e1n\u00ed kv\u016fli obav\u00e1m, \u017ee f\u00faze dvou pravicov\u00fdch zpravodajsk\u00fdch spole\u010dnost\u00ed ovlivn\u00ed\u00a0<\/span><em><span dir=\"auto\">\u201epluralitu n\u00e1zor\u016f\u201c<\/span><\/em><span dir=\"auto\">\u00a0ve Spojen\u00e9m kr\u00e1lovstv\u00ed.<\/span><\/p>\n<p><span dir=\"auto\">Tato koup\u011b by znamenala Dopfner\u016fv prvn\u00ed odkup v britsk\u00fdch m\u00e9di\u00edch.<\/span><\/p>\n<p><span dir=\"auto\">Washington st\u00e1le \u010dast\u011bji obvi\u0148uje evropsk\u00e9 vl\u00e1dy z potla\u010dov\u00e1n\u00ed konzervativn\u00edch n\u00e1zor\u016f ve zpr\u00e1v\u00e1ch a na soci\u00e1ln\u00edch s\u00edt\u00edch.<\/span><\/p>\n<p><span dir=\"auto\">Ned\u00e1vn\u00e1 strategie n\u00e1rodn\u00ed bezpe\u010dnosti americk\u00e9ho prezidenta Donalda Trumpa obvinila EU z prosazov\u00e1n\u00ed politiky\u00a0<\/span><em><span dir=\"auto\">\u201ecenzury svobody projevu a potla\u010dov\u00e1n\u00ed politick\u00e9 opozice\u201c a z podkop\u00e1v\u00e1n\u00ed\u00a0<\/span><\/em><span dir=\"auto\"><em>\u201epolitick\u00e9 svobody a suverenity\u201c<\/em>\u00a0\u010dlensk\u00fdch st\u00e1t\u016f .<\/span><\/p>\n<p><span dir=\"auto\">Minul\u00fd t\u00fdden pravicov\u00e1 opozi\u010dn\u00ed strana Alternativa pro N\u011bmecko (AfD), kter\u00e1 \u010del\u00ed z\u00e1sahu n\u011bmeck\u00e9 vl\u00e1dy, obvinila EU ze snahy zasahovat do ma\u010farsk\u00fdch parlamentn\u00edch voleb proti stran\u011b konzervativn\u00edho ma\u010farsk\u00e9ho premi\u00e9ra Viktora Orb\u00e1na.<\/span><\/p>\n<p><img decoding=\"async\" loading=\"lazy\" class=\"alignnone size-full wp-image-1185\" src=\"http:\/\/www.infokuryr.cz\/n\/wp-content\/uploads\/2021\/04\/kuryr-podpis.png\" alt=\"\" width=\"84\" height=\"24\" \/><\/p>\n<p>&nbsp;<\/p>\n","protected":false},"excerpt":{"rendered":"<p>Spole\u010dnost Axel Springer SE se chyst\u00e1 koupit britsk\u00fd den\u00edk The Telegraph, kter\u00fd je napojen na&#8230;<\/p>\n","protected":false},"author":2,"featured_media":101326,"comment_status":"closed","ping_status":"closed","sticky":false,"template":"","format":"standard","meta":[],"categories":[7],"tags":[61,84,1726],"_links":{"self":[{"href":"https:\/\/www.infokuryr.cz\/n\/wp-json\/wp\/v2\/posts\/101325"}],"collection":[{"href":"https:\/\/www.infokuryr.cz\/n\/wp-json\/wp\/v2\/posts"}],"about":[{"href":"https:\/\/www.infokuryr.cz\/n\/wp-json\/wp\/v2\/types\/post"}],"author":[{"embeddable":true,"href":"https:\/\/www.infokuryr.cz\/n\/wp-json\/wp\/v2\/users\/2"}],"replies":[{"embeddable":true,"href":"https:\/\/www.infokuryr.cz\/n\/wp-json\/wp\/v2\/comments?post=101325"}],"version-history":[{"count":0,"href":"https:\/\/www.infokuryr.cz\/n\/wp-json\/wp\/v2\/posts\/101325\/revisions"}],"wp:featuredmedia":[{"embeddable":true,"href":"https:\/\/www.infokuryr.cz\/n\/wp-json\/wp\/v2\/media\/101326"}],"wp:attachment":[{"href":"https:\/\/www.infokuryr.cz\/n\/wp-json\/wp\/v2\/media?parent=101325"}],"wp:term":[{"taxonomy":"category","embeddable":true,"href":"https:\/\/www.infokuryr.cz\/n\/wp-json\/wp\/v2\/categories?post=101325"},{"taxonomy":"post_tag","embeddable":true,"href":"https:\/\/www.infokuryr.cz\/n\/wp-json\/wp\/v2\/tags?post=101325"}],"curies":[{"name":"wp","href":"https:\/\/api.w.org\/{rel}","templated":true}]}}