{"id":101311,"date":"2026-03-08T00:31:48","date_gmt":"2026-03-07T23:31:48","guid":{"rendered":"https:\/\/www.infokuryr.cz\/n\/?p=101311"},"modified":"2026-03-07T17:39:26","modified_gmt":"2026-03-07T16:39:26","slug":"zeleny-sen-portugalska-vodikova-pohadka-konci-v-bazine-korupce","status":"publish","type":"post","link":"https:\/\/www.infokuryr.cz\/n\/2026\/03\/08\/zeleny-sen-portugalska-vodikova-pohadka-konci-v-bazine-korupce\/","title":{"rendered":"Zelen\u00fd sen: Portugalsk\u00e1 vod\u00edkov\u00e1 poh\u00e1dka kon\u010d\u00ed v ba\u017ein\u011b korupce"},"content":{"rendered":"<div id=\"fb-root\"><\/div>\n<p><strong><span dir=\"auto\">Velkolep\u00fd konec evropsk\u00e9 vod\u00edkov\u00e9 poh\u00e1dky skon\u010dil. Bezprecedentn\u00ed korup\u010dn\u00ed skand\u00e1l strhl miliardov\u00e9 sny Portugalska a jeho socialistickou vl\u00e1du do propasti. M\u00edsto zelen\u00e9 energie pro cel\u00fd kontinent zb\u00fdvaj\u00ed jen plan\u00e9 sliby a rozbit\u00e9 iluze.<\/span><\/strong><\/p>\n<p><span dir=\"auto\">M\u011bl to b\u00fdt z\u00e1\u0159iv\u00fd vlajkov\u00fd projekt zelen\u00e9 transformace \u2013 ale nyn\u00ed le\u017e\u00ed v trosk\u00e1ch. V portugalsk\u00e9m p\u0159\u00edstavn\u00edm m\u011bst\u011b Sines se pl\u00e1novalo vyr\u00e1b\u011bt \u201ezelen\u00fd vod\u00edk\u201c ve velk\u00e9m m\u011b\u0159\u00edtku s vyu\u017eit\u00edm sol\u00e1rn\u00ed energie a z\u00e1sobovat j\u00edm celou Evropu.\u00a0<\/span><a href=\"https:\/\/www.dw.com\/de\/kein-gr%C3%BCner-wasserstoff-aus-portugal\/a-76043711\"><span dir=\"auto\">Dne\u0161n\u00ed realita<\/span><\/a><span dir=\"auto\"> : bezprecedentn\u00ed katastrofa korupce, exploduj\u00edc\u00ed sny a krut\u00e1 fakta, kter\u00e1 op\u011bt rozb\u00edjej\u00ed zelenou ideologii.<\/span><\/p>\n<p><span dir=\"auto\">Asi p\u0159ed p\u011bti lety tehdej\u0161\u00ed socialistick\u00fd premi\u00e9r Ant\u00f3nio Costa sl\u00edbil ob\u010dan\u016fm \u201ezelenou vod\u00edkovou budoucnost\u201c. Pod chytlav\u00fdm n\u00e1zvem projektu \u201eZelen\u00fd plame\u0148\u00e1k\u201c se prom\u00edtala gigantick\u00e1 \u010d\u00edsla: investice ve v\u00fd\u0161i 3,5 miliardy eur, 5 000 nov\u00fdch pracovn\u00edch m\u00edst a exportn\u00ed s\u00ed\u0165 lod\u00ed a potrub\u00ed, kter\u00e1 m\u011bla Evropu z\u00e1sobovat touto \u00fadajnou z\u00e1zra\u010dnou energi\u00ed.<\/span><\/p>\n<p><span dir=\"auto\">Zelen\u00e1 poh\u00e1dka ale skon\u010dila skand\u00e1lem. V roce 2024 se Costova vl\u00e1da zhroutila. D\u016fvod? Masivn\u00ed obvin\u011bn\u00ed z korupce \u2013 konkr\u00e9tn\u011b v souvislosti s d\u0159\u00edve propagovan\u00fdm vod\u00edkov\u00fdm projektem! S p\u00e1dem vl\u00e1dy se zhroutila i d\u016fv\u011bra investor\u016f v naprosto nere\u00e1ln\u00e9 \u010dasov\u00e9 harmonogramy a utopick\u00fd rozsah projektu.<\/span><\/p>\n<p><span dir=\"auto\">Dnes je pln\u00fd rozsah selh\u00e1n\u00ed odhalen v drsn\u00fdch, nep\u0159ikr\u00e1\u0161len\u00fdch faktech: Mezin\u00e1rodn\u00ed konsorcia ut\u00edkaj\u00ed, investice vysychaj\u00ed. Jedno konsorcium sn\u00ed\u017eilo pl\u00e1novanou produkci z 90 na uboh\u00fdch deset megawatt\u016f. Objem investic se zmen\u0161il ze 162 milion\u016f na sm\u011b\u0161n\u00fdch 42 milion\u016f eur. To odpov\u00edd\u00e1 pouh\u00fdm 1 000 tun\u00e1m vod\u00edku ro\u010dn\u011b. Z evropsk\u00e9ho \u201edod\u00e1vkov\u00e9ho motoru\u201c nezb\u00fdv\u00e1 nic \u2013 d\u0159\u00edve pl\u00e1novan\u00e1, propojen\u00e1 celkov\u00e1 architektura u\u017e prost\u011b nen\u00ed provediteln\u00e1.<\/span><\/p>\n<p><span dir=\"auto\">Je\u0161t\u011b odhaluj\u00edc\u00ed je pohled na v\u00fdrobu. Zat\u00edmco politici dlouho sn\u00ed o exportu, Sines st\u00e1le s\u00eddl\u00ed p\u0159edev\u0161\u00edm v v\u00fdzkumn\u00fdch a testovac\u00edch za\u0159\u00edzen\u00edch. \u201eVod\u00edk se zat\u00edm v pr\u016fmyslov\u00e9m m\u011b\u0159\u00edtku nevyr\u00e1b\u00ed,\u201c p\u0159izn\u00e1v\u00e1 Diogo Santos z Instituto Superior T\u00e9cnico v Lisabonu. Jeho odsouzen\u00ed pl\u00e1n\u016f do bl\u00edzk\u00e9 budoucnosti: \u201eNe\u017e se tak stane, pravd\u011bpodobn\u011b to bude trvat dal\u0161\u00edch deset let. Teprve vid\u00edme za\u010d\u00e1tek.\u201c<\/span><\/p>\n<p><span dir=\"auto\">Nov\u00e1, pravicov\u011b liber\u00e1ln\u00ed vl\u00e1da pod veden\u00edm Lu\u00edse Montenegra u\u017e d\u00e1vno odpoutala od reality a zm\u011bnila kurz. Sen o exportu byl ti\u0161e poh\u0159ben. D\u016fraz se nyn\u00ed soust\u0159ed\u00ed na dom\u00e1c\u00ed popt\u00e1vku, nap\u0159\u00edklad pro cement\u00e1rny nebo v\u00fdrobce hnojiv. Filipe de Vasconcelos Fernandes z portugalsk\u00e9 asociace pro vod\u00edk AP2H2 to diplomaticky vyjad\u0159uje: \u201eExportn\u00ed pl\u00e1ny t\u00e9 doby byly pravd\u011bpodobn\u011b a\u017e p\u0159\u00edli\u0161 ambici\u00f3zn\u00ed.\u201c Jednodu\u0161e \u0159e\u010deno: Byla to \u010dir\u00e1 fantazie.<\/span><\/p>\n<p><span dir=\"auto\">Proto\u017ee se v praxi uk\u00e1zalo, \u017ee vod\u00edk je pro p\u0159epravu p\u0159\u00edli\u0161 slo\u017eit\u00fd, \u00fasil\u00ed se nyn\u00ed obrac\u00ed a pozornost se p\u0159esouv\u00e1 k amoniaku. Energetick\u00e1 spole\u010dnost Galp pl\u00e1nuje v Sines elektr\u00e1rnu o v\u00fdkonu 100 megawatt\u016f, kter\u00e1 by m\u011bla b\u00fdt spu\u0161t\u011bna v druh\u00e9 polovin\u011b roku 2026, s c\u00edlem nahradit alespo\u0148 20 procent st\u00e1vaj\u00edc\u00edho \u0161ed\u00e9ho vod\u00edku. Je to v\u0161ak kapka v mo\u0159i a \u017e\u00e1dn\u00e1 n\u00e1hrada za gigantickou exportn\u00ed infrastrukturu.<\/span><\/p>\n<p><span dir=\"auto\">Dokonce i klimati\u010dt\u00ed aktivist\u00e9 vyn\u00e1\u0161ej\u00ed drtiv\u00fd verdikt nad p\u016fvodn\u00edmi pl\u00e1ny politik\u016f. Ekologick\u00e1 organizace Zero pova\u017euje d\u00e1lkovou dopravu za jednodu\u0161e \u0161patn\u00fd p\u0159\u00edstup. \u201eP\u0159eprava vod\u00edku na dlouh\u00e9 vzd\u00e1lenosti je nesmysl,\u201c prohla\u0161uje Ac\u00e1cio Pires. Dal\u0161\u00ed projekt \u201ezelen\u00e9ho vod\u00edku\u201c se tak st\u00e1v\u00e1 ob\u011bt\u00ed reality (a korupce). Dal\u0161\u00edm snem o tzv. energetick\u00e9 transformaci, kter\u00fd nenapl\u0148uje o\u010dek\u00e1v\u00e1n\u00ed a je zalo\u017een na plan\u00fdch slibech.<\/span><\/p>\n<p><img decoding=\"async\" loading=\"lazy\" class=\"alignnone size-full wp-image-1185\" src=\"http:\/\/www.infokuryr.cz\/n\/wp-content\/uploads\/2021\/04\/kuryr-podpis.png\" alt=\"\" width=\"84\" height=\"24\" \/><\/p>\n<p>&nbsp;<\/p>\n","protected":false},"excerpt":{"rendered":"<p>Velkolep\u00fd konec evropsk\u00e9 vod\u00edkov\u00e9 poh\u00e1dky skon\u010dil. Bezprecedentn\u00ed korup\u010dn\u00ed skand\u00e1l strhl miliardov\u00e9 sny Portugalska a jeho&#8230;<\/p>\n","protected":false},"author":2,"featured_media":101312,"comment_status":"closed","ping_status":"closed","sticky":false,"template":"","format":"standard","meta":[],"categories":[7],"tags":[207,6236,1009,4793],"_links":{"self":[{"href":"https:\/\/www.infokuryr.cz\/n\/wp-json\/wp\/v2\/posts\/101311"}],"collection":[{"href":"https:\/\/www.infokuryr.cz\/n\/wp-json\/wp\/v2\/posts"}],"about":[{"href":"https:\/\/www.infokuryr.cz\/n\/wp-json\/wp\/v2\/types\/post"}],"author":[{"embeddable":true,"href":"https:\/\/www.infokuryr.cz\/n\/wp-json\/wp\/v2\/users\/2"}],"replies":[{"embeddable":true,"href":"https:\/\/www.infokuryr.cz\/n\/wp-json\/wp\/v2\/comments?post=101311"}],"version-history":[{"count":0,"href":"https:\/\/www.infokuryr.cz\/n\/wp-json\/wp\/v2\/posts\/101311\/revisions"}],"wp:featuredmedia":[{"embeddable":true,"href":"https:\/\/www.infokuryr.cz\/n\/wp-json\/wp\/v2\/media\/101312"}],"wp:attachment":[{"href":"https:\/\/www.infokuryr.cz\/n\/wp-json\/wp\/v2\/media?parent=101311"}],"wp:term":[{"taxonomy":"category","embeddable":true,"href":"https:\/\/www.infokuryr.cz\/n\/wp-json\/wp\/v2\/categories?post=101311"},{"taxonomy":"post_tag","embeddable":true,"href":"https:\/\/www.infokuryr.cz\/n\/wp-json\/wp\/v2\/tags?post=101311"}],"curies":[{"name":"wp","href":"https:\/\/api.w.org\/{rel}","templated":true}]}}