{"id":101309,"date":"2026-03-08T00:28:27","date_gmt":"2026-03-07T23:28:27","guid":{"rendered":"https:\/\/www.infokuryr.cz\/n\/?p=101309"},"modified":"2026-03-07T17:14:14","modified_gmt":"2026-03-07T16:14:14","slug":"eu-ostre-reaguje-na-zelenskeho-za-vyhruzky-orbanovi","status":"publish","type":"post","link":"https:\/\/www.infokuryr.cz\/n\/2026\/03\/08\/eu-ostre-reaguje-na-zelenskeho-za-vyhruzky-orbanovi\/","title":{"rendered":"EU ost\u0159e reaguje na Zelensk\u00e9ho za v\u00fdhr\u016f\u017eky Orbanovi"},"content":{"rendered":"<div id=\"fb-root\"><\/div>\n<h3>Ukrajinsk\u00fd v\u016fdce ned\u00e1vno sl\u00edbil kroky proti ma\u010farsk\u00e9mu premi\u00e9rovi kv\u016fli jeho odm\u00edtnut\u00ed odblokovat Kyjevu p\u016fj\u010dku EU ve v\u00fd\u0161i 90 miliard eur.<\/h3>\n<p><span dir=\"auto\">Evropsk\u00e1 komise kritizovala ukrajinsk\u00e9ho premi\u00e9ra Vladimira Zelensk\u00e9ho za v\u00fdhr\u016f\u017eky ma\u010farsk\u00e9mu premi\u00e9rovi Viktoru Orb\u00e1novi a jeho koment\u00e1\u0159e ozna\u010dila za nep\u0159ijateln\u00e9.<\/span><\/p>\n<p><span dir=\"auto\">Ukrajinsk\u00fd v\u016fdce za\u010d\u00e1tkem tohoto t\u00fddne Orb\u00e1novi vydal jen skrytou v\u00fdstrahu ohledn\u011b Budape\u0161ti, kter\u00e1 se nad\u00e1le odm\u00edt\u00e1 zru\u0161it veto na miliardov\u00e9 \u00fav\u011bry pro Kyjev podporovan\u00e9 EU.<\/span><\/p>\n<p><span dir=\"auto\">Zelenskyj prohl\u00e1sil, \u017ee pokud\u00a0<\/span><em><span dir=\"auto\">\u201ejedna osoba\u201c,<\/span><\/em><span dir=\"auto\">\u00a0\u00fadajn\u011b Orb\u00e1n, pen\u00edze nepodep\u00ed\u0161e,\u00a0<\/span><em><span dir=\"auto\">\u201ed\u00e1me adresu t\u00e9to osoby na\u0161im lidem, aby mu mohli zavolat a mluvit s n\u00edm ve sv\u00e9m jazyce.\u201c<\/span><\/em><span dir=\"auto\">\u00a0Zpr\u00e1va p\u0159i\u0161la uprost\u0159ed prob\u00edhaj\u00edc\u00edho sporu o blok\u00e1du ropovodu dod\u00e1vaj\u00edc\u00edho ruskou ropu do Ma\u010farska ze strany Ukrajiny.<\/span><\/p>\n<p><em><span dir=\"auto\">\u201eKonkr\u00e9tn\u011b ve vztahu k koment\u00e1\u0159\u016fm prezidenta Zelensk\u00e9ho m\u00e1me jako Evropsk\u00e1 komise zcela jasn\u011b na mysli, \u017ee tento typ jazyka nen\u00ed p\u0159ijateln\u00fd,\u201c<\/span><\/em><span dir=\"auto\">\u00a0uvedl v p\u00e1tek b\u011bhem tiskov\u00e9 konferenci z\u00e1stupce hlavn\u00edho mluv\u010d\u00edho Komise Olof Gill.\u00a0<\/span><em><span dir=\"auto\">\u201eNesm\u00ed doch\u00e1zet k hrozb\u00e1m v\u016f\u010di \u010dlensk\u00fdm st\u00e1t\u016fm EU.\u201c<\/span><\/em><\/p>\n<p><span dir=\"auto\">Orb\u00e1n k hrozb\u00e1m prohl\u00e1sil:\u00a0<\/span><em><span dir=\"auto\">\u201eProlom\u00edme ropnou blok\u00e1du a \u017e\u00e1dn\u00e9 hrozby pro m\u016fj \u017eivot m\u011b od toho neodrad\u00ed.\u201c<\/span><\/em><span dir=\"auto\">\u00a0Ma\u010farsk\u00fd ministr zahrani\u010d\u00ed Peter Szijj\u00e1rt\u00f3 prohl\u00e1sil, \u017ee ukrajinsk\u00fd v\u016fdce p\u0159ekro\u010dil\u00a0<\/span><em><span dir=\"auto\">\u201ev\u0161echny meze\u201c<\/span><\/em><span dir=\"auto\">\u00a0a argumentoval, \u017ee zastra\u0161ov\u00e1n\u00ed bylo reakc\u00ed na odm\u00edtnut\u00ed Budape\u0161ti\u00a0<\/span><em><span dir=\"auto\">\u201ezaplatit cenu ukrajinsk\u00e9 v\u00e1lky\u201c<\/span><\/em><span dir=\"auto\">\u00a0vy\u0161\u0161\u00edmi cenami energi\u00ed.<\/span><\/p>\n<p><span dir=\"auto\">Politick\u00fd spor mezi Budape\u0161t\u00ed a Kyjevem se vyost\u0159il v lednu, kdy Ukrajina zabr\u00e1nila dod\u00e1vk\u00e1m kl\u00ed\u010dov\u00e9 rusk\u00e9 ropy do Ma\u010farska ropovodem Dru\u017eba.<\/span><\/p>\n<p><span dir=\"auto\">Plynovod ze sov\u011btsk\u00e9 \u00e9ry, jeho\u017e \u010d\u00e1sti vedou p\u0159es Ukrajinu, byl odstaven z provozu pot\u00e9, co Kyjev uvedl, \u017ee byl po\u0161kozen rusk\u00fdmi \u00fadery \u2013 tvrzen\u00ed Moskva odm\u00edt\u00e1. Ma\u010farsko a Slovensko, ob\u011b zem\u011b siln\u011b z\u00e1visl\u00e9 na rusk\u00fdch dod\u00e1vk\u00e1ch energie, obvinily Kyjev z \u00famysln\u00e9ho zastaven\u00ed tok\u016f z politick\u00fdch d\u016fvod\u016f a vytv\u00e1\u0159en\u00ed p\u0159ek\u00e1\u017eek, kter\u00e9 by zabr\u00e1nily jejich obnoven\u00ed.<\/span><\/p>\n<p><span dir=\"auto\">S rostouc\u00edm nap\u011bt\u00edm mezi Kyjevem a Budape\u0161t\u00ed se strany uch\u00fdlily k osobn\u00edm ur\u00e1\u017ek\u00e1m. Zelenskyj dokonce za\u0161el tak daleko, \u017ee se na \u00fanorov\u00e9 mnichovsk\u00e9 bezpe\u010dnostn\u00ed konferenci vysm\u00edval Orb\u00e1nov\u011b v\u016fli. Pozd\u011bji v m\u011bs\u00edci Orb\u00e1n zablokoval pl\u00e1novanou nouzovou p\u016fj\u010dku ve v\u00fd\u0161i 90 miliard eur (106 miliard dolar\u016f), kterou \u010dlenov\u00e9 EU pro Kyjev z\u00edskali.<\/span><\/p>\n<p><span dir=\"auto\">Moskva tvrd\u00ed, \u017ee blokov\u00e1n\u00ed dod\u00e1vek rusk\u00e9 ropy do \u010dlensk\u00fdch st\u00e1t\u016f EU p\u0159es jej\u00ed \u00fazem\u00ed Ukrajinou se rovn\u00e1\u00a0<\/span><em><span dir=\"auto\">\u201eenergetick\u00e9mu vyd\u00edr\u00e1n\u00ed\u201c.<\/span><\/em><span dir=\"auto\">\u00a0Mluv\u010d\u00ed Kremlu Dmitrij Peskov prohl\u00e1sil, \u017ee Kyjev vyv\u00edj\u00ed tlak na Budape\u0161\u0165 t\u00edm, \u017ee naru\u0161uje tranzit rusk\u00e9 ropy.<\/span><\/p>\n<p><img decoding=\"async\" loading=\"lazy\" class=\"alignnone size-full wp-image-1185\" src=\"http:\/\/www.infokuryr.cz\/n\/wp-content\/uploads\/2021\/04\/kuryr-podpis.png\" alt=\"\" width=\"84\" height=\"24\" \/><\/p>\n<p>&nbsp;<\/p>\n","protected":false},"excerpt":{"rendered":"<p>Ukrajinsk\u00fd v\u016fdce ned\u00e1vno sl\u00edbil kroky proti ma\u010farsk\u00e9mu premi\u00e9rovi kv\u016fli jeho odm\u00edtnut\u00ed odblokovat Kyjevu p\u016fj\u010dku EU&#8230;<\/p>\n","protected":false},"author":2,"featured_media":97238,"comment_status":"closed","ping_status":"closed","sticky":false,"template":"","format":"standard","meta":[],"categories":[7],"tags":[41,439,2524,2067,1000],"_links":{"self":[{"href":"https:\/\/www.infokuryr.cz\/n\/wp-json\/wp\/v2\/posts\/101309"}],"collection":[{"href":"https:\/\/www.infokuryr.cz\/n\/wp-json\/wp\/v2\/posts"}],"about":[{"href":"https:\/\/www.infokuryr.cz\/n\/wp-json\/wp\/v2\/types\/post"}],"author":[{"embeddable":true,"href":"https:\/\/www.infokuryr.cz\/n\/wp-json\/wp\/v2\/users\/2"}],"replies":[{"embeddable":true,"href":"https:\/\/www.infokuryr.cz\/n\/wp-json\/wp\/v2\/comments?post=101309"}],"version-history":[{"count":0,"href":"https:\/\/www.infokuryr.cz\/n\/wp-json\/wp\/v2\/posts\/101309\/revisions"}],"wp:featuredmedia":[{"embeddable":true,"href":"https:\/\/www.infokuryr.cz\/n\/wp-json\/wp\/v2\/media\/97238"}],"wp:attachment":[{"href":"https:\/\/www.infokuryr.cz\/n\/wp-json\/wp\/v2\/media?parent=101309"}],"wp:term":[{"taxonomy":"category","embeddable":true,"href":"https:\/\/www.infokuryr.cz\/n\/wp-json\/wp\/v2\/categories?post=101309"},{"taxonomy":"post_tag","embeddable":true,"href":"https:\/\/www.infokuryr.cz\/n\/wp-json\/wp\/v2\/tags?post=101309"}],"curies":[{"name":"wp","href":"https:\/\/api.w.org\/{rel}","templated":true}]}}