{"id":101304,"date":"2026-03-08T00:35:11","date_gmt":"2026-03-07T23:35:11","guid":{"rendered":"https:\/\/www.infokuryr.cz\/n\/?p=101304"},"modified":"2026-03-07T17:50:37","modified_gmt":"2026-03-07T16:50:37","slug":"usa-pri-sobotnim-iranskem-utoku-na-zakladny-v-bahrajnu-a-spojenych-arabskych-emiratech-ztratily-vice-nez-200-vojaku","status":"publish","type":"post","link":"https:\/\/www.infokuryr.cz\/n\/2026\/03\/08\/usa-pri-sobotnim-iranskem-utoku-na-zakladny-v-bahrajnu-a-spojenych-arabskych-emiratech-ztratily-vice-nez-200-vojaku\/","title":{"rendered":"USA p\u0159i sobotn\u00edm \u00edr\u00e1nsk\u00e9m \u00fatoku na z\u00e1kladny v Bahrajnu a Spojen\u00fdch arabsk\u00fdch emir\u00e1tech ztratily v\u00edce ne\u017e 200 voj\u00e1k\u016f"},"content":{"rendered":"<div id=\"fb-root\"><\/div>\n<p class=\"lead\"><strong><span dir=\"auto\">V\u00edce ne\u017e 200 americk\u00fdch voj\u00e1k\u016f bylo dnes zabito a zran\u011bno p\u0159i \u00edr\u00e1nsk\u00fdch \u00fatoc\u00edch na americk\u00e9 vojensk\u00e9 z\u00e1kladny na Bl\u00edzk\u00e9m v\u00fdchod\u011b, uvedl mluv\u010d\u00ed \u00fast\u0159edn\u00edho velen\u00ed Chat\u00e1m al-Anbija \u00edr\u00e1nsk\u00fdch revolu\u010dn\u00edch gard (IRGC) a\u00a0<\/span><a href=\"https:\/\/t.me\/parstodayrussian\/195854\" target=\"_blank\" rel=\"noopener\"><span dir=\"auto\">informoval<\/span><\/a><span dir=\"auto\">\u00a0\u00edr\u00e1nsk\u00fd st\u00e1tn\u00ed rozhlas.<\/span><\/strong><\/p>\n<p><em><span dir=\"auto\">\u201eP\u0159i pokra\u010duj\u00edc\u00edm t\u011b\u017ek\u00e9m \u00fatoku na americk\u00e9 z\u00e1kladny v regionu za posledn\u00edch 24 hodin bylo zabito a zran\u011bno mnoho voj\u00e1k\u016f a velitel\u016f americk\u00e9 arm\u00e1dy a jejich infrastruktu\u0159e a zdroj\u016fm byly zp\u016fsobeny zna\u010dn\u00e9 \u0161kody,\u201c<\/span><span class=\"after-quote\"><span dir=\"auto\">\u00a0\u2014 hl\u00e1silo velitelstv\u00ed.<\/span><\/span><\/em><\/p>\n<p><span dir=\"auto\">Podle n\u011bj bylo z p\u00e1t\u00e9 flotily americk\u00e9ho n\u00e1mo\u0159nictva v regionu se z\u00e1kladnou v Bahrajnu zabito 21 lid\u00ed a mnoho dal\u0161\u00edch zran\u011bno, na americk\u00e9 z\u00e1kladn\u011b Al Dhafra v SAE bylo zabito a zran\u011bno asi 200 lid\u00ed.<\/span><\/p>\n<p><span dir=\"auto\">Krom\u011b toho byl v severn\u00ed \u010d\u00e1sti Persk\u00e9ho z\u00e1livu zni\u010den americk\u00fd ropn\u00fd tanker.<\/span><\/p>\n<p><span dir=\"auto\">Pro p\u0159ipomenut\u00ed, n\u00e1mo\u0159nictvo IRGC dnes ozn\u00e1milo, \u017ee ropn\u00fd tanker Louise P pluj\u00edc\u00ed pod vlajkou Marshallov\u00fdch ostrov\u016f, \u201ejeden z aktiv\u201c Spojen\u00fdch st\u00e1t\u016f, byl dnes odpoledne zasa\u017een \u00fato\u010dn\u00fdm dronem v centr\u00e1ln\u00edm Persk\u00e9m z\u00e1livu.<\/span><\/p>\n<p><span dir=\"auto\">Stanice Al-D\u017eaz\u00edra dnes informovala, \u017ee \u00cdr\u00e1n za\u00fato\u010dil na leteckou z\u00e1kladnu Al-Dhafra v SAE a zas\u00e1hl americk\u00e9 satelitn\u00ed komunika\u010dn\u00ed centrum.<\/span><\/p>\n<p><span dir=\"auto\">Jak informovala m\u00e9dia<\/span><span dir=\"auto\">, v\u0161echny americk\u00e9 a izraelsk\u00e9 vojensk\u00e9 z\u00e1kladny a majetek z\u016fst\u00e1vaj\u00ed prim\u00e1rn\u00edm c\u00edlem \u00cdr\u00e1nu a budou p\u0159edm\u011btem \u00fader\u016f.\u00a0<\/span><a href=\"https:\/\/eadaily.com\/ru\/news\/2026\/03\/07\/iranskiy-centralnyy-shtab-poyasnil-izvineniya-pezeshkiana-vse-bazy-ssha-ostayutsya-celyami\" target=\"_blank\" rel=\"noopener\"><span dir=\"auto\">Uvedlo<\/span><\/a><span dir=\"auto\">\u00a0to \u00fast\u0159edn\u00ed velen\u00ed Chat\u00e1m al-Anb\u00edja, jak informoval \u00edr\u00e1nsk\u00fd st\u00e1tn\u00ed televizn\u00ed vys\u00edl\u00e1n\u00ed.<\/span><\/p>\n<p><span dir=\"auto\">Takto komentovalo velitelstv\u00ed prohl\u00e1\u0161en\u00ed \u00edr\u00e1nsk\u00e9ho prezidenta\u00a0<\/span><strong><span dir=\"auto\">Mas\u00fada Peze\u0161ki\u00e1na<\/span><\/strong><span dir=\"auto\">\u00a0, kter\u00fd se omluvil sousedn\u00edm zem\u00edm za \u00fadery.<\/span><\/p>\n<h2 class=\"article__heading\"><span dir=\"auto\">\u00cdr\u00e1n u\u017e nebude \u00fato\u010dit na sousedn\u00ed zem\u011b, \u0159ekl \u00edr\u00e1nsk\u00fd prezident Pezeshkian<\/span><\/h2>\n<p><img decoding=\"async\" loading=\"lazy\" class=\"aligncenter\" src=\"https:\/\/mf.b37mrtl.ru\/files\/2026.03\/xxs\/69abdba920302756847ebf8b.jpg\" alt=\"\u00cdr\u00e1n u\u017e nebude \u00fato\u010dit na sousedn\u00ed zem\u011b, \u0159ekl Pezeshkian\" width=\"544\" height=\"305\" \/><\/p>\n<p><strong>\u00cdr\u00e1nsk\u00fd prezident prohl\u00e1sil, \u017ee st\u00e1ty nebudou ter\u010dem \u00fatok\u016f, pokud nebude Isl\u00e1msk\u00e1 republika zasa\u017eena z jejich \u00fazem\u00ed.<\/strong><\/p>\n<p><span dir=\"auto\">Teher\u00e1n se rozhodl p\u0159estat s \u00fatoky na c\u00edle v sousedn\u00edch zem\u00edch a nem\u00e1 v \u00famyslu je napadnout, prohl\u00e1sil \u00edr\u00e1nsk\u00fd prezident Mas\u00fad Peze\u0161kijan.<\/span><\/p>\n<p><span dir=\"auto\">V televizn\u00edm projevu se Pezeshkian omluvil zem\u00edm regionu a prohl\u00e1sil, \u017ee \u00cdr\u00e1n respektuje jejich suverenitu.\u00a0<\/span><\/p>\n<p><span dir=\"auto\">Americko-izraelsk\u00e1 v\u00e1lka proti \u00cdr\u00e1nu vstoupila do druh\u00e9ho t\u00fddne a roste nejistota ohledn\u011b toho, kdy by mohly nep\u0159\u00e1telsk\u00e9 akce skon\u010dit. Americk\u00fd prezident Donald Trump po\u017eadoval\u00a0<\/span><em><span dir=\"auto\">\u201ebezpodm\u00edne\u010dnou kapitulaci\u201c Teher\u00e1nu,<\/span><\/em><span dir=\"auto\">\u00a0zat\u00edmco Izrael pokra\u010doval v \u00fatoc\u00edch na c\u00edle v Isl\u00e1msk\u00e9 republice a zah\u00e1jil rozs\u00e1hlou vojenskou invazi do Libanonu, co\u017e vedlo OSN k varov\u00e1n\u00ed p\u0159ed humanit\u00e1rn\u00ed kriz\u00ed, kter\u00e1 se v zemi odehr\u00e1v\u00e1.\u00a0<\/span><\/p>\n<p><span dir=\"auto\">Pezeshkian uvedl, \u017ee Prozat\u00edmn\u00ed rada veden\u00ed zem\u011b schv\u00e1lila rozhodnut\u00ed, \u017ee proti st\u00e1t\u016fm v regionu nebudou provedeny \u017e\u00e1dn\u00e9 raketov\u00e9 \u00fadery, pokud \u00fatok na \u00cdr\u00e1n nebude vych\u00e1zet z jejich \u00fazem\u00ed.<\/span><\/p>\n<p><span dir=\"auto\">V sobotu brzy r\u00e1no byly spat\u0159eny rakety let\u00edc\u00ed sm\u011brem k Izraeli pot\u00e9, co IDF ozn\u00e1mila, \u017ee identifikovala odp\u00e1len\u00ed z \u00cdr\u00e1nu.<\/span><\/p>\n<p><span dir=\"auto\">Byly sly\u0161et exploze, kdy\u017e se izraelsk\u00e1 protivzdu\u0161n\u00e1 obrana aktivovala, aby zachytila \u200b\u200bp\u0159ich\u00e1zej\u00edc\u00ed palbu. Kr\u00e1tce po palb\u011b izraelsk\u00e1 arm\u00e1da ozn\u00e1mila, \u017ee zah\u00e1jila vlnu \u00fader\u016f zam\u011b\u0159en\u00fdch na infrastrukturu v \u00edr\u00e1nsk\u00e9m hlavn\u00edm m\u011bst\u011b Teher\u00e1nu.<\/span><\/p>\n<p><span dir=\"auto\">Washington a Z\u00e1padn\u00ed Jeruzal\u00e9m ozna\u010dily sv\u00e9 prvn\u00ed \u00fatoky na \u00cdr\u00e1n za preventivn\u00ed opat\u0159en\u00ed zam\u011b\u0159en\u00e1 na zni\u010den\u00ed jeho programu obohacov\u00e1n\u00ed uranu a v\u00fdvoje balistick\u00fdch raket. Isl\u00e1msk\u00e1 republika trv\u00e1 na tom, \u017ee jej\u00ed jadern\u00fd program je m\u00edrov\u00fd, a \u00fatoky odsoudila jako zcela nevyprovokovan\u00e9.<\/span><\/p>\n<p><span dir=\"auto\">Moskva odsoudila americko-izraelsk\u00e9 \u00fatoky jako\u00a0<\/span><em><span dir=\"auto\">\u201ep\u0159edem promy\u0161len\u00fd a nevyprovokovan\u00fd akt agrese\u201c<\/span><\/em><span dir=\"auto\">\u00a0zam\u011b\u0159en\u00fd na svr\u017een\u00ed vl\u00e1dy, kter\u00e1\u00a0<\/span><em><span dir=\"auto\">\u201eodm\u00edtla podvolit se dikt\u00e1tu s\u00edly a hegemonn\u00edmu tlaku\u201c.<\/span><\/em><\/p>\n<h2>\u00cdr\u00e1nsk\u00e9 \u00fast\u0159edn\u00ed velen\u00ed objasnilo Pezeshkianovu omluvu: V\u0161echny americk\u00e9 z\u00e1kladny z\u016fst\u00e1vaj\u00ed c\u00edlem \u00fatok\u016f<br \/>\n<img decoding=\"async\" loading=\"lazy\" class=\"aligncenter\" src=\"https:\/\/img4.eadaily.com\/c291x179\/o\/b76\/2409f15e9d577bbcc1bc3f4d8e413.jpeg\" width=\"579\" height=\"356\" \/><\/h2>\n<p class=\"lead\"><strong><span dir=\"auto\">V\u0161echny americk\u00e9 a izraelsk\u00e9 vojensk\u00e9 z\u00e1kladny a majetek z\u016fst\u00e1vaj\u00ed prim\u00e1rn\u00edm c\u00edlem \u00cdr\u00e1nu a budou p\u0159edm\u011btem \u00fatoku, uv\u00e1d\u00ed \u00fast\u0159edn\u00ed velen\u00ed Chat\u00e1m al-Anb\u00edja a \u00edr\u00e1nsk\u00e1 st\u00e1tn\u00ed televize.<\/span><\/strong><\/p>\n<p><span dir=\"auto\">Takto komentovalo velitelstv\u00ed prohl\u00e1\u0161en\u00ed \u00edr\u00e1nsk\u00e9ho prezidenta\u00a0<\/span><strong><span dir=\"auto\">Mas\u00fada Peze\u0161ki\u00e1na<\/span><\/strong><span dir=\"auto\">\u00a0, kter\u00fd se omluvil sousedn\u00edm zem\u00edm za \u00fadery.<\/span><\/p>\n<p><em><span dir=\"auto\">\u201eV souladu s prohl\u00e1\u0161en\u00edmi v\u00e1\u017een\u00e9ho prezidenta ozbrojen\u00e9 s\u00edly znovu prohla\u0161uj\u00ed, \u017ee respektuj\u00ed z\u00e1jmy a n\u00e1rodn\u00ed suverenitu sousedn\u00edch zem\u00ed a dosud proti nim nesp\u00e1chaly \u017e\u00e1dn\u00e9 \u00fatoky, ale v pokra\u010dov\u00e1n\u00ed p\u0159edchoz\u00edch \u00fato\u010dn\u00fdch akc\u00ed budou v\u0161echny vojensk\u00e9 z\u00e1kladny a z\u00e1jmy zlo\u010dinn\u00e9 Ameriky a fale\u0161n\u00e9ho sionistick\u00e9ho re\u017eimu na sou\u0161i, na mo\u0159i i ve vzduchu v regionu pova\u017eov\u00e1ny za prim\u00e1rn\u00ed c\u00edle a budou podrobeny drtiv\u00fdm a siln\u00fdm \u00fader\u016fm mocn\u00fdch ozbrojen\u00fdch sil \u00cdr\u00e1nsk\u00e9 isl\u00e1msk\u00e9 republiky,\u201c<\/span><span class=\"after-quote\"><span dir=\"auto\">\u00a0\u2013 uvedlo \u00fast\u0159ed\u00ed ve sv\u00e9m prohl\u00e1\u0161en\u00ed.<\/span><\/span><\/em><\/p>\n<p><span dir=\"auto\">Jak informovala m\u00e9dia<\/span><span dir=\"auto\">, ozn\u00e1men\u00ed Teher\u00e1nu o ukon\u010den\u00ed \u00fatok\u016f na zem\u011b Bl\u00edzk\u00e9ho v\u00fdchodu v podstat\u011b znamen\u00e1 kapitulaci \u00cdr\u00e1nu p\u0159ed jeho sousedy.\u00a0<\/span><a href=\"https:\/\/eadaily.com\/ru\/news\/2026\/03\/07\/polnoe-unichtozhenie-otdelnyh-grupp-ssha-hotyat-nakazat-iran-za-plohoe-povedenie\" target=\"_blank\" rel=\"noopener\"><span dir=\"auto\">Prohl\u00e1sil<\/span><\/a><span dir=\"auto\">\u00a0to americk\u00fd prezident\u00a0<\/span><strong><span dir=\"auto\">Donald Trump<\/span><\/strong><span dir=\"auto\"> .<\/span><\/p>\n<p><span dir=\"auto\">\u201eToto je poprv\u00e9 za tis\u00edce let, co byl \u00cdr\u00e1n pora\u017een Bl\u00edzk\u00fdm v\u00fdchodem, kter\u00fd se kolem n\u011bj dr\u017eel. \u0158ekli: \u201aD\u011bkuji v\u00e1m, prezidente Trumpe.\u2018 \u0158ekl jsem: \u201aNen\u00ed za\u010d!\u2018\u201c poznamenal Trump.<\/span><\/p>\n<p><span dir=\"auto\">Pro p\u0159ipomenut\u00ed, Prozat\u00edmn\u00ed vl\u00e1dn\u00ed rada \u00cdr\u00e1nsk\u00e9 isl\u00e1msk\u00e9 republiky se rozhodla ukon\u010dit \u00fatoky na sousedn\u00ed st\u00e1ty, pokud p\u0159estanou podporovat americko-izraelskou agresi. O tom 7. b\u0159ezna\u00a0<\/span><a href=\"https:\/\/eadaily.com\/ru\/news\/2026\/03\/07\/iran-poobeshchal-ne-atakovat-sosednie-strany-esli-s-ih-territorii-ne-budet-udarov\" target=\"_blank\" rel=\"noopener\"><span dir=\"auto\">informovala<\/span><\/a><span dir=\"auto\">\u00a0tiskov\u00e1 agentura WANA s odvol\u00e1n\u00edm na prohl\u00e1\u0161en\u00ed \u00edr\u00e1nsk\u00e9ho prezidenta Mas\u00fada Peze\u0161kiana, kter\u00fd se sousedn\u00edm zem\u00edm omluvil za raketov\u00e9 \u00fadery.<\/span><\/p>\n<p><span dir=\"auto\">Hlava st\u00e1tu tak\u00e9 ozn\u00e1mila, \u017ee \u00cdr\u00e1n nem\u00e1 v \u00famyslu projevovat agresi v\u016f\u010di sv\u00fdm soused\u016fm, a proto na n\u011b neza\u00fato\u010d\u00ed, pokud z jejich \u00fazem\u00ed nedojde k \u00fatok\u016fm na samotn\u00fd \u00cdr\u00e1n.<\/span><\/p>\n<p><img decoding=\"async\" loading=\"lazy\" class=\"alignnone size-full wp-image-1185\" src=\"http:\/\/www.infokuryr.cz\/n\/wp-content\/uploads\/2021\/04\/kuryr-podpis.png\" alt=\"\" width=\"84\" height=\"24\" \/><\/p>\n<p>&nbsp;<\/p>\n","protected":false},"excerpt":{"rendered":"<p>V\u00edce ne\u017e 200 americk\u00fdch voj\u00e1k\u016f bylo dnes zabito a zran\u011bno p\u0159i \u00edr\u00e1nsk\u00fdch \u00fatoc\u00edch na americk\u00e9&#8230;<\/p>\n","protected":false},"author":2,"featured_media":101305,"comment_status":"closed","ping_status":"closed","sticky":false,"template":"","format":"standard","meta":[],"categories":[7],"tags":[38,871,37,723],"_links":{"self":[{"href":"https:\/\/www.infokuryr.cz\/n\/wp-json\/wp\/v2\/posts\/101304"}],"collection":[{"href":"https:\/\/www.infokuryr.cz\/n\/wp-json\/wp\/v2\/posts"}],"about":[{"href":"https:\/\/www.infokuryr.cz\/n\/wp-json\/wp\/v2\/types\/post"}],"author":[{"embeddable":true,"href":"https:\/\/www.infokuryr.cz\/n\/wp-json\/wp\/v2\/users\/2"}],"replies":[{"embeddable":true,"href":"https:\/\/www.infokuryr.cz\/n\/wp-json\/wp\/v2\/comments?post=101304"}],"version-history":[{"count":1,"href":"https:\/\/www.infokuryr.cz\/n\/wp-json\/wp\/v2\/posts\/101304\/revisions"}],"predecessor-version":[{"id":101306,"href":"https:\/\/www.infokuryr.cz\/n\/wp-json\/wp\/v2\/posts\/101304\/revisions\/101306"}],"wp:featuredmedia":[{"embeddable":true,"href":"https:\/\/www.infokuryr.cz\/n\/wp-json\/wp\/v2\/media\/101305"}],"wp:attachment":[{"href":"https:\/\/www.infokuryr.cz\/n\/wp-json\/wp\/v2\/media?parent=101304"}],"wp:term":[{"taxonomy":"category","embeddable":true,"href":"https:\/\/www.infokuryr.cz\/n\/wp-json\/wp\/v2\/categories?post=101304"},{"taxonomy":"post_tag","embeddable":true,"href":"https:\/\/www.infokuryr.cz\/n\/wp-json\/wp\/v2\/tags?post=101304"}],"curies":[{"name":"wp","href":"https:\/\/api.w.org\/{rel}","templated":true}]}}