{"id":101301,"date":"2026-03-08T00:25:45","date_gmt":"2026-03-07T23:25:45","guid":{"rendered":"https:\/\/www.infokuryr.cz\/n\/?p=101301"},"modified":"2026-03-07T17:01:21","modified_gmt":"2026-03-07T16:01:21","slug":"petr-pokorny-a-takhle-si-tam-v-bilem-dome-ziji-usudek-si-udelejte-sami-vi-o-tom-rusove-a-putin","status":"publish","type":"post","link":"https:\/\/www.infokuryr.cz\/n\/2026\/03\/08\/petr-pokorny-a-takhle-si-tam-v-bilem-dome-ziji-usudek-si-udelejte-sami-vi-o-tom-rusove-a-putin\/","title":{"rendered":"Petr Pokorn\u00fd: A takhle si tam v B\u00edl\u00e9m dom\u011b \u017eij\u00ed&#8230; \u00dasudek si ud\u011blejte sami. V\u00ed o tom Rusov\u00e9 a Putin?"},"content":{"rendered":"<div id=\"fb-root\"><\/div>\n<h4>Paula White, cel\u00fdm jm\u00e9nem Paula Michelle White-Cain (rozen\u00e1 Furr); je americk\u00e1 evangelik\u00e1ln\u00ed pastorka a teleevangelistka. Od roku 2000 je bl\u00edzkou spolupracovnic\u00ed Donalda Trumpa, stala se jeho duchovn\u00ed poradkyn\u00ed v roce 2011.<\/h4>\n<div style=\"width: 636px;\" class=\"wp-video\"><!--[if lt IE 9]><script>document.createElement('video');<\/script><![endif]-->\n<video class=\"wp-video-shortcode\" id=\"video-101301-1\" width=\"636\" height=\"360\" preload=\"metadata\" controls=\"controls\"><source type=\"video\/mp4\" src=\"http:\/\/www.infokuryr.cz\/n\/wp-content\/uploads\/2026\/03\/3037.mp4?_=1\" \/><a href=\"http:\/\/www.infokuryr.cz\/n\/wp-content\/uploads\/2026\/03\/3037.mp4\">http:\/\/www.infokuryr.cz\/n\/wp-content\/uploads\/2026\/03\/3037.mp4<\/a><\/video><\/div>\n<p>&nbsp;<\/p>\n<p><strong>Toto nen\u00ed z um\u011bl\u00e9 inteligence, toto je autentick\u00fd projev v B\u00edl\u00e9m dom\u011b. A pak p\u0159\u00edjde rozkaz na bombardov\u00e1n\u00ed. Co na Trumpa je\u010d\u00ed ta vy\u0161ahan\u00e1 m\u00e1te n\u00ed\u017ee:\u00a0<\/strong><\/p>\n<table>\n<tbody>\n<tr>\n<td>Moment k\u00e1z\u00e1n\u00ed hlavn\u00ed poradkyn\u011b \u00da\u0159adu pro z\u00e1le\u017eitosti v\u00edry B\u00edl\u00e9ho domu Pauly White:<\/p>\n<div class=\"xdj266r x14z9mp xat24cr x1lziwak x1vvkbs x126k92a\">\n<p dir=\"auto\">\u201eBijte, a bijte, a bijte, a bijte, a bijte, a bijte, a bijte, a bijte, a bijte, a bijte, dokud nep\u0159ijde v\u00edt\u011bzstv\u00ed. A na ka\u017ed\u00e9ho nep\u0159\u00edtele, kter\u00fd se postav\u00ed proti v\u00e1m, a\u0165 tak je. Sly\u0161\u00edm zvuk v\u00edt\u011bzstv\u00ed.<\/p>\n<p dir=\"auto\">Sly\u0161\u00edm zvuk k\u0159iku a zp\u011bvu.<\/p>\n<p dir=\"auto\">Sly\u0161\u00edm zvuk v\u00edt\u011bzstv\u00ed. Sly\u0161\u00edm zvuk v\u00edt\u011bzstv\u00ed.<\/p>\n<p dir=\"auto\">Nebo\u0165 sly\u0161\u00edm v\u00edt\u011bzstv\u00ed, v\u00edt\u011bzstv\u00ed, v\u00edt\u011bzstv\u00ed, v\u00edt\u011bzstv\u00ed ve \u010dtvrt\u00edch nebes, ve \u010dtvrt\u00edch nebes. V\u00edt\u011bzstv\u00ed, v\u00edt\u011bzstv\u00ed, v\u00edt\u011bzstv\u00ed, v\u00edt\u011bzstv\u00ed, v\u00edt\u011bzstv\u00ed, v\u00edt\u011bzstv\u00ed, v\u00edt\u011bzstv\u00ed.<\/p>\n<p dir=\"auto\">Sly\u0161\u00edm zvuk v\u00edt\u011bzstv\u00ed, sly\u0161\u00edm zvuk v\u00edt\u011bzstv\u00ed, sly\u0161\u00edm zvuk v\u00edt\u011bzstv\u00ed, sly\u0161\u00edm zvuk v\u00edt\u011bzstv\u00ed. Sly\u0161\u00edm zvuk v\u00edt\u011bzstv\u00ed.\u201c<\/p>\n<\/div>\n<div dir=\"auto\">Made in USA<\/p>\n<\/div>\n<div dir=\"auto\">A z\u00e1bavn\u00fd chlap\u00edk, ministr zahrani\u010d\u00ed USA Marco Rubio, prohl\u00e1sil:<\/div>\n<div class=\"x14z9mp xat24cr x1lziwak x1vvkbs xtlvy1s x126k92a\">\n<p dir=\"auto\">\u201ePoslouchejte, dovolte mi v\u00e1m to vysv\u011btlit jednodu\u0161e anglicky:<strong>\u00a0\u00cdr\u00e1nem vl\u00e1dnou bl\u00e1zni! N\u00e1bo\u017een\u0161t\u00ed fanati\u010dt\u00ed bl\u00e1zni!<\/strong>.\u00a0Jak vid\u00edte, my jsme civilizace!\u201c<\/p>\n<p><strong>SKUTE\u010cN\u011a?\u00a0<\/strong><\/p>\n<h2>\u00dasudek, kdo je v\u011bt\u0161\u00ed magor, si ud\u011blejte sami&#8230;<\/h2>\n<p><img decoding=\"async\" loading=\"lazy\" class=\"aligncenter\" src=\"https:\/\/www.skrytapravda.cz\/images\/blogy\/2951\/2026\/3b%C5%99ezen\/Sn%C3%ADmek_obrazovky_6971_c84d1.webp\" alt=\"Sn\u00edmek obrazovky 6971 c84d1\" width=\"753\" height=\"351\" \/><\/p>\n<p><img decoding=\"async\" loading=\"lazy\" class=\"aligncenter\" src=\"https:\/\/www.skrytapravda.cz\/images\/blogy\/2951\/2026\/3b%C5%99ezen\/Sn%C3%ADmek_obrazovky_6974-1_83b38.webp\" alt=\"Sn\u00edmek obrazovky 6974 1 83b38\" width=\"754\" height=\"427\" \/><\/p>\n<\/div>\n<\/td>\n<\/tr>\n<\/tbody>\n<\/table>\n<p>White byla p\u0159edsedkyn\u00ed evangelik\u00e1ln\u00ed poradn\u00ed rady pro kampa\u0148 Donalda Trumpa v roce 2016. White pronesla modlitbu p\u0159i jeho inauguraci 20. ledna 2017. White je prvn\u00ed \u017eenou z duchovn\u00edho stavu, kter\u00e1 pronesla inaugura\u010dn\u00ed modlitbu. V listopadu 2019 ji Trump jmenoval zvl\u00e1\u0161tn\u00ed poradkyn\u00ed pro iniciativu V\u00edra a p\u0159\u00edle\u017eitost p\u0159i \u00da\u0159adu pro ve\u0159ejn\u00e9 vztahy. V roce 2025 byla jmenov\u00e1na \u0159editelkou nov\u011b vytvo\u0159en\u00e9 \u201e<strong>Kancel\u00e1\u0159e pro v\u00edru p\u0159i B\u00edl\u00e9m dom\u011b<\/strong>\u201c.<\/p>\n<p><strong>\u00a0Um\u00edte si p\u0159edstavit, \u017ee by v na\u0161\u00ed slovansk\u00e9 civilizaci byli tihle vypatlanci tak\u00e9? I kdy\u017e Pir\u00e1ti a STANa\u0159i v\u011bd\u00ed, kam na inspiraci s\u00e1hnout. Nen\u00ed u\u017e Trump v posledn\u00edm ta\u017een\u00ed?\u00a0<\/strong><\/p>\n<p><a href=\"https:\/\/www.skrytapravda.cz\/ze-zahranici\/3037-a-takhle-si-tam-v-bilem-dome-ziji-usudek-si-udelejte-sami-vi-o-tom-rusove-a-putin\">Petr Pokorn\u00fd<\/a><\/p>\n<p>&nbsp;<\/p>\n","protected":false},"excerpt":{"rendered":"<p>Paula White, cel\u00fdm jm\u00e9nem Paula Michelle White-Cain (rozen\u00e1 Furr); je americk\u00e1 evangelik\u00e1ln\u00ed pastorka a teleevangelistka&#8230;.<\/p>\n","protected":false},"author":2,"featured_media":67021,"comment_status":"closed","ping_status":"closed","sticky":false,"template":"","format":"standard","meta":[],"categories":[6],"tags":[2358,1503,35],"_links":{"self":[{"href":"https:\/\/www.infokuryr.cz\/n\/wp-json\/wp\/v2\/posts\/101301"}],"collection":[{"href":"https:\/\/www.infokuryr.cz\/n\/wp-json\/wp\/v2\/posts"}],"about":[{"href":"https:\/\/www.infokuryr.cz\/n\/wp-json\/wp\/v2\/types\/post"}],"author":[{"embeddable":true,"href":"https:\/\/www.infokuryr.cz\/n\/wp-json\/wp\/v2\/users\/2"}],"replies":[{"embeddable":true,"href":"https:\/\/www.infokuryr.cz\/n\/wp-json\/wp\/v2\/comments?post=101301"}],"version-history":[{"count":1,"href":"https:\/\/www.infokuryr.cz\/n\/wp-json\/wp\/v2\/posts\/101301\/revisions"}],"predecessor-version":[{"id":101303,"href":"https:\/\/www.infokuryr.cz\/n\/wp-json\/wp\/v2\/posts\/101301\/revisions\/101303"}],"wp:featuredmedia":[{"embeddable":true,"href":"https:\/\/www.infokuryr.cz\/n\/wp-json\/wp\/v2\/media\/67021"}],"wp:attachment":[{"href":"https:\/\/www.infokuryr.cz\/n\/wp-json\/wp\/v2\/media?parent=101301"}],"wp:term":[{"taxonomy":"category","embeddable":true,"href":"https:\/\/www.infokuryr.cz\/n\/wp-json\/wp\/v2\/categories?post=101301"},{"taxonomy":"post_tag","embeddable":true,"href":"https:\/\/www.infokuryr.cz\/n\/wp-json\/wp\/v2\/tags?post=101301"}],"curies":[{"name":"wp","href":"https:\/\/api.w.org\/{rel}","templated":true}]}}