{"id":101300,"date":"2026-03-08T00:26:16","date_gmt":"2026-03-07T23:26:16","guid":{"rendered":"https:\/\/www.infokuryr.cz\/n\/?p=101300"},"modified":"2026-03-07T16:54:23","modified_gmt":"2026-03-07T15:54:23","slug":"alexandre-lemoine-zmena-rezimu-je-hlavnim-cilem-strategie-spojenych-statu-v-iranu","status":"publish","type":"post","link":"https:\/\/www.infokuryr.cz\/n\/2026\/03\/08\/alexandre-lemoine-zmena-rezimu-je-hlavnim-cilem-strategie-spojenych-statu-v-iranu\/","title":{"rendered":"Alexandre Lemoine: Zm\u011bna re\u017eimu je hlavn\u00edm c\u00edlem strategie Spojen\u00fdch st\u00e1t\u016f v \u00cdr\u00e1nu"},"content":{"rendered":"<div id=\"fb-root\"><\/div>\n<p><strong><span dir=\"auto\">Vojensk\u00fd konflikt mezi \u00cdr\u00e1nem, Izraelem a Spojen\u00fdmi st\u00e1ty trv\u00e1 u\u017e t\u00fdden a ji\u017e nyn\u00ed je jasn\u00e9, \u017ee se z\u00e1sadn\u011b li\u0161\u00ed od jejich konfrontace v \u010dervnu 2025. Tentokr\u00e1t nen\u00ed v s\u00e1zce ani \u00edr\u00e1nsk\u00fd jadern\u00fd arzen\u00e1l, ani demokracie. Trumpova administrativa prohl\u00e1sila, \u017ee c\u00edlem v\u00e1lky je zm\u011bna moci v Teher\u00e1nu, a soud\u011b dle jej\u00edch \u010din\u016f by akceptovala i rozpad \u00cdr\u00e1nu.<\/span><\/strong><\/p>\n<p><span dir=\"auto\">Spojen\u00e9 st\u00e1ty nemaj\u00ed v \u00famyslu usilovat o schv\u00e1len\u00ed OSN ani vytv\u00e1\u0159et \u0161irokou koalici, a to ani se sv\u00fdmi spojenci v NATO. Pro americkou ve\u0159ejnost B\u00edl\u00fd d\u016fm ospravedl\u0148uje rozhodnut\u00ed o v\u00e1lce v\u00e1gn\u011b s odvol\u00e1n\u00edm na n\u00e1rodn\u00ed z\u00e1jmy a historii. V americk\u00e9m Kongresu si Trumpovi odp\u016frci, v\u010detn\u011b jeho vlastn\u00ed strany, stanovili \u201e\u010dervenou \u010d\u00e1ru\u201c: pozemn\u00ed invazi do \u00cdr\u00e1nu. Americk\u00fd prezident by v\u0161ak mohl riskovat, \u017ee bude jednat proti jejich v\u016fli.\u00a0<\/span><\/p>\n<p><span dir=\"auto\">Pokud se m\u00e1 v\u011b\u0159it \u010dlen\u016fm Trumpova t\u00fdmu, v nadch\u00e1zej\u00edc\u00edch dnech by m\u011bla n\u00e1sledovat to, co naz\u00fdvaj\u00ed druhou f\u00e1z\u00ed operace proti \u00cdr\u00e1nu. Ozn\u00e1mili ji ministr zahrani\u010d\u00ed Marco Rubio i \u0161\u00e9f Pentagonu Pete Hegseth. Oba hovo\u0159ili o ni\u010div\u00fdch \u00faderech, kter\u00e9 \u00cdr\u00e1nce \u010dekaj\u00ed. \u201eJe\u0161t\u011b jsme ani neza\u010dali s mocn\u00fdmi \u00fadery proti nim. Nejv\u011bt\u0161\u00ed vlna\u00a0<\/span><a href=\"https:\/\/www.politico.com\/news\/2026\/03\/04\/hegset-iran-war-just-begun-00811889\" target=\"_blank\" rel=\"noopener\"><span dir=\"auto\">teprve p\u0159ijde<\/span><\/a><span dir=\"auto\">\u00a0,\u201c prohl\u00e1sil Hegseth. Pozorovatel\u00e9 si v\u0161imli, \u017ee si Hegseth zjevn\u011b u\u017e\u00edv\u00e1 svou novou roli americk\u00e9ho ministra v\u00e1lky v situaci ozbrojen\u00e9 konfrontace. Pocit, \u017ee je v\u00e1le\u010dn\u00fdm v\u016fdcem, kter\u00fd ukon\u010dil konfrontaci mezi \u00cdr\u00e1nem a Amerikou, je evidentn\u011b l\u00e1kav\u00fd i pro Trumpa.\u00a0<\/span><\/p>\n<p><span dir=\"auto\">Trumpovu t\u00fdmu pravd\u011bpodobn\u011b dod\u00e1v\u00e1 sebev\u011bdom\u00ed fakt, \u017ee na rozd\u00edl od n\u011bkter\u00fdch p\u0159edpov\u011bd\u00ed nedo\u0161lo v Republik\u00e1nsk\u00e9 stran\u011b k \u017e\u00e1dn\u00e9mu rozkolu, alespo\u0148 ne mezi jej\u00edmi parlamentn\u00edmi skupinami v Kongresu. Je t\u0159eba si uv\u011bdomit, \u017ee \u010dlenov\u00e9 prezidentsk\u00e9 strany maj\u00ed v obou komor\u00e1ch v\u011bt\u0161inu. Pro Trumpa je to spolehliv\u00e1 pojistka proti impeachmentu a jistota, \u017ee bude schopen prosazovat zahrani\u010dn\u00ed politiku, kterou pova\u017euje za nezbytnou.\u00a0<\/span><\/p>\n<p><span dir=\"auto\">Objevily se v\u0161ak n\u00e1znaky, \u017ee drtiv\u00e1 podpora jeho stoupenc\u016f v Kongresu m\u00e1 sv\u00e9 meze, jak zd\u016fraznila\u00a0poslankyn\u011b Sn\u011bmovny reprezentant\u016f Nancy Maceov\u00e1 v rozhovoru\u00a0<\/span><em><span dir=\"auto\">pro Fox News . \u201e\u00a0<\/span><\/em><a href=\"https:\/\/www.foxnews.com\/politics\/republicans-hand-trump-wheel-iran-one-red-line-emerges?utm_source=chatgpt.com\" target=\"_blank\" rel=\"noopener\"><span dir=\"auto\">Pokud se zapoj\u00ed pozemn\u00ed s\u00edly<\/span><\/a><span dir=\"auto\">\u00a0, mysl\u00edm, \u017ee to bude \u00fapln\u011b jin\u00e1 diskuse. Ale je\u0161t\u011b tam nejsme,\u201c \u0159ekla republik\u00e1nsk\u00e1 kongresmanka.\u00a0<\/span><\/p>\n<p><span dir=\"auto\">Nejzaj\u00edmav\u011bj\u0161\u00ed a nejz\u00e1hadn\u011bj\u0161\u00ed ot\u00e1zkou pro americk\u00e9 koment\u00e1tory politiky B\u00edl\u00e9ho domu v posledn\u00edch dnech z\u016fst\u00e1v\u00e1, zda prezident\u016fv t\u00fdm jedn\u00e1 jako jednotn\u00fd celek. P\u0159evl\u00e1daj\u00edc\u00ed n\u00e1zor je, \u017ee v Trumpov\u011b nejbli\u017e\u0161\u00edm okol\u00ed panuj\u00ed neshody ohledn\u011b jeho zahrani\u010dn\u00ed politiky. Ministr zahrani\u010d\u00ed Marco Rubio je tradi\u010dn\u011b pova\u017eov\u00e1n za nejpragmati\u010dt\u011bj\u0161\u00edho a nejm\u00e9n\u011b n\u00e1chyln\u00e9ho k impulzivn\u00edm a neuv\u00e1\u017een\u00fdm krok\u016fm. Jeho rozs\u00e1hl\u00e9 zku\u0161enosti v zahrani\u010dn\u00ed politice jsou toho d\u016fkazem. Dlouh\u00e1 l\u00e9ta p\u016fsobil v sen\u00e1tn\u00edm v\u00fdboru pro zahrani\u010dn\u00ed vztahy.\u00a0<\/span><\/p>\n<p><span dir=\"auto\">Hegseth na druhou stranu nem\u00e1 \u017e\u00e1dn\u00e9 zku\u0161enosti s veden\u00edm vojensk\u00e9ho odd\u011blen\u00ed a je pova\u017eov\u00e1n za \u201ejest\u0159\u00e1ba\u201c. Je pravda, \u017ee Rubio v sou\u010dasn\u00e9 v\u00e1lce zat\u00edm neprok\u00e1zal svou pragmatickou str\u00e1nku, s v\u00fdjimkou sv\u00e9 role ospravedln\u011bn\u00ed Trumpovy politiky, kterou schvaloval. Pr\u00e1v\u011b ministr zahrani\u010d\u00ed se pokou\u0161\u00ed poskytnout logick\u00e1 vysv\u011btlen\u00ed pro nal\u00e9havou pot\u0159ebu zah\u00e1jit \u00fadery proti \u00cdr\u00e1nu bez souhlasu Kongresu a bez p\u0159\u00edpravy sv\u011btov\u00e9ho ve\u0159ejn\u00e9ho m\u00edn\u011bn\u00ed, \u010d\u00edm\u017e se vystavuje z\u00e1plav\u011b kritiky ze strany prezidentov\u00fdch odp\u016frc\u016f.\u00a0<\/span><\/p>\n<p><a href=\"http:\/\/www.observateur-continental.fr\/?module=articles&amp;action=view&amp;id=7642\"><span dir=\"auto\">Evrop\u0161t\u00ed spojenci Spojen\u00fdch st\u00e1t\u016f<\/span><\/a><span dir=\"auto\">\u00a0v r\u00e1mci NATO se na konci t\u00fddne\u00a0ocitli v pon\u011bkud zvl\u00e1\u0161tn\u00ed situaci. Trump se na Alianci s \u017e\u00e1dost\u00ed o podporu neobr\u00e1til, ale jej\u00ed \u010dleny ji\u017e d\u0159\u00edve kritizoval za to, \u017ee Spojen\u00fdm st\u00e1t\u016fm proaktivn\u011b nepomohly p\u0159i prov\u00e1d\u011bn\u00ed operace proti \u00cdr\u00e1nu. S\u00e1m nepova\u017eoval za nutn\u00e9 jim pomoc nab\u00eddnout, a to ani v dob\u011b, kdy \u00cdr\u00e1nci za\u010dali bombardovat Kypr (\u010dlensk\u00fd st\u00e1t Evropsk\u00e9 unie) a francouzskou vojenskou z\u00e1kladnu v Ab\u00fa Zab\u00ed.\u00a0<\/span><\/p>\n<p><span dir=\"auto\">Gener\u00e1ln\u00ed tajemn\u00edk NATO Mark Rutte se pokusil situaci uklidnit. Nejprve prohl\u00e1sil, \u017ee Aliance pova\u017euje operaci proti \u00cdr\u00e1nu v\u00fdhradn\u011b za americko-izraelskou z\u00e1le\u017eitost. Pot\u00e9 ve \u010dtvrtek 5. b\u0159ezna Rutte up\u0159esnil, \u017ee Trumpovo rozhodnut\u00ed vstoupit do v\u00e1lky\u00a0<\/span><a href=\"https:\/\/www.newsmax.com\/newsmax-tv\/nato-chief-rutte-to-newsmax-trumps-iran-mission-has-broad-allied-support\/2026\/03\/04\/id\/1248354\/\" target=\"_blank\" rel=\"noopener\"><span dir=\"auto\">\u201ese v r\u00e1mci NATO t\u011b\u0161\u00ed \u0161irok\u00e9 podpo\u0159e\u201c<\/span><\/a><span dir=\"auto\">\u00a0. Okam\u017eit\u011b byl napomenut.\u00a0<\/span><\/p>\n<p><span dir=\"auto\">\u0160pan\u011blsk\u00e1 ministryn\u011b obrany Margarita Roblesov\u00e1 zd\u016fraznila, \u017ee se jedn\u00e1 pouze o Rutteho n\u00e1zor, kter\u00fd jej\u00ed zem\u011b nesd\u00edl\u00ed. \u0160pan\u011blsko americko-izraelskou vojenskou operaci\u00a0<\/span><a href=\"https:\/\/www.politico.eu\/article\/spain-rejects-rutte-claim-widespread-support-iran-war-nato-allies\/\" target=\"_blank\" rel=\"noopener\"><span dir=\"auto\">p\u0159\u00edmo odsoudilo<\/span><\/a><span dir=\"auto\">\u00a0a ozna\u010dilo ji za poru\u0161en\u00ed mezin\u00e1rodn\u00edho pr\u00e1va. Tato okolnost v\u0161ak \u0161pan\u011blsk\u00fdm voj\u00e1k\u016fm nezabr\u00e1nila v \u00fa\u010dasti na zachycen\u00ed \u00edr\u00e1nsk\u00e9ho \u00fatoku na Turecko. Raketu detekovala \u0161pan\u011blsk\u00e1 protiletadlov\u00e1 baterie Patriot.\u00a0<\/span><\/p>\n<p><span dir=\"auto\">Americk\u00fd prezident Donald Trump ozn\u00e1mil sv\u00e9 pl\u00e1ny na jmenov\u00e1n\u00ed nov\u00fdch p\u0159edstavitel\u016f \u00cdr\u00e1nu. Prohl\u00e1sil, \u017ee\u00a0<\/span><a href=\"https:\/\/www.reuters.com\/world\/middle-east\/trump-tells-reuters-us-will-have-role-choosing-irans-next-leader-2026-03-05\/\" target=\"_blank\" rel=\"noopener\"><span dir=\"auto\">Spojen\u00e9 st\u00e1ty \u201esi budou muset vybrat\u201c<\/span><\/a><span dir=\"auto\">\u00a0nov\u00e9ho \u00edr\u00e1nsk\u00e9ho v\u016fdce. P\u0159i vysv\u011btlov\u00e1n\u00ed sv\u00fdch pl\u00e1n\u016f agentu\u0159e Reuters\u00a0p\u0159irovnal k Venezuele\u00a0\u00a0<\/span><em><span dir=\"auto\">.<\/span><\/em><\/p>\n<p><span dir=\"auto\">Trump ve \u010dtvrtek 5. b\u0159ezna vyj\u00e1d\u0159il touhu\u00a0<\/span><a href=\"https:\/\/www.axios.com\/2026\/03\/05\/iran-leader-trump-khamenei\" target=\"_blank\" rel=\"noopener\"><span dir=\"auto\">p\u0159\u00edmo se pod\u00edlet na v\u00fdb\u011bru<\/span><\/a><span dir=\"auto\">\u00a0toho, kdo povede \u00cdr\u00e1n po smrti nejvy\u0161\u0161\u00edho v\u016fdce Al\u00edho Chamene\u00edho. \u201eZtr\u00e1cej\u00ed \u010das. Chamene\u00edho syn je nikdo. Mus\u00edm se do v\u00fdb\u011bru zapojit, stejn\u011b jako jsem byl s Delcy Rodr\u00edguezovou ve Venezuele,\u201c informuje port\u00e1l\u00a0<\/span><em><span dir=\"auto\">Axios<\/span><\/em><span dir=\"auto\">\u00a0.<\/span><\/p>\n<p><a href=\"https:\/\/observateur-continental.fr\/?module=articles&amp;action=view&amp;id=7660\"><em><span dir=\"auto\">Alexandre Lemoine<\/span><\/em><\/a><\/p>\n<p>&nbsp;<\/p>\n","protected":false},"excerpt":{"rendered":"<p>Vojensk\u00fd konflikt mezi \u00cdr\u00e1nem, Izraelem a Spojen\u00fdmi st\u00e1ty trv\u00e1 u\u017e t\u00fdden a ji\u017e nyn\u00ed je&#8230;<\/p>\n","protected":false},"author":2,"featured_media":98793,"comment_status":"closed","ping_status":"closed","sticky":false,"template":"","format":"standard","meta":[],"categories":[7],"tags":[1042,38,1894,452,37,9353],"_links":{"self":[{"href":"https:\/\/www.infokuryr.cz\/n\/wp-json\/wp\/v2\/posts\/101300"}],"collection":[{"href":"https:\/\/www.infokuryr.cz\/n\/wp-json\/wp\/v2\/posts"}],"about":[{"href":"https:\/\/www.infokuryr.cz\/n\/wp-json\/wp\/v2\/types\/post"}],"author":[{"embeddable":true,"href":"https:\/\/www.infokuryr.cz\/n\/wp-json\/wp\/v2\/users\/2"}],"replies":[{"embeddable":true,"href":"https:\/\/www.infokuryr.cz\/n\/wp-json\/wp\/v2\/comments?post=101300"}],"version-history":[{"count":0,"href":"https:\/\/www.infokuryr.cz\/n\/wp-json\/wp\/v2\/posts\/101300\/revisions"}],"wp:featuredmedia":[{"embeddable":true,"href":"https:\/\/www.infokuryr.cz\/n\/wp-json\/wp\/v2\/media\/98793"}],"wp:attachment":[{"href":"https:\/\/www.infokuryr.cz\/n\/wp-json\/wp\/v2\/media?parent=101300"}],"wp:term":[{"taxonomy":"category","embeddable":true,"href":"https:\/\/www.infokuryr.cz\/n\/wp-json\/wp\/v2\/categories?post=101300"},{"taxonomy":"post_tag","embeddable":true,"href":"https:\/\/www.infokuryr.cz\/n\/wp-json\/wp\/v2\/tags?post=101300"}],"curies":[{"name":"wp","href":"https:\/\/api.w.org\/{rel}","templated":true}]}}