{"id":101278,"date":"2026-03-08T00:21:55","date_gmt":"2026-03-07T23:21:55","guid":{"rendered":"https:\/\/www.infokuryr.cz\/n\/?p=101278"},"modified":"2026-03-07T11:11:40","modified_gmt":"2026-03-07T10:11:40","slug":"caitlin-johnstone-to-je-jeste-hloupejsi-a-silenejsi-nez-valka-v-iraku","status":"publish","type":"post","link":"https:\/\/www.infokuryr.cz\/n\/2026\/03\/08\/caitlin-johnstone-to-je-jeste-hloupejsi-a-silenejsi-nez-valka-v-iraku\/","title":{"rendered":"Caitlin Johnstone: To je je\u0161t\u011b hloup\u011bj\u0161\u00ed a \u0161\u00edlen\u011bj\u0161\u00ed ne\u017e v\u00e1lka v Ir\u00e1ku"},"content":{"rendered":"<div id=\"fb-root\"><\/div>\n<p><strong><span dir=\"auto\">Tohle je nov\u00fd George W. Bush. Trump je t\u00edm, \u010d\u00edm se Bush stane, kdy\u017e se vyno\u0159\u00ed ze sv\u00e9ho rud\u00e9ho kokonu. \u010c\u00edm \u0161\u00edlen\u011bj\u0161\u00ed se americk\u00e9 imp\u00e9rium st\u00e1v\u00e1, t\u00edm \u0161\u00edlen\u011bj\u0161\u00ed se st\u00e1vaj\u00ed jeho mana\u017ee\u0159i.<\/span><\/strong><\/p>\n<p><span dir=\"auto\">Mlad\u00ed lid\u00e9 se m\u011b \u010dasto ptaj\u00ed, jestli invaze do Ir\u00e1ku byla takov\u00e1. Odpov\u00edd\u00e1m jim: \u201eV jist\u00e9m smyslu ano, ale tohle je mnohem hloup\u011bj\u0161\u00ed a \u0161\u00edlen\u011bj\u0161\u00ed.\u201c<\/span><\/p>\n<p><span dir=\"auto\">Existovali docela inteligentn\u00ed lid\u00e9, kte\u0159\u00ed v\u011b\u0159ili propagand\u011b v\u00e1lky v Ir\u00e1ku. Mnoho odp\u016frc\u016f v\u00e1lky se domn\u00edvalo, \u017ee Sadd\u00e1m pravd\u011bpodobn\u011b vlastn\u00ed zbran\u011b hromadn\u00e9ho ni\u010den\u00ed \u2013 jen nev\u011b\u0159ili, \u017ee v\u00e1lka je \u0159e\u0161en\u00edm. Existovali skute\u010dn\u011b intervencionist\u00e9, kte\u0159\u00ed up\u0159\u00edmn\u011b v\u011b\u0159ili, \u017ee v\u00e1lka p\u0159inese ir\u00e1ck\u00e9mu lidu dobro.<\/span><\/p>\n<p><span dir=\"auto\">To absolutn\u011b nen\u00ed pravda. Jen ti nejhloup\u011bj\u0161\u00ed idioti v\u00e1\u017en\u011b v\u011b\u0159\u00ed narativ\u016fm, kter\u00e9 maj\u00ed ospravedl\u0148ovat \u00fatok Trumpovy a Netanjahuovy administrativy na \u00cdr\u00e1n. V\u011bt\u0161ina z nich jsou prost\u011b lh\u00e1\u0159i a manipul\u00e1to\u0159i, kte\u0159\u00ed cynicky p\u0159edst\u00edraj\u00ed, \u017ee v\u011b\u0159\u00ed histork\u00e1m o jadern\u00fdch zbran\u00edch a masakrovan\u00fdch demonstrantech a \u017ee cht\u011bj\u00ed \u00edr\u00e1nsk\u00e9mu lidu p\u0159in\u00e9st svobodu a demokracii, proto\u017ee ve skute\u010dnosti cht\u011bj\u00ed, aby byl \u00cdr\u00e1n bombardov\u00e1n.<\/span><\/p>\n<p><span dir=\"auto\">Tentokr\u00e1t ani nep\u0159edst\u00edraj\u00ed, \u017ee jim z\u00e1le\u017e\u00ed na v\u016fli americk\u00e9ho lidu. Ani nep\u0159edst\u00edraj\u00ed, \u017ee jim z\u00e1le\u017e\u00ed na humanit\u00e1rn\u00edch z\u00e1jmech nebo budoucnosti lid\u00ed, kter\u00e9 bombarduj\u00ed. Prost\u011b \u0161\u00ed\u0159\u00ed do o\u010d\u00ed bij\u00edc\u00ed l\u017ei, kter\u00e9 jsou v re\u00e1ln\u00e9m \u010dase ov\u011b\u0159ov\u00e1ny a vyvraceny mainstreamov\u00fdmi m\u00e9dii, a pak vra\u017ed\u00ed lidi a chlub\u00ed se t\u00edm.<\/span><\/p>\n<p><em><span dir=\"auto\">Str\u00e1vil jsem roky, desetilet\u00ed posedl\u00fdm vy\u0161et\u0159ov\u00e1n\u00edm, psan\u00edm a vyvracen\u00edm l\u017e\u00ed Bushovy administrativy ohledn\u011b zbran\u00ed hromadn\u00e9ho ni\u010den\u00ed v Ir\u00e1ku. Nevzpom\u00edn\u00e1m si na jedinou le\u017e o ir\u00e1ck\u00fdch zbran\u00edch hromadn\u00e9ho ni\u010den\u00ed \u0161\u00ed\u0159en\u00fdch Bushem, Cheneym, Rumsfeldem a dal\u0161\u00edmi, kter\u00e1 by se alespo\u0148 p\u0159ibl\u00ed\u017eila obludnosti a absurdit\u011b t\u00e9to l\u017ei sp\u00e1chan\u00e9 Donaldem Trumpem.<\/span><\/em><\/p>\n<div class=\"twitter-tweet twitter-tweet-rendered\"><iframe id=\"twitter-widget-0\" class=\"\" title=\"X Post\" src=\"https:\/\/platform.twitter.com\/embed\/Tweet.html?dnt=false&amp;embedId=twitter-widget-0&amp;features=eyJ0ZndfdGltZWxpbmVfbGlzdCI6eyJidWNrZXQiOltdLCJ2ZXJzaW9uIjpudWxsfSwidGZ3X2ZvbGxvd2VyX2NvdW50X3N1bnNldCI6eyJidWNrZXQiOnRydWUsInZlcnNpb24iOm51bGx9LCJ0ZndfdHdlZXRfZWRpdF9iYWNrZW5kIjp7ImJ1Y2tldCI6Im9uIiwidmVyc2lvbiI6bnVsbH0sInRmd19yZWZzcmNfc2Vzc2lvbiI6eyJidWNrZXQiOiJvbiIsInZlcnNpb24iOm51bGx9LCJ0ZndfZm9zbnJfc29mdF9pbnRlcnZlbnRpb25zX2VuYWJsZWQiOnsiYnVja2V0Ijoib24iLCJ2ZXJzaW9uIjpudWxsfSwidGZ3X21peGVkX21lZGlhXzE1ODk3Ijp7ImJ1Y2tldCI6InRyZWF0bWVudCIsInZlcnNpb24iOm51bGx9LCJ0ZndfZXhwZXJpbWVudHNfY29va2llX2V4cGlyYXRpb24iOnsiYnVja2V0IjoxMjA5NjAwLCJ2ZXJzaW9uIjpudWxsfSwidGZ3X3Nob3dfYmlyZHdhdGNoX3Bpdm90c19lbmFibGVkIjp7ImJ1Y2tldCI6Im9uIiwidmVyc2lvbiI6bnVsbH0sInRmd19kdXBsaWNhdGVfc2NyaWJlc190b19zZXR0aW5ncyI6eyJidWNrZXQiOiJvbiIsInZlcnNpb24iOm51bGx9LCJ0ZndfdXNlX3Byb2ZpbGVfaW1hZ2Vfc2hhcGVfZW5hYmxlZCI6eyJidWNrZXQiOiJvbiIsInZlcnNpb24iOm51bGx9LCJ0ZndfdmlkZW9faGxzX2R5bmFtaWNfbWFuaWZlc3RzXzE1MDgyIjp7ImJ1Y2tldCI6InRydWVfYml0cmF0ZSIsInZlcnNpb24iOm51bGx9LCJ0ZndfbGVnYWN5X3RpbWVsaW5lX3N1bnNldCI6eyJidWNrZXQiOnRydWUsInZlcnNpb24iOm51bGx9LCJ0ZndfdHdlZXRfZWRpdF9mcm9udGVuZCI6eyJidWNrZXQiOiJvbiIsInZlcnNpb24iOm51bGx9fQ%3D%3D&amp;frame=false&amp;hideCard=false&amp;hideThread=false&amp;id=2029819834901622942&amp;lang=cs&amp;origin=https%3A%2F%2Funcutnews.ch%2Fdas-ist-noch-duemmer-und-verrueckter-als-der-irakkrieg%2F&amp;sessionId=daf200c6b9b593fb0ba68e4a98da40984117ac39&amp;theme=light&amp;widgetsVersion=2615f7e52b7e0%3A1702314776716&amp;width=550px\" frameborder=\"0\" scrolling=\"no\" allowfullscreen=\"allowfullscreen\" data-tweet-id=\"2029819834901622942\" data-mce-fragment=\"1\"><\/iframe><\/div>\n<p><span dir=\"auto\">Invaze do Ir\u00e1ku byla neodpustitelnou masovou krutost\u00ed nep\u0159edstaviteln\u00fdch rozm\u011br\u016f, ale p\u0159i zp\u011btn\u00e9m pohledu lze pochopit, jak se n\u011bkdo jednaj\u00edc\u00ed v dobr\u00e9 v\u00ed\u0159e mohl nechat strhnout hysteri\u00ed po 11. z\u00e1\u0159\u00ed a jednotnou v\u00e1le\u010dnou propagandou masm\u00e9di\u00ed. Tvrdilo se, \u017ee Sadd\u00e1m Husajn bude nahrazen vl\u00e1dou, kter\u00e1 bude slou\u017eit z\u00e1jm\u016fm ir\u00e1ck\u00e9ho lidu, a pak koalice veden\u00e1 USA skute\u010dn\u011b v zemi z\u016fstala a nastolila nov\u00fd re\u017eim. Ve srovn\u00e1n\u00ed s t\u00edm, co vid\u00edme dnes, se to zd\u00e1 t\u00e9m\u011b\u0159 idylick\u00e9.<\/span><\/p>\n<p><span dir=\"auto\">To je naprost\u00e9 barbarstv\u00ed. USA a Izrael sleduj\u00ed libyjsk\u00fd model s \u00cdr\u00e1nem: ni\u010d\u00ed a dekapituj\u00ed n\u00e1rod a pak nech\u00e1vaj\u00ed lidi, aby se posb\u00edrali a vypo\u0159\u00e1dali se s chaosem, bezpr\u00e1v\u00edm a n\u00e1bo\u017eensk\u00fdm konfliktem, kter\u00fd z toho vypl\u00fdv\u00e1. Maj\u00ed v \u00famyslu uvrhnout n\u00e1rod s 90 miliony obyvatel do masivn\u00edho konfliktu a potenci\u00e1ln\u011b do kolapsu nebo balkanizace st\u00e1tu, jen aby pak ledabyle ode\u0161li z trosek a tv\u00e1\u0159ili se chladn\u011b a lhostejn\u011b k utrpen\u00ed, kter\u00e9 pr\u00e1v\u011b zp\u016fsobili sv\u011btu.<\/span><\/p>\n<p><span dir=\"auto\">Netvrd\u00ed, \u017ee nahrazuj\u00ed \u00edr\u00e1nskou vl\u00e1du lep\u0161\u00ed. Netvrd\u00ed, \u017ee p\u0159in\u00e1\u0161ej\u00ed svobodu a demokracii utla\u010dovan\u00e9mu lidu. \u0160\u00ed\u0159\u00ed l\u017ei o zbran\u00edch hromadn\u00e9ho ni\u010den\u00ed a propagandu o zv\u011brstvech, ale jen t\u00edm nejpolovi\u010dat\u011bj\u0161\u00edm a nejleh\u010d\u00edm zp\u016fsobem, bez z\u00e1jmu o to, jestli jim n\u011bkdo skute\u010dn\u011b v\u011b\u0159\u00ed. V\u011bt\u0161inou prost\u011b ni\u010d\u00ed star\u00fd n\u00e1rod, proto\u017ee mohou, a pak se pod\u00edvaj\u00ed na sv\u011bt a \u0159eknou: \u201eAno, jsme gangste\u0159i. Co s t\u00edm ud\u011bl\u00e1te?\u201c<\/span><\/p>\n<p><span dir=\"auto\">Tohle je nov\u00fd George W. Bush. Trump je t\u00edm, \u010d\u00edm se Bush stane, kdy\u017e se vyno\u0159\u00ed ze sv\u00e9ho rud\u00e9ho kokonu. \u010c\u00edm \u0161\u00edlen\u011bj\u0161\u00ed se americk\u00e9 imp\u00e9rium st\u00e1v\u00e1, t\u00edm \u0161\u00edlen\u011bj\u0161\u00ed se st\u00e1vaj\u00ed jeho mana\u017ee\u0159i.<\/span><\/p>\n<p><img decoding=\"async\" loading=\"lazy\" class=\"alignnone size-full wp-image-1185\" src=\"http:\/\/www.infokuryr.cz\/n\/wp-content\/uploads\/2021\/04\/kuryr-podpis.png\" alt=\"\" width=\"84\" height=\"24\" \/><\/p>\n<p>&nbsp;<\/p>\n","protected":false},"excerpt":{"rendered":"<p>Tohle je nov\u00fd George W. Bush. Trump je t\u00edm, \u010d\u00edm se Bush stane, kdy\u017e se&#8230;<\/p>\n","protected":false},"author":2,"featured_media":101279,"comment_status":"closed","ping_status":"closed","sticky":false,"template":"","format":"standard","meta":[],"categories":[7],"tags":[267,38,1503],"_links":{"self":[{"href":"https:\/\/www.infokuryr.cz\/n\/wp-json\/wp\/v2\/posts\/101278"}],"collection":[{"href":"https:\/\/www.infokuryr.cz\/n\/wp-json\/wp\/v2\/posts"}],"about":[{"href":"https:\/\/www.infokuryr.cz\/n\/wp-json\/wp\/v2\/types\/post"}],"author":[{"embeddable":true,"href":"https:\/\/www.infokuryr.cz\/n\/wp-json\/wp\/v2\/users\/2"}],"replies":[{"embeddable":true,"href":"https:\/\/www.infokuryr.cz\/n\/wp-json\/wp\/v2\/comments?post=101278"}],"version-history":[{"count":0,"href":"https:\/\/www.infokuryr.cz\/n\/wp-json\/wp\/v2\/posts\/101278\/revisions"}],"wp:featuredmedia":[{"embeddable":true,"href":"https:\/\/www.infokuryr.cz\/n\/wp-json\/wp\/v2\/media\/101279"}],"wp:attachment":[{"href":"https:\/\/www.infokuryr.cz\/n\/wp-json\/wp\/v2\/media?parent=101278"}],"wp:term":[{"taxonomy":"category","embeddable":true,"href":"https:\/\/www.infokuryr.cz\/n\/wp-json\/wp\/v2\/categories?post=101278"},{"taxonomy":"post_tag","embeddable":true,"href":"https:\/\/www.infokuryr.cz\/n\/wp-json\/wp\/v2\/tags?post=101278"}],"curies":[{"name":"wp","href":"https:\/\/api.w.org\/{rel}","templated":true}]}}