{"id":101273,"date":"2026-03-08T00:17:21","date_gmt":"2026-03-07T23:17:21","guid":{"rendered":"https:\/\/www.infokuryr.cz\/n\/?p=101273"},"modified":"2026-03-07T11:00:07","modified_gmt":"2026-03-07T10:00:07","slug":"valka-se-stupnuje-zatimco-bombarduji-iran-usa-a-izrael-utoci-na-jeste-vice-zemi","status":"publish","type":"post","link":"https:\/\/www.infokuryr.cz\/n\/2026\/03\/08\/valka-se-stupnuje-zatimco-bombarduji-iran-usa-a-izrael-utoci-na-jeste-vice-zemi\/","title":{"rendered":"V\u00e1lka se stup\u0148uje: Zat\u00edmco bombarduj\u00ed \u00cdr\u00e1n, USA a Izrael \u00fato\u010d\u00ed na je\u0161t\u011b v\u00edce zem\u00ed"},"content":{"rendered":"<div id=\"fb-root\"><\/div>\n<div class=\"elementor-element elementor-element-1fb4c2c elementor-widget elementor-widget-theme-post-content\" data-id=\"1fb4c2c\" data-element_type=\"widget\" data-e-type=\"widget\" data-widget_type=\"theme-post-content.default\">\n<div class=\"elementor-widget-container\">\n<p><strong><span dir=\"auto\">Po v\u00e1lce proti \u00cdr\u00e1nu Izrael napadl Libanon a obl\u00e9hal p\u00e1smo Gazy. USA vyzbrojuj\u00ed Kurdy, st\u0159\u00edlej\u00ed na p\u00e1kist\u00e1nsk\u00e9 demonstranty a bojuj\u00ed v Ekv\u00e1doru. Trump pohrozil \u0160pan\u011blsku embargem.<\/span><\/strong><\/p>\n<p><span dir=\"auto\">V\u00e1lka\u00a0\u00a0<\/span><a href=\"https:\/\/geopoliticaleconomy.com\/2026\/02\/28\/us-israeli-war-iran-nuclear-weapons-imperialism\/\"><u><span dir=\"auto\">, kterou Spojen\u00e9 st\u00e1ty a Izrael zah\u00e1jily proti \u00cdr\u00e1nu,\u00a0<\/span><\/u><\/a><span dir=\"auto\">\u00a0se stup\u0148uje. Washington a Tel Aviv \u00fato\u010d\u00ed na st\u00e1le v\u00edce zem\u00ed.<\/span><\/p>\n<p><span dir=\"auto\">CIA\u00a0\u00a0<\/span><a href=\"https:\/\/edition.cnn.com\/2026\/03\/03\/politics\/cia-arming-kurds-iran\"><u><span dir=\"auto\">vyzbrojuje kurdsk\u00e9 z\u00e1stupn\u00e9 s\u00edly\u00a0<\/span><\/u><\/a><span dir=\"auto\">\u00a0v severn\u00edm Ir\u00e1ku pl\u00e1nem na zah\u00e1jen\u00ed invaze do \u00cdr\u00e1nu.<\/span><\/p>\n<p><span dir=\"auto\">Mezit\u00edm Izrael napadl Libanon a obnovil obl\u00e9h\u00e1n\u00ed p\u00e1sma Gazy.<\/span><\/p>\n<p><span dir=\"auto\">Donald Trump nyn\u00ed dokonce vyhro\u017euje \u0160pan\u011blsku, proto\u017ee odm\u00edt\u00e1 podporovat jeho\u00a0\u00a0<\/span><a href=\"https:\/\/theconversation.com\/neither-preemptive-nor-legal-us-israeli-strikes-on-iran-have-blown-up-international-law-277173\"><u><span dir=\"auto\">\u00fato\u010dnou v\u00e1lku\u00a0<\/span><\/u><\/a><span dir=\"auto\">\u00a0proti \u00cdr\u00e1nu, kter\u00e1 poru\u0161uje mezin\u00e1rodn\u00ed pr\u00e1vo.<\/span><\/p>\n<p><strong><span dir=\"auto\">\u00cdr\u00e1n \u00fato\u010d\u00ed na americk\u00e9 vojensk\u00e9 z\u00e1kladny v z\u00e1padn\u00ed Asii<\/span><\/strong><\/p>\n<h3 class=\"wp-block-heading\"><span dir=\"auto\">V reakci na \u00fatoky USA a Izraele \u00cdr\u00e1n v sebeobran\u011b podnikl odvetn\u00e9 kroky, na co\u017e m\u00e1 podle mezin\u00e1rodn\u00edho pr\u00e1va pr\u00e1vo.<\/span><\/h3>\n<p><span dir=\"auto\">Teher\u00e1n za\u00fato\u010dil na americk\u00e9 vojensk\u00e9 z\u00e1kladny v sousedn\u00edch zem\u00edch z\u00e1padn\u00ed Asie.<\/span><\/p>\n<figure class=\"wp-block-image aligncenter\"><img decoding=\"async\" loading=\"lazy\" class=\"aligncenter\" src=\"https:\/\/i0.wp.com\/substackcdn.com\/image\/fetch\/%24s_%21fkAr%21%2Cw_1456%2Cc_limit%2Cf_auto%2Cq_auto%3Agood%2Cfl_progressive%3Asteep\/https%3A%2F%2Fsubstack-post-media.s3.amazonaws.com%2Fpublic%2Fimages%2Fd1b56588-57e3-47a1-bf51-aea095899ee4_1081x1351.jpeg?resize=693%2C866&amp;ssl=1\" alt=\"\" width=\"589\" height=\"736\" \/><\/figure>\n<p>&nbsp;<\/p>\n<p><strong><span dir=\"auto\">Ceny ropy prudce rostou.<\/span><\/strong><\/p>\n<h3 class=\"wp-block-heading\"><span dir=\"auto\">Tento konflikt vedl k prudk\u00e9mu n\u00e1r\u016fstu celosv\u011btov\u00fdch cen ropy, jeliko\u017e byla po\u0161kozena energetick\u00e1 infrastruktura v Persk\u00e9m z\u00e1livu.<\/span><\/h3>\n<p><span dir=\"auto\">Teher\u00e1n ozn\u00e1mil pl\u00e1ny na uzav\u0159en\u00ed Hormuzsk\u00e9ho pr\u016flivu, kter\u00fd americk\u00fd \u00da\u0159ad pro energetick\u00e9 informace (EIA)\u00a0\u00a0ozna\u010dil za \u201e\u00a0<\/span><a href=\"https:\/\/www.eia.gov\/todayinenergy\/detail.php?id=39932\"><u><span dir=\"auto\">nejv\u00fdznamn\u011bj\u0161\u00ed \u00fazk\u00e9 hrdlo sv\u011bta pro p\u0159epravu ropy\u00a0 \u201c.<\/span><\/u><\/a><\/p>\n<figure class=\"wp-block-image aligncenter\"><img decoding=\"async\" loading=\"lazy\" class=\"aligncenter\" src=\"https:\/\/i0.wp.com\/substackcdn.com\/image\/fetch\/%24s_%21N5-k%21%2Cw_1456%2Cc_limit%2Cf_auto%2Cq_auto%3Agood%2Cfl_progressive%3Asteep\/https%3A%2F%2Fsubstack-post-media.s3.amazonaws.com%2Fpublic%2Fimages%2F5b08d566-d25a-40c6-b95f-d785d36359ea_1500x1040.png?resize=702%2C487&amp;ssl=1\" alt=\"\" width=\"633\" height=\"439\" \/><\/figure>\n<p>&nbsp;<\/p>\n<p><a href=\"https:\/\/www.eia.gov\/todayinenergy\/detail.php?id=65504\"><u><span dir=\"auto\">Ropa, kter\u00e1 p\u0159edstavuje asi 20 % celosv\u011btov\u00e9 spot\u0159eby ropy\u00a0<\/span><\/u><\/a><span dir=\"auto\">\u00a0, se denn\u011b p\u0159epravuje\u00a0\u00a0touto velmi \u00fazkou \u00fa\u017einou nach\u00e1zej\u00edc\u00ed se t\u011bsn\u011b u pob\u0159e\u017e\u00ed \u00cdr\u00e1nu.<\/span><\/p>\n<p><span dir=\"auto\">Teher\u00e1n fakticky uzav\u0159el geostrategick\u00e9 \u00fazk\u00e9 hrdlo ozn\u00e1men\u00edm, \u017ee za\u00fato\u010d\u00ed na v\u0161echny lod\u011b proplouvaj\u00edc\u00ed pr\u016flivem.<\/span><\/p>\n<figure class=\"wp-block-image aligncenter\"><img decoding=\"async\" loading=\"lazy\" class=\"aligncenter\" src=\"https:\/\/i0.wp.com\/substackcdn.com\/image\/fetch\/%24s_%21qNSx%21%2Cw_1456%2Cc_limit%2Cf_auto%2Cq_auto%3Agood%2Cfl_progressive%3Asteep\/https%3A%2F%2Fsubstack-post-media.s3.amazonaws.com%2Fpublic%2Fimages%2Ffa9f525a-0dfb-41d6-9d26-047fa9a59fe2_1147x806.png?resize=709%2C498&amp;ssl=1\" alt=\"\" width=\"652\" height=\"458\" \/><\/figure>\n<p>&nbsp;<\/p>\n<p><strong><span dir=\"auto\">Ministerstvo zahrani\u010d\u00ed USA doporu\u010duje evakuaci z\u00e1padn\u00ed Asie.<\/span><\/strong><\/p>\n<h3 class=\"wp-block-heading\"><a href=\"https:\/\/x.com\/DropSiteNews\/status\/2028591874219315593\"><u><span dir=\"auto\">Americk\u00e9 ministerstvo zahrani\u010d\u00ed\u00a0<\/span><\/u><\/a><span dir=\"auto\">\u00a0z\u00e1rove\u0148 vyzvalo sv\u00e9 ob\u010dany\u00a0, aby opustili v\u0161echny zem\u011b v regionu, a varovalo p\u0159ed \u201ev\u00e1\u017en\u00fdmi bezpe\u010dnostn\u00edmi riziky\u201c pro Bahrajn, Egypt, \u00cdr\u00e1n, Ir\u00e1k, Izrael, okupovanou Palestinu, Jord\u00e1nsko, Kuvajt, Libanon, Om\u00e1n, Katar, Sa\u00fadskou Ar\u00e1bii, S\u00fdrii, Spojen\u00e9 arabsk\u00e9 emir\u00e1ty a Jemen.<\/span><\/h3>\n<p><span dir=\"auto\">Ministerstvo zahrani\u010d\u00ed USA v\u0161ak nenab\u00edz\u00ed\u00a0\u00a0<\/span><a href=\"https:\/\/www.military.com\/feature\/2026\/03\/04\/americans-urged-leave-middle-east-struggle-evacuation-options.html\"><u><span dir=\"auto\">podporu\u00a0<\/span><\/u><\/a><span dir=\"auto\">\u00a0Ameri\u010dan\u016fm, kte\u0159\u00ed se pokou\u0161ej\u00ed z t\u011bchto zem\u00ed uprchnout.<\/span><\/p>\n<figure class=\"wp-block-image aligncenter\"><img decoding=\"async\" loading=\"lazy\" class=\"aligncenter\" src=\"https:\/\/i0.wp.com\/substackcdn.com\/image\/fetch\/%24s_%21zQbY%21%2Cw_1456%2Cc_limit%2Cf_auto%2Cq_auto%3Agood%2Cfl_progressive%3Asteep\/https%3A%2F%2Fsubstack-post-media.s3.amazonaws.com%2Fpublic%2Fimages%2F7cf38c64-968d-44ce-bbde-767d2a7f3028_1236x1545.jpeg?resize=699%2C874&amp;ssl=1\" alt=\"https:\/\/pbs.twimg.com\/media\/HCcBjo1bYAACy1z?format=jpg&amp;name=large\" width=\"604\" height=\"755\" \/><\/figure>\n<p>&nbsp;<\/p>\n<p><strong><span dir=\"auto\">CIA vyzbrojuje kurdsk\u00e9 z\u00e1stupce<\/span><\/strong><\/p>\n<h3 class=\"wp-block-heading\"><span dir=\"auto\">M\u00edsto snahy o stabilizaci situace Trump jen p\u0159il\u00e9v\u00e1 olej do ohn\u011b.<\/span><\/h3>\n<p><span dir=\"auto\">CNN informovala, \u017ee\u00a0\u00a0<\/span><a href=\"https:\/\/edition.cnn.com\/2026\/03\/03\/politics\/cia-arming-kurds-iran\"><u><span dir=\"auto\">CIA vyzbrojuje kurdsk\u00e9 \u017eoldn\u00e9\u0159e v severov\u00fdchodn\u00edm Ir\u00e1ku\u00a0<\/span><\/u><\/a><span dir=\"auto\">\u00a0. Washington chce, aby fungovali jako prost\u0159edn\u00edci USA, provedli invazi do \u00cdr\u00e1nu a destabilizovali \u00edr\u00e1nskou vl\u00e1du.<\/span><\/p>\n<p><span dir=\"auto\">Tato politika pravd\u011bpodobn\u011b znepokoj\u00ed Turecko, kter\u00e9 je \u010dlenem NATO, a mohla by tak\u00e9 p\u0159im\u011bt Istanbul k vojensk\u00e9 intervenci. Turecko m\u00e1 v r\u00e1mci NATO druhou nejv\u011bt\u0161\u00ed arm\u00e1du, hned po Spojen\u00fdch st\u00e1tech.<\/span><\/p>\n<p><span dir=\"auto\">N\u011bkolik m\u00e9di\u00ed, v\u010detn\u011b\u00a0\u00a0<\/span><a href=\"https:\/\/www.axios.com\/2026\/03\/02\/trump-iran-war-kurds-iraq\"><u><span dir=\"auto\">Axios\u00a0<\/span><\/u><\/a><span dir=\"auto\">\u00a0a\u00a0\u00a0<\/span><a href=\"https:\/\/x.com\/RudawEnglish\/status\/2028875140923035694\"><u><span dir=\"auto\">Rudaw\u00a0<\/span><\/u><\/a><span dir=\"auto\">\u00a0, potvrdilo, \u017ee Trump telefonicky hovo\u0159il s v\u016fdci kurdsk\u00fdch ozbrojen\u00fdch skupin v Ir\u00e1ku a po\u017e\u00e1dal je o podporu p\u0159i \u00fatoku USA na \u00cdr\u00e1n.<\/span><\/p>\n<figure class=\"wp-block-image aligncenter\"><img decoding=\"async\" class=\"aligncenter\" src=\"https:\/\/i0.wp.com\/substackcdn.com\/image\/fetch\/%24s_%21xa9M%21%2Cw_1456%2Cc_limit%2Cf_auto%2Cq_auto%3Agood%2Cfl_progressive%3Asteep\/https%3A%2F%2Fsubstack-post-media.s3.amazonaws.com%2Fpublic%2Fimages%2F5fbea725-4b44-4cf1-b676-34d26c54e22d_2007x1025.png?resize=695%2C355&amp;ssl=1\" alt=\"\" \/><\/figure>\n<p><span dir=\"auto\">To v\u0161e je hluboce ironick\u00e9, proto\u017ee Trump byl zvolen se slibem, \u017ee bude \u201eprezidentem m\u00edru\u201c a ukon\u010d\u00ed v\u00e1lky, ne je bude v\u00e9st.<\/span><\/p>\n<p><span dir=\"auto\">Trump uvedl, \u017ee jeho v\u00e1lka proti \u00cdr\u00e1nu by m\u011bla trvat \u201e\u010dty\u0159i a\u017e p\u011bt t\u00fddn\u016f\u201c, ale dodal, \u017ee\u00a0\u00a0<\/span><a href=\"https:\/\/www.aljazeera.com\/news\/2026\/3\/2\/trump-says-iran-war-projected-to-last-4-to-5-weeks-could-go-far-longer\"><u><span dir=\"auto\">by \u201emohla trvat mnohem d\u00e9le\u201c\u00a0<\/span><\/u><\/a><span dir=\"auto\">\u00a0.<\/span><\/p>\n<figure class=\"wp-block-image aligncenter\"><img decoding=\"async\" loading=\"lazy\" class=\"aligncenter\" src=\"https:\/\/i0.wp.com\/substackcdn.com\/image\/fetch\/%24s_%21G5ii%21%2Cw_1456%2Cc_limit%2Cf_auto%2Cq_auto%3Agood%2Cfl_progressive%3Asteep\/https%3A%2F%2Fsubstack-post-media.s3.amazonaws.com%2Fpublic%2Fimages%2Ff6505ecc-2065-43aa-bd91-a03ce7ef114d_799x1171.png?resize=698%2C1023&amp;ssl=1\" alt=\"\" width=\"499\" height=\"731\" \/><\/figure>\n<p><strong><span dir=\"auto\">Izrael vtrhl do Libanonu a obl\u00e9hal Gazu.<\/span><\/strong><\/p>\n<h3 class=\"wp-block-heading\"><span dir=\"auto\">Mezit\u00edm se region\u00e1ln\u00ed v\u00e1lka v z\u00e1padn\u00ed Asii nad\u00e1le \u0161\u00ed\u0159\u00ed.<\/span><\/h3>\n<p><span dir=\"auto\">Izrael vyu\u017eil chaosu k\u00a0\u00a0<\/span><a href=\"https:\/\/www.aljazeera.com\/news\/2026\/3\/3\/israel-strikes-lebanons-beirut-again-hezbollah-launches-drones-at-israel\"><u><span dir=\"auto\">invazi do Libanonu\u00a0<\/span><\/u><\/a><span dir=\"auto\">\u00a0.<\/span><\/p>\n<p><span dir=\"auto\">Tel Aviv douf\u00e1, \u017ee znovu dobyje ji\u017en\u00ed Libanon. Izrael okupoval tento region t\u00e9m\u011b\u0159 dv\u011b desetilet\u00ed po dal\u0161\u00ed invazi v roce 1982, ale v roce 2000 byl vyhn\u00e1n m\u00edstn\u00edmi skupinami odporu.<\/span><\/p>\n<p><span dir=\"auto\">Z\u00e1rove\u0148 Izrael obnovil blok\u00e1du p\u00e1sma Gazy.<\/span><\/p>\n<p><span dir=\"auto\">Z\u00e1soby potravin v p\u00e1smu Gazy jsou velmi omezen\u00e9 a dva miliony Palestinc\u016f\u00a0\u00a0<\/span><a href=\"https:\/\/www.theguardian.com\/world\/2026\/mar\/02\/iran-attacks-gaza-under-siege\"><u><span dir=\"auto\">by brzy mohly hladov\u011bt\u00a0<\/span><\/u><\/a><span dir=\"auto\">\u00a0, varoval den\u00edk The Guardian.<\/span><\/p>\n<p><strong><span dir=\"auto\">Americk\u00e1 arm\u00e1da st\u0159\u00edl\u00ed na demonstranty v P\u00e1kist\u00e1nu a zahajuje operace v Ekv\u00e1doru<\/span><\/strong><\/p>\n<h3 class=\"wp-block-heading\"><span dir=\"auto\">V des\u00edtk\u00e1ch zem\u00ed po cel\u00e9m sv\u011bt\u011b lid\u00e9 zaplnili ulice a protestovali proti americko-izraelsk\u00e9 v\u00e1lce v \u00cdr\u00e1nu.<\/span><\/h3>\n<p><span dir=\"auto\">Jak informovala agentura Reuters, ameri\u010dt\u00ed voj\u00e1ci\u00a0\u00a0<\/span><a href=\"https:\/\/x.com\/Reuters\/status\/2028708196919955477\"><u><span dir=\"auto\">st\u0159\u00edleli na demonstranty v p\u00e1kist\u00e1nsk\u00e9m m\u011bst\u011b Kar\u00e1\u010d\u00ed.<\/span><\/u><\/a><\/p>\n<p><span dir=\"auto\">Mezit\u00edm Trumpova administrativa zah\u00e1jila dal\u0161\u00ed vojensk\u00e9 operace v Latinsk\u00e9 Americe.<\/span><\/p>\n<p><span dir=\"auto\">Ji\u017en\u00ed velitelstv\u00ed ozn\u00e1milo, \u017ee\u00a0\u00a0<\/span><a href=\"https:\/\/x.com\/Southcom\/status\/2029011785567572285\"><u><span dir=\"auto\">americk\u00e9 vojensk\u00e9 s\u00edly bojuj\u00ed v Ekv\u00e1doru\u00a0<\/span><\/u><\/a><span dir=\"auto\">\u00a0. Tvrd\u00ed, \u017ee bojuj\u00ed proti \u201enarkoterorismu\u201c.<\/span><\/p>\n<figure class=\"wp-block-image aligncenter\"><img decoding=\"async\" loading=\"lazy\" class=\"aligncenter\" src=\"https:\/\/i0.wp.com\/substackcdn.com\/image\/fetch\/%24s_%21sOn1%21%2Cw_1456%2Cc_limit%2Cf_auto%2Cq_auto%3Agood%2Cfl_progressive%3Asteep\/https%3A%2F%2Fsubstack-post-media.s3.amazonaws.com%2Fpublic%2Fimages%2Fde391ba8-9527-4771-84bc-25b07311f673_1063x505.png?resize=689%2C327&amp;ssl=1\" alt=\"\" width=\"577\" height=\"274\" \/><\/figure>\n<p><span dir=\"auto\">Ekv\u00e1dorsk\u00e1 vl\u00e1da podporovan\u00e1 USA je v\u0161ak velmi \u00fazce spjata s obchodem s drogami.<\/span><\/p>\n<p><span dir=\"auto\">Ekv\u00e1dorsk\u00fd pravicov\u00fd prezident Daniel Noboa m\u00e1 dvoj\u00ed ob\u010danstv\u00ed (americk\u00e9 a ekv\u00e1dorsk\u00e9) a je bl\u00edzk\u00fdm spojencem Trumpa.<\/span><\/p>\n<p><span dir=\"auto\">Noboa je synem nejbohat\u0161\u00edho ekv\u00e1dorsk\u00e9ho miliard\u00e1\u0159e a oligarchy. Jeho rodina je nechvaln\u011b zn\u00e1m\u00e1, jeliko\u017e \u010detn\u00e1 vy\u0161et\u0159ov\u00e1n\u00ed odhalila, \u017ee spole\u010dnost Noboa\u00a0\u00a0<\/span><a href=\"https:\/\/ijb.utoronto.ca\/news\/cocaine-and-bananas-fruit-shipments-from-ecuador-presidents-family-firm-allegedly-used-to-smuggle-drugs\/\"><span dir=\"auto\">je hluboce zapletena do obchodov\u00e1n\u00ed s drogami a pravideln\u011b\u00a0 pa\u0161uje\u00a0<\/span><\/a><a href=\"https:\/\/ijb.utoronto.ca\/news\/cocaine-and-bananas-fruit-shipments-from-ecuador-presidents-family-firm-allegedly-used-to-smuggle-drugs\/\"><span dir=\"auto\">kokain v bedn\u00e1ch s ban\u00e1ny\u00a0<\/span><\/a><span dir=\"auto\">\u00a0ze sv\u00fdch soukrom\u00fdch p\u0159\u00edstav\u016f.<\/span><\/p>\n<p><strong><span dir=\"auto\">Trumpova administrativa zavedla proti Kub\u011b drtivou ropnou blok\u00e1du.<\/span><\/strong><\/p>\n<h3 class=\"wp-block-heading\"><span dir=\"auto\">Zat\u00edmco americk\u00e1 vl\u00e1da vede n\u011bkolik v\u00e1lek v z\u00e1padn\u00ed Asii a Ekv\u00e1doru, v podstat\u011b vede tak\u00e9 v\u00e1lku proti Kub\u011b.<\/span><\/h3>\n<p><span dir=\"auto\">New York Times p\u0159ipustil, \u017ee\u00a0\u00a0<\/span><a href=\"https:\/\/www.nytimes.com\/2026\/02\/20\/world\/americas\/cuba-oil-blockade-trump.html\"><u><span dir=\"auto\">americk\u00e1 arm\u00e1da prov\u00e1d\u00ed n\u00e1mo\u0159n\u00ed blok\u00e1du Kuby\u00a0<\/span><\/u><\/a><span dir=\"auto\">\u00a0.<\/span><\/p>\n<p><span dir=\"auto\">Trumpova administrativa \u0161krt\u00ed mal\u00fd ostrovn\u00ed st\u00e1t t\u00edm, \u017ee mu br\u00e1n\u00ed v dovozu ropy ve snaze zhroutit kub\u00e1nskou ekonomiku a svrhnout revolu\u010dn\u00ed vl\u00e1du.<\/span><\/p>\n<p><span dir=\"auto\">N\u00e1mo\u0159n\u00ed blok\u00e1da Kuby pokra\u010duje, p\u0159esto\u017ee americk\u00e1 arm\u00e1da bombarduje \u00cdr\u00e1n.<\/span><\/p>\n<p><span dir=\"auto\">Agentura Bloomberg informovala, \u017ee\u00a0\u00a0<\/span><a href=\"https:\/\/www.bloomberg.com\/news\/articles\/2026-02-26\/tanker-carrying-russian-oil-diverts-from-cuba-as-shortages-bite\"><u><span dir=\"auto\">se Rusko koncem \u00fanora pokusilo poslat na Kubu ropn\u00fd tanker\u00a0<\/span><\/u><\/a><span dir=\"auto\">\u00a0, ale USA lo\u010f donutily k n\u00e1vratu, \u010d\u00edm\u017e zemi p\u0159ipravily o palivo.<\/span><\/p>\n<p><strong><span dir=\"auto\">Trump dr\u017e\u00ed rekord v po\u010dtu bombov\u00fdch \u00fatok\u016f na zem\u011b (10) ze v\u0161ech americk\u00fdch prezident\u016f.<\/span><\/strong><\/p>\n<h3 class=\"wp-block-heading\"><span dir=\"auto\">Trump, kter\u00fd si \u0159\u00edk\u00e1 \u201eprezident m\u00edru\u201c, bombardoval 10 zem\u00ed \u2013 v\u00edce ne\u017e kter\u00fdkoli jin\u00fd americk\u00fd prezident.<\/span><\/h3>\n<p><span dir=\"auto\">B\u011bhem sv\u00fdch dvou prezidentsk\u00fdch obdob\u00ed Trump bombardoval Afgh\u00e1nist\u00e1n, \u00cdr\u00e1n, Ir\u00e1k, Libyi, Nig\u00e9rii, P\u00e1kist\u00e1n, Som\u00e1lsko, S\u00fdrii, Venezuelu a Jemen.<\/span><\/p>\n<p><span dir=\"auto\">Jen v roce 2025, v prvn\u00edm roce sv\u00e9ho druh\u00e9ho funk\u010dn\u00edho obdob\u00ed, Trump bombardoval sedm zem\u00ed.<\/span><\/p>\n<figure class=\"wp-block-image aligncenter\"><img decoding=\"async\" class=\"aligncenter\" src=\"https:\/\/i0.wp.com\/substackcdn.com\/image\/fetch\/%24s_%21zaDl%21%2Cw_1456%2Cc_limit%2Cf_auto%2Cq_auto%3Agood%2Cfl_progressive%3Asteep\/https%3A%2F%2Fsubstack-post-media.s3.amazonaws.com%2Fpublic%2Fimages%2Fac3d2829-5b1f-42af-b901-fe2fa8ba29eb_1080x1351.png?resize=689%2C861&amp;ssl=1\" alt=\"https:\/\/www.aljazeera.com\/wp-content\/uploads\/2026\/03\/INTERACTIVE-US-ATTACKS-ON-COUNTRIES-SINCE-2001-bomb-attack-war-iran-iraq-afghanistan-1772551549.png\" \/><\/figure>\n<p><span dir=\"auto\">Trump ve skute\u010dnosti zah\u00e1jil svou agresivn\u00ed v\u00e1lku proti \u00cdr\u00e1nu jen n\u011bkolik t\u00fddn\u016f pot\u00e9, co\u00a0\u00a0<\/span><a href=\"https:\/\/www.youtube.com\/watch?v=q3nGsmSI3EQ\"><u><span dir=\"auto\">zalo\u017eil organizaci s n\u00e1zvem \u201eBoard of Peace\u00a0<\/span><\/u><\/a><span dir=\"auto\">\u00a0\u201c, co\u017e je v podstat\u011b pokus nahradit Organizaci spojen\u00fdch n\u00e1rod\u016f privatizovanou skupinou ovl\u00e1danou USA a samotn\u00fdm Trumpem.<\/span><\/p>\n<p><strong><span dir=\"auto\">Trump hroz\u00ed \u0160pan\u011blsku obchodn\u00edm embargem<\/span><\/strong><\/p>\n<h3 class=\"wp-block-heading\"><span dir=\"auto\">Zat\u00edmco se to v\u0161echno d\u011bje, Trump z\u00e1rove\u0148 vyhro\u017euje \u0160pan\u011blsku.<\/span><\/h3>\n<p><span dir=\"auto\">Madrid je trnem v oku Washingtonu. Jeho levicov\u00e1 vl\u00e1da podporuje Palestinu a\u00a0\u00a0<\/span><a href=\"https:\/\/www.globaltimes.cn\/page\/202511\/1348064.shtml\"><u><span dir=\"auto\">prohloubila vztahy s \u010c\u00ednou\u00a0<\/span><\/u><\/a><span dir=\"auto\">\u00a0.<\/span><\/p>\n<p><span dir=\"auto\">\u0160pan\u011blsko je nyn\u00ed jedin\u00fdm st\u00e1tem Evropsk\u00e9 unie, kter\u00fd se otev\u0159en\u011b vyslovil proti v\u00e1lce USA proti \u00cdr\u00e1nu.<\/span><\/p>\n<p><a href=\"https:\/\/www.politico.eu\/article\/spain-pedro-sanchez-emerges-eu-chief-critic-donald-trump-war-in-iran\/\"><u><span dir=\"auto\">\u0160pan\u011blsko v\u00e1lku odsoudilo\u00a0<\/span><\/u><\/a><span dir=\"auto\">\u00a0jako \u201eneopr\u00e1vn\u011bn\u00fd a nebezpe\u010dn\u00fd vojensk\u00fd z\u00e1sah\u201c a jasn\u00e9 \u201eporu\u0161en\u00ed mezin\u00e1rodn\u00edho pr\u00e1va\u201c. Madrid d\u016frazn\u011b vyzval k m\u00edru.<\/span><\/p>\n<p><span dir=\"auto\">Trump po\u017eadoval, aby evropsk\u00e9 zem\u011b povolily americk\u00e9 arm\u00e1d\u011b vyu\u017e\u00edvat jejich z\u00e1kladny k \u00fatoku na \u00cdr\u00e1n.<\/span><\/p>\n<p><span dir=\"auto\">Brit\u00e1nie poslu\u0161n\u011b\u00a0\u00a0<\/span><a href=\"https:\/\/www.bbc.com\/news\/articles\/cqj9g11p1ezo\"><u><span dir=\"auto\">umo\u017enila USA p\u0159\u00edstup k britsk\u00fdm vojensk\u00fdm z\u00e1kladn\u00e1m\u00a0<\/span><\/u><\/a><span dir=\"auto\">\u00a0.<\/span><\/p>\n<p><span dir=\"auto\">\u0160pan\u011blsko v\u0161ak odm\u00edtlo.\u00a0\u00a0<\/span><a href=\"https:\/\/www.reuters.com\/world\/middle-east\/us-aircraft-leave-spain-after-government-says-bases-cannot-be-used-iran-attacks-2026-03-02\/\"><u><span dir=\"auto\">Americk\u00e1 letadla musela opustit \u0161pan\u011blsk\u00e9 z\u00e1kladny\u00a0<\/span><\/u><\/a><span dir=\"auto\">\u00a0.<\/span><\/p>\n<p><span dir=\"auto\">To Trumpa rozzlobilo. Na tiskov\u00e9 konferenci v B\u00edl\u00e9m dom\u011b 3. b\u0159ezna Trump ost\u0159e za\u00fato\u010dil na Madrid.<\/span><\/p>\n<p><span dir=\"auto\">Americk\u00fd prezident\u00a0\u00a0<\/span><a href=\"https:\/\/www.bbc.com\/news\/articles\/c8r1mzd8vygo\"><u><span dir=\"auto\">pohrozil obchodn\u00edm embargem v\u016f\u010di \u0160pan\u011blsku\u00a0<\/span><\/u><\/a><span dir=\"auto\">\u00a0. Uvedl, \u017ee na\u0159\u00eddil ministrovi financ\u00ed Scottu Bessentovi pozastavit obchod s touto evropskou zem\u00ed.<\/span><\/p>\n<p><span dir=\"auto\">Pokud \u0160pan\u011blsko bude i nad\u00e1le odep\u00edrat Washingtonu p\u0159\u00edstup ke sv\u00fdm z\u00e1kladn\u00e1m, Trump pohrozil pou\u017eit\u00edm vojensk\u00e9 s\u00edly k p\u0159evzet\u00ed t\u011bchto za\u0159\u00edzen\u00ed.<\/span><\/p>\n<p><span dir=\"auto\">\u201e\u0160pan\u011blsko \u0159eklo, \u017ee nem\u016f\u017eeme pou\u017e\u00edvat jejich z\u00e1kladnu. A to je v po\u0159\u00e1dku. Nepot\u0159ebujeme ji. Mohli bychom ji pou\u017e\u00edt, kdybychom cht\u011bli. Mohli bychom tam prost\u011b let\u011bt a pou\u017e\u00edvat ji. Nikdo n\u00e1m v jej\u00edm pou\u017e\u00edv\u00e1n\u00ed nebr\u00e1n\u00ed,\u201c \u0159ekl Trump.<\/span><\/p>\n<p><span dir=\"auto\">Zat\u00edmco Trump vyhro\u017eoval \u0160pan\u011blsku, sed\u011bl vedle pravicov\u00e9ho n\u011bmeck\u00e9ho kancl\u00e9\u0159e\u00a0\u00a0<\/span><a href=\"https:\/\/www.thejournal.ie\/profile-friedrich-merz-german-election-6631842-Feb2025\/\"><u><span dir=\"auto\">Friedricha Merze, multimilion\u00e1\u0159e\u00a0<\/span><\/u><\/a><span dir=\"auto\">\u00a0, kter\u00fd vlastn\u00ed dva soukrom\u00e9 trysk\u00e1\u010de a d\u0159\u00edve vedl n\u011bmeckou pobo\u010dku wallstreetsk\u00e9ho giganta BlackRock.<\/span><\/p>\n<p><span dir=\"auto\">Na tiskov\u00e9 konferenci v B\u00edl\u00e9m dom\u011b se report\u00e9r zeptal Merze, zda podporuje n\u00e1vrh americk\u00e9ho prezidenta na potrest\u00e1n\u00ed \u0160pan\u011blska.\u00a0\u00a0<\/span><a href=\"https:\/\/x.com\/disclosetv\/status\/2028885697612902749\"><u><span dir=\"auto\">Merz souhlasil\u00a0<\/span><\/u><\/a><span dir=\"auto\">\u00a0. T\u00edm se otev\u0159en\u011b postavil na stranu Washingtonu proti dal\u0161\u00edmu \u010dlensk\u00e9mu st\u00e1tu EU.<\/span><\/p>\n<p><span dir=\"auto\">N\u011bmeck\u00e1 vl\u00e1da siln\u011b podporovala americko-izraelskou v\u00e1lku proti \u00cdr\u00e1nu. Merz dokonce argumentoval\u00a0\u00a0<\/span><a href=\"https:\/\/www.telegraph.co.uk\/world-news\/2026\/03\/02\/friedrich-merz-iran-not-be-protected-international-law\/\"><u><span dir=\"auto\">, \u017ee \u00cdr\u00e1n by nem\u011bl b\u00fdt chr\u00e1n\u011bn mezin\u00e1rodn\u00edm pr\u00e1vem\u00a0<\/span><\/u><\/a><span dir=\"auto\">\u00a0.<\/span><\/p>\n<p><span dir=\"auto\">Takzvan\u00fd \u201e\u0159\u00e1d zalo\u017een\u00fd na pravidlech\u201c Z\u00e1padu se z\u0159ejm\u011b vztahuje pouze na ur\u010dit\u00e9 zem\u011b.<\/span><\/p>\n<\/div>\n<\/div>\n<div class=\"elementor-element elementor-element-8c57238 quelle dc-has-condition dc-condition-empty elementor-widget elementor-widget-heading\" data-id=\"8c57238\" data-element_type=\"widget\" data-e-type=\"widget\" data-widget_type=\"heading.default\">\n<div class=\"elementor-widget-container\">\n<h3 class=\"elementor-heading-title elementor-size-default\"><span style=\"font-size: 10pt;\"><a href=\"https:\/\/www.geopoliticaleconomy.report\/p\/war-expands-while-bombing-iran-us?utm_source=post-email-title&amp;publication_id=457596&amp;post_id=189987537&amp;utm_campaign=email-post-title&amp;isFreemail=true&amp;r=flp3u&amp;triedRedirect=true&amp;utm_medium=email\" target=\"_blank\" rel=\"nofollow noopener\"><span dir=\"auto\">Zdroj<\/span><\/a><\/span><\/h3>\n<p>&nbsp;<\/p>\n<\/div>\n<\/div>\n","protected":false},"excerpt":{"rendered":"<p>Po v\u00e1lce proti \u00cdr\u00e1nu Izrael napadl Libanon a obl\u00e9hal p\u00e1smo Gazy. USA vyzbrojuj\u00ed Kurdy, st\u0159\u00edlej\u00ed&#8230;<\/p>\n","protected":false},"author":2,"featured_media":101274,"comment_status":"closed","ping_status":"closed","sticky":false,"template":"","format":"standard","meta":[],"categories":[7],"tags":[1042,107,37,40],"_links":{"self":[{"href":"https:\/\/www.infokuryr.cz\/n\/wp-json\/wp\/v2\/posts\/101273"}],"collection":[{"href":"https:\/\/www.infokuryr.cz\/n\/wp-json\/wp\/v2\/posts"}],"about":[{"href":"https:\/\/www.infokuryr.cz\/n\/wp-json\/wp\/v2\/types\/post"}],"author":[{"embeddable":true,"href":"https:\/\/www.infokuryr.cz\/n\/wp-json\/wp\/v2\/users\/2"}],"replies":[{"embeddable":true,"href":"https:\/\/www.infokuryr.cz\/n\/wp-json\/wp\/v2\/comments?post=101273"}],"version-history":[{"count":0,"href":"https:\/\/www.infokuryr.cz\/n\/wp-json\/wp\/v2\/posts\/101273\/revisions"}],"wp:featuredmedia":[{"embeddable":true,"href":"https:\/\/www.infokuryr.cz\/n\/wp-json\/wp\/v2\/media\/101274"}],"wp:attachment":[{"href":"https:\/\/www.infokuryr.cz\/n\/wp-json\/wp\/v2\/media?parent=101273"}],"wp:term":[{"taxonomy":"category","embeddable":true,"href":"https:\/\/www.infokuryr.cz\/n\/wp-json\/wp\/v2\/categories?post=101273"},{"taxonomy":"post_tag","embeddable":true,"href":"https:\/\/www.infokuryr.cz\/n\/wp-json\/wp\/v2\/tags?post=101273"}],"curies":[{"name":"wp","href":"https:\/\/api.w.org\/{rel}","templated":true}]}}