{"id":10126,"date":"2022-05-01T04:59:38","date_gmt":"2022-05-01T02:59:38","guid":{"rendered":"http:\/\/www.infokuryr.cz\/n\/?p=10126"},"modified":"2022-05-01T04:59:38","modified_gmt":"2022-05-01T02:59:38","slug":"jake-pravo-maji-ty-zeme-kritizovat-bezpecnostni-spolupraci-ciny-s-so","status":"publish","type":"post","link":"https:\/\/www.infokuryr.cz\/n\/2022\/05\/01\/jake-pravo-maji-ty-zeme-kritizovat-bezpecnostni-spolupraci-ciny-s-so\/","title":{"rendered":"Jak\u00e9 pr\u00e1vo maj\u00ed ty zem\u011b kritizovat bezpe\u010dnostn\u00ed spolupr\u00e1ci \u010c\u00edny s \u0160O"},"content":{"rendered":"<div id=\"fb-root\"><\/div>\n<p>N\u00e1m\u011bstek \u010d\u00ednsk\u00e9ho ministra zahrani\u010d\u00ed Xie Feng (Sie Feng) se 28. dubna prost\u0159ednictv\u00edm videa z\u00fa\u010dastnil slavnostn\u00edho otev\u0159en\u00ed Centra pro spolupr\u00e1ci p\u0159i \u0159e\u0161en\u00ed zm\u011bn klimatu mezi \u010c\u00ednou a tichomo\u0159sk\u00fdmi ostrovn\u00edmi zem\u011bmi a p\u0159ednesl projev. V reakci na ned\u00e1vn\u00e9 f\u00e1my a o\u010der\u0148ov\u00e1n\u00ed ze strany n\u011bkter\u00fdch zem\u00ed a na br\u00e1n\u011bn\u00ed a zasahov\u00e1n\u00ed do jedn\u00e1n\u00ed a podeps\u00e1n\u00ed r\u00e1mcov\u00e9 dohody o mezivl\u00e1dn\u00ed bezpe\u010dnostn\u00ed spolupr\u00e1ci mezi \u010c\u00ednou a \u0160alamounov\u00fdmi ostrovy Xie Feng vyj\u00e1d\u0159il sv\u00e9 z\u00e1va\u017en\u00e9 stanovisko hlavn\u00edm politik\u016fm tichomo\u0159sk\u00fdch ostrovn\u00edch zem\u00ed, diplomatick\u00fdm vyslanc\u016fm v \u010c\u00edn\u011b a \u010d\u00ednsk\u00fdm a zahrani\u010dn\u00edm m\u00e9di\u00edm, kte\u0159\u00ed byli p\u0159\u00edtomni na zah\u00e1jen\u00ed online nebo offline.<\/p>\n<p>Xie Feng \u0159ekl, \u017ee \u010c\u00edna a \u0160alamounovy ostrovy nez\u00e1visle vyjednaly a podepsaly r\u00e1mcovou dohodu o mezivl\u00e1dn\u00ed bezpe\u010dnostn\u00ed spolupr\u00e1ci, co\u017e je svat\u00e9 pr\u00e1vo obou suver\u00e9nn\u00edch zem\u00ed a jde o b\u011b\u017enou spolupr\u00e1ci v oblasti vym\u00e1h\u00e1n\u00ed pr\u00e1va a bezpe\u010dnosti v souladu s mezin\u00e1rodn\u00edm z\u00e1konem a pravidly. Bezpe\u010dnostn\u00ed spolupr\u00e1ce mezi \u010c\u00ednou a \u0160alamounov\u00fdmi ostrovy je otev\u0159en\u00e1 a transparentn\u00ed, nezam\u011b\u0159uje se na t\u0159et\u00ed strany a nen\u00ed v rozporu se spoluprac\u00ed mezi \u0160alamounov\u00fdmi ostrovy a dal\u0161\u00edmi partnery ani se st\u00e1vaj\u00edc\u00edmi region\u00e1ln\u00edmi mechanismy a je v souladu se spole\u010dn\u00fdm z\u00e1jmem \u0160alamounov\u00fdch ostrov\u016f a oblasti ji\u017en\u00edho Pacifiku. N\u011bkter\u00e9 zem\u011b v\u0161ak d\u00e1vaj\u00ed dohromady vojensk\u00e9 bloky, podn\u011bcuj\u00ed z\u00e1vody ve zbrojen\u00ed, zvy\u0161uj\u00ed riziko \u0161\u00ed\u0159en\u00ed jadern\u00fdch zbran\u00ed, vyvol\u00e1vaj\u00ed konfrontaci mezi t\u00e1bory a vedou k region\u00e1ln\u00edmu nap\u011bt\u00ed. Jak\u00e9 pr\u00e1vo maj\u00ed tyto zem\u011b, aby kritizovaly \u010c\u00ednu a \u0160alamounovy ostrovy? Jakou kvalifikaci m\u00e1 Austr\u00e1lie, aby vymezila\u201ekrajn\u00ed mez\u201c proti \u0160alamounov\u00fdm ostrov\u016fm, kter\u00e9 jsou vzd\u00e1len\u00e9 2.000 kilometr\u016f od Austr\u00e1lie, a proti \u010c\u00edn\u011b, kter\u00e1 je vzd\u00e1len\u00e1 tis\u00edce kilometr\u016f? Nejde o poru\u0161ov\u00e1n\u00ed suverenity jin\u00fdch zem\u00ed, vm\u011b\u0161ov\u00e1n\u00ed se do vnit\u0159n\u00edch z\u00e1le\u017eitost\u00ed jin\u00fdch zem\u00ed nebo poru\u0161ov\u00e1n\u00ed mezin\u00e1rodn\u00edch pravidel?<\/p>\n<p>Tich\u00fd oce\u00e1n je spole\u010dn\u00fdm domovem region\u00e1ln\u00edch zem\u00ed, nikoli n\u011b\u010d\u00edm \u201edvorkem\u201c nebo \u201e\u00fazem\u00edm\u201c. M\u011blo by to b\u00fdt velk\u00e9 jevi\u0161t\u011b pro mezin\u00e1rodn\u00ed spolupr\u00e1ci, nikoli ar\u00e9na pro geopolitick\u00e9 hry. Spravedlnost je v srdc\u00edch lid\u00ed. Lid\u00e9 tichomo\u0159sk\u00fdch ostrovn\u00edch zem\u00ed a mezin\u00e1rodn\u00ed spole\u010denstv\u00ed maj\u00ed bystr\u00e9 o\u010di a vid\u00ed, kdo udr\u017euje region\u00e1ln\u00ed m\u00edr, podporuje vz\u00e1jemn\u011b v\u00fdhodnou spolupr\u00e1ci a podporuje spole\u010dn\u00fd rozvoj, a kdo usiluje o hegemonii, vytv\u00e1\u0159\u00ed rozd\u011blen\u00ed a vyvol\u00e1v\u00e1 konfrontaci.<\/p>\n<p>Xie Feng dodal, \u017ee v\u00fdm\u011bna a spolupr\u00e1ce mezi \u010c\u00ednou a tichomo\u0159sk\u00fdmi ostrovn\u00edmi zem\u011bmi je zalo\u017eena na konceptu p\u0159\u00e1telstv\u00ed, up\u0159\u00edmnosti, rovnosti a konzultace, na z\u00e1klad\u011b principu vz\u00e1jemn\u00e9ho prosp\u011bchu a oboustrann\u011b v\u00fdhodn\u00fdch v\u00fdsledk\u016f a na c\u00edli spole\u010dn\u00e9ho rozvoje, a nejen podporuje prosperitu ostrovn\u00edch zem\u00ed a blahobyt lid\u00ed na obou stran\u00e1ch, ale tak\u00e9 p\u0159isp\u00edv\u00e1 k rozvoji obou zem\u00ed. \u010ciny jsou siln\u011bj\u0161\u00ed ne\u017e slova. \u010c\u00edna p\u0159i rozvoji vztah\u016f a spolupr\u00e1ce s tichomo\u0159sk\u00fdmi ostrovn\u00edmi zem\u011bmi nem\u00e1 za c\u00edl dos\u00e1hnout \u201esf\u00e9ry vlivu\u201c ani \u0161ikanovat, v\u017edy bude konstruktivn\u00ed silou pro m\u00edr a rozvoj.<\/p>\n<p><img decoding=\"async\" loading=\"lazy\" class=\"alignnone size-full wp-image-1185\" src=\"http:\/\/www.infokuryr.cz\/n\/wp-content\/uploads\/2021\/04\/kuryr-podpis.png\" alt=\"\" width=\"84\" height=\"24\" \/><\/p>\n<p>&nbsp;<\/p>\n","protected":false},"excerpt":{"rendered":"<p>N\u00e1m\u011bstek \u010d\u00ednsk\u00e9ho ministra zahrani\u010d\u00ed Xie Feng (Sie Feng) se 28. dubna prost\u0159ednictv\u00edm videa z\u00fa\u010dastnil slavnostn\u00edho&#8230;<\/p>\n","protected":false},"author":2,"featured_media":5571,"comment_status":"closed","ping_status":"closed","sticky":false,"template":"","format":"standard","meta":[],"categories":[7],"tags":[30,2270,1014],"_links":{"self":[{"href":"https:\/\/www.infokuryr.cz\/n\/wp-json\/wp\/v2\/posts\/10126"}],"collection":[{"href":"https:\/\/www.infokuryr.cz\/n\/wp-json\/wp\/v2\/posts"}],"about":[{"href":"https:\/\/www.infokuryr.cz\/n\/wp-json\/wp\/v2\/types\/post"}],"author":[{"embeddable":true,"href":"https:\/\/www.infokuryr.cz\/n\/wp-json\/wp\/v2\/users\/2"}],"replies":[{"embeddable":true,"href":"https:\/\/www.infokuryr.cz\/n\/wp-json\/wp\/v2\/comments?post=10126"}],"version-history":[{"count":0,"href":"https:\/\/www.infokuryr.cz\/n\/wp-json\/wp\/v2\/posts\/10126\/revisions"}],"wp:featuredmedia":[{"embeddable":true,"href":"https:\/\/www.infokuryr.cz\/n\/wp-json\/wp\/v2\/media\/5571"}],"wp:attachment":[{"href":"https:\/\/www.infokuryr.cz\/n\/wp-json\/wp\/v2\/media?parent=10126"}],"wp:term":[{"taxonomy":"category","embeddable":true,"href":"https:\/\/www.infokuryr.cz\/n\/wp-json\/wp\/v2\/categories?post=10126"},{"taxonomy":"post_tag","embeddable":true,"href":"https:\/\/www.infokuryr.cz\/n\/wp-json\/wp\/v2\/tags?post=10126"}],"curies":[{"name":"wp","href":"https:\/\/api.w.org\/{rel}","templated":true}]}}